{"id":16407,"date":"2022-03-12T03:05:00","date_gmt":"2022-03-12T09:05:00","guid":{"rendered":"http:\/\/www.salgadonoticias.com\/?p=16407"},"modified":"2022-03-11T16:20:28","modified_gmt":"2022-03-11T22:20:28","slug":"forzoso-aplicacion-de-vacuna-a-menores-de-edad","status":"publish","type":"post","link":"http:\/\/www.salgadonoticias.com\/?p=16407","title":{"rendered":"\u00a1\u00a1\u00a1Forzoso!!!&#8230;Aplicaci\u00f3n de vacuna a Menores de Edad\u2026!!!"},"content":{"rendered":"<p>Views: 11<\/p>\n<p>.<\/p>\n\n\n\n<p>La<span style=\"color:#048bc5\" class=\"has-inline-color\"> <strong>Suprema Corte de Justicia<\/strong><\/span>,<strong><span style=\"color:#a30004\" class=\"has-inline-color\"> DETERMINO<\/span><\/strong> que se <span style=\"color:#a30035\" class=\"has-inline-color\"><strong>deber\u00e1<\/strong> <strong>aplicar<\/strong><\/span> la <strong><span style=\"color:#0013a3\" class=\"has-inline-color\">vacuna<\/span><\/strong> a <strong><span class=\"has-inline-color has-vivid-red-color\">menores de 12 a 16 a\u00f1os<\/span><\/strong> de edad <strong>contra <\/strong>el virus<strong> SARS-CoV-2,<\/strong> para <strong><span style=\"color:#012737\" class=\"has-inline-color\">PREVENIR<\/span><\/strong> la<span style=\"color:#024562\" class=\"has-inline-color\"> <strong>COVID-19<\/strong>,<\/span> esto conforme a lo previsto en el art\u00edculo 126 de la Ley de Amparo, pues de <span class=\"has-inline-color has-luminous-vivid-orange-color\"><strong>no hacerlo<\/strong> <\/span>se <strong><span class=\"has-inline-color has-luminous-vivid-orange-color\">pondr\u00eda<\/span><\/strong> en <strong><span class=\"has-inline-color has-luminous-vivid-orange-color\">peligro<\/span><\/strong> su <strong><span class=\"has-inline-color has-luminous-vivid-orange-color\">vida<\/span><\/strong>, que constituye el bien jur\u00eddico de m\u00e1s alto valor contenido en la Constituci\u00f3n General.<\/p>\n\n\n\n<p>.<\/p>\n\n\n\n<p><\/p>\n\n\n\n<p>Lo anterior es porque el Gobierno de M\u00e9xico emiti\u00f3 el documento denominado &#8220;Pol\u00edtica Nacional de Vacunaci\u00f3n contra el virus SARS-CoV-2, para la prevenci\u00f3n de la COVID-19 en M\u00e9xico&#8221;, actualizado el once de mayo de dos mil veintiuno, que constituye el documento rector que contiene las directrices bajo las cuales M\u00e9xico desplegar\u00e1 sus acciones en lo relativo a la aplicaci\u00f3n de las vacunas contra la COVID-19. Dicho plan de vacunaci\u00f3n consiste en 5 etapas por grupos poblacionales, priorizados de la siguiente manera: <\/p>\n\n\n\n<p>1. Personal sanitario que enfrenta la COVID-19; <\/p>\n\n\n\n<p>2. Personas adultas mayores: mayores de 80 a\u00f1os, de 70 a 79 a\u00f1os y de 60 a 69 a\u00f1os; <\/p>\n\n\n\n<p>3. Personas con comorbilidad o comorbilidades; <\/p>\n\n\n\n<p>4. Personal docente de las entidades federativas en sem\u00e1foro epidemiol\u00f3gico verde; y, <\/p>\n\n\n\n<p>5. <strong>Resto de la poblaci\u00f3n<\/strong> <span class=\"has-inline-color has-vivid-red-color\"><strong>(mayor a 16 a\u00f1os)<\/strong><\/span>. De lo anterior se desprende que los <span style=\"color:#860408\" class=\"has-inline-color\"><strong>menores de 16 a\u00f1os<\/strong> <strong>quedaron excluidos<\/strong><\/span> del mencionado plan de vacunaci\u00f3n, <strong><u>a pesar de existir evidencia cient\u00edfica en el sentido de que tambi\u00e9n pueden contraer el virus, enfermar gravemente e, incluso, fallecer.<\/u><\/strong><\/p>\n\n\n\n<p>.<\/p>\n\n\n\n<p>Cabe destacar que a estos <strong><span style=\"color:#00a39d\" class=\"has-inline-color\">menores se les debe vacunar<\/span><\/strong> conforme a las autorizaciones emitidas por la Comisi\u00f3n Federal para la Protecci\u00f3n contra Riesgos Sanitarios (Cofepris), quien aprob\u00f3 para uso de emergencia la vacuna <span style=\"color:#00a3a1\" class=\"has-inline-color\"><strong>Pfizer-BioNTech<\/strong>,<\/span> para su posible aplicaci\u00f3n a partir de los 12 a\u00f1os, siempre y cuando se cuente con la opini\u00f3n m\u00e9dica de un especialista en relaci\u00f3n con su aplicaci\u00f3n.<\/p>\n\n\n\n<p>.<\/p>\n\n\n\n<p>Esta es una <strong>resoluci\u00f3n<\/strong> de aplicaci\u00f3n <span class=\"has-inline-color has-vivid-red-color\"><strong>OBLIGAROTIRA<\/strong> <\/span>en todo el pa\u00eds.<\/p>\n\n\n\n<p>.<\/p>\n\n\n\n<p>.<\/p>\n\n\n\n<p>Si estas en el <strong><span class=\"has-inline-color has-vivid-red-color\">Extranjero <\/span><\/strong>nosotros somos tu <strong><span class=\"has-inline-color has-vivid-green-cyan-color\">mejor<\/span><\/strong> alternativa para <strong><span class=\"has-inline-color has-luminous-vivid-orange-color\">velar<\/span><\/strong> por tus <strong><span class=\"has-inline-color has-vivid-cyan-blue-color\">intereses<\/span><\/strong>.<\/p>\n\n\n\n<p>.<\/p>\n\n\n\n<p><\/p>\n\n\n\n<p>Cuando<strong> necesites<\/strong> ayuda, <strong>asistencia<\/strong> o <strong>planeaci\u00f3n<\/strong> legal, <strong>solicita<\/strong> <strong>Cita Privada<\/strong> <a rel=\"noreferrer noopener\" href=\"mailto:bi@sm99.mx\" target=\"_blank\"><strong>Aqu\u00ed<\/strong><\/a><\/p>\n\n\n\n<p>La informaci\u00f3n que AQU\u00cd te presentamos <strong>deriva<\/strong> de los <strong>Peri\u00f3dicos Oficiales <\/strong>de la<strong> CdMx<\/strong>, <strong>Estado<\/strong> de Mex., Diario <strong>Oficial<\/strong> de la Federaci\u00f3n, Suprema Corte de<strong> Justicia<\/strong> de la Naci\u00f3n, por lo tanto es de <strong>aplicaci\u00f3n OBLIGATORIA<\/strong><\/p>\n\n\n\n<p>Esta informaci\u00f3n procede de la SCJN.<\/p>\n\n\n\n<p><strong><span class=\"has-inline-color has-luminous-vivid-orange-color\">AY\u00daDANOS<\/span><\/strong> para que m\u00e1s personas conozcan esta informaci\u00f3n, <strong>Comp\u00e1rtelo<\/strong> en tus redes sociales. ?<\/p>\n","protected":false},"excerpt":{"rendered":"<p>Views: 11 . La Suprema Corte de Justicia, DETERMINO que se deber\u00e1 aplicar la vacuna a menores de 12 a 16 a\u00f1os de edad contra el virus SARS-CoV-2, para PREVENIR la COVID-19, esto conforme a lo previsto en el art\u00edculo 126 de la Ley de Amparo, pues de no hacerlo se pondr\u00eda en peligro su [&hellip;]<\/p>\n","protected":false},"author":3,"featured_media":16409,"comment_status":"closed","ping_status":"open","sticky":false,"template":"","format":"standard","meta":{"_jetpack_memberships_contains_paid_content":false,"footnotes":""},"categories":[1],"tags":[],"jetpack_sharing_enabled":true,"jetpack_featured_media_url":"http:\/\/www.salgadonoticias.com\/wp-content\/uploads\/2022\/03\/vacuna.jpeg","_links":{"self":[{"href":"http:\/\/www.salgadonoticias.com\/index.php?rest_route=\/wp\/v2\/posts\/16407"}],"collection":[{"href":"http:\/\/www.salgadonoticias.com\/index.php?rest_route=\/wp\/v2\/posts"}],"about":[{"href":"http:\/\/www.salgadonoticias.com\/index.php?rest_route=\/wp\/v2\/types\/post"}],"author":[{"embeddable":true,"href":"http:\/\/www.salgadonoticias.com\/index.php?rest_route=\/wp\/v2\/users\/3"}],"replies":[{"embeddable":true,"href":"http:\/\/www.salgadonoticias.com\/index.php?rest_route=%2Fwp%2Fv2%2Fcomments&post=16407"}],"version-history":[{"count":3,"href":"http:\/\/www.salgadonoticias.com\/index.php?rest_route=\/wp\/v2\/posts\/16407\/revisions"}],"predecessor-version":[{"id":16413,"href":"http:\/\/www.salgadonoticias.com\/index.php?rest_route=\/wp\/v2\/posts\/16407\/revisions\/16413"}],"wp:featuredmedia":[{"embeddable":true,"href":"http:\/\/www.salgadonoticias.com\/index.php?rest_route=\/wp\/v2\/media\/16409"}],"wp:attachment":[{"href":"http:\/\/www.salgadonoticias.com\/index.php?rest_route=%2Fwp%2Fv2%2Fmedia&parent=16407"}],"wp:term":[{"taxonomy":"category","embeddable":true,"href":"http:\/\/www.salgadonoticias.com\/index.php?rest_route=%2Fwp%2Fv2%2Fcategories&post=16407"},{"taxonomy":"post_tag","embeddable":true,"href":"http:\/\/www.salgadonoticias.com\/index.php?rest_route=%2Fwp%2Fv2%2Ftags&post=16407"}],"curies":[{"name":"wp","href":"https:\/\/api.w.org\/{rel}","templated":true}]}}