{"id":22795,"date":"2023-06-19T00:15:00","date_gmt":"2023-06-19T06:15:00","guid":{"rendered":"http:\/\/www.salgadonoticias.com\/?p=22795"},"modified":"2023-06-19T15:14:21","modified_gmt":"2023-06-19T21:14:21","slug":"22795","status":"publish","type":"post","link":"http:\/\/www.salgadonoticias.com\/?p=22795","title":{"rendered":"Hay NUEVO Reglamento para C\u00e1rceles en el EdoMex&#8230;!!!"},"content":{"rendered":"<p>Views: 35<\/p>\n<p>.<\/p>\n\n\n\n<figure class=\"wp-block-embed is-type-video is-provider-youtube wp-block-embed-youtube wp-embed-aspect-16-9 wp-has-aspect-ratio\"><div class=\"wp-block-embed__wrapper\">\n<iframe loading=\"lazy\" title=\"Polic\u00edas CdMx Ser\u00e1n Capacitados en Primeros Auxilios; NUEVO Reglamento para C\u00e1rceles Edomex\" width=\"640\" height=\"360\" src=\"https:\/\/www.youtube.com\/embed\/Eo3B7XZSJzY?feature=oembed\" frameborder=\"0\" allow=\"accelerometer; autoplay; clipboard-write; encrypted-media; gyroscope; picture-in-picture; web-share\" referrerpolicy=\"strict-origin-when-cross-origin\" allowfullscreen><\/iframe>\n<\/div><\/figure>\n\n\n\n<p>.<\/p>\n\n\n\n<p><strong>Luego de <mark style=\"background-color:rgba(0, 0, 0, 0)\" class=\"has-inline-color has-vivid-red-color\">31 a\u00f1os<\/mark><\/strong> se expide un <strong>Nuevo<\/strong> Reglamento de la <strong>Ley de los Centros <mark style=\"background-color:rgba(0, 0, 0, 0)\" class=\"has-inline-color has-vivid-red-color\">Penitenciarios<\/mark><\/strong>, cuenta con <strong><mark style=\"background-color:rgba(0, 0, 0, 0)\" class=\"has-inline-color has-vivid-red-color\">189 art\u00edculos<\/mark><\/strong> en los que se determina, entre otros puntos lo siguiente:<\/p>\n\n\n\n<ul>\n<li><strong><mark style=\"background-color:rgba(0, 0, 0, 0)\" class=\"has-inline-color has-vivid-red-color\">Operaci\u00f3n<\/mark><\/strong> de los Centros Penitenciarios<\/li>\n\n\n\n<li><strong>Seguridad <\/strong><mark style=\"background-color:rgba(0, 0, 0, 0)\" class=\"has-inline-color has-vivid-red-color\"><strong>procesal<\/strong> <\/mark>(ingresos, registro, traslados y egresos)<\/li>\n<\/ul>\n\n\n\n<p>Los <mark style=\"background-color:#f8cd57\" class=\"has-inline-color has-black-color\"><strong>derechos<\/strong> y <strong>obligaciones<\/strong><\/mark> de los reclusos<\/p>\n\n\n\n<ul>\n<li>Servicios Educativos, culturales, deportivos y m\u00e9dicos-psiqui\u00e1tricos entre otros.<\/li>\n\n\n\n<li><strong><mark style=\"background-color:rgba(0, 0, 0, 0)\" class=\"has-inline-color has-vivid-cyan-blue-color\">Derecho a la capacitaci\u00f3n y el trabajo<\/mark><\/strong><\/li>\n\n\n\n<li>Para las<mark style=\"background-color:rgba(0, 0, 0, 0)\" class=\"has-inline-color has-black-color\"><strong> <\/strong><\/mark><mark style=\"background-color:#7bdcb5\" class=\"has-inline-color has-black-color\"><strong>visitas<\/strong> <strong>familiares<\/strong><\/mark> los<strong> reclusos<\/strong> podr\u00e1n <strong><mark style=\"background-color:#7bdcb5\" class=\"has-inline-color\">recibir<\/mark> <\/strong>visitas Religiosas, humanitarias y asistenciales, adem\u00e1s de las ya establecidas<strong>.<\/strong><\/li>\n\n\n\n<li><strong><mark style=\"background-color:rgba(0, 0, 0, 0)\" class=\"has-inline-color has-vivid-red-color\">Sanciones disciplinarias<\/mark><\/strong><\/li>\n\n\n\n<li>Entra en <strong>vigor<\/strong> a partir de <strong>esta semana<\/strong> y se aplicar\u00e1 en los 21 centros penitencias del EdoMex.<\/li>\n\n\n\n<li><strong>Desaparece<\/strong> el Reglamento de 1992 y el Reglamento de las Preceptor\u00edas Juveniles Regionales de 2013.<\/li>\n<\/ul>\n\n\n\n<p>.<\/p>\n\n\n\n<p>Da click aqu\u00ed ? para ver Reglamento completo&#8230;<\/p>\n\n\n\n<p><a href=\"https:\/\/legislacion.edomex.gob.mx\/sites\/legislacion.edomex.gob.mx\/files\/files\/pdf\/gct\/2023\/junio\/jun161\/jun161c.pdf\">https:\/\/legislacion.edomex.gob.mx\/sites\/legislacion.edomex.gob.mx\/files\/files\/pdf\/gct\/2023\/junio\/jun161\/jun161c.pdf<\/a><\/p>\n\n\n\n<p>.<\/p>\n\n\n\n<p>Si estas en el <strong><mark style=\"background-color:rgba(0, 0, 0, 0)\" class=\"has-inline-color has-vivid-red-color\">Extranjero <\/mark><\/strong>nosotros somos tu <strong><mark style=\"background-color:rgba(0, 0, 0, 0)\" class=\"has-inline-color has-vivid-green-cyan-color\">mejor<\/mark><\/strong> alternativa para <strong><mark style=\"background-color:rgba(0, 0, 0, 0)\" class=\"has-inline-color has-luminous-vivid-orange-color\">velar<\/mark><\/strong> por tus <strong><mark style=\"background-color:rgba(0, 0, 0, 0)\" class=\"has-inline-color has-vivid-cyan-blue-color\">intereses<\/mark><\/strong>.<\/p>\n\n\n\n<p>.<\/p>\n\n\n\n<p>Cuando<strong> necesites<\/strong> ayuda, <strong>asistencia<\/strong> o <strong>planeaci\u00f3n<\/strong> legal, <strong>solicita<\/strong> <strong>Cita Privada<\/strong> <a rel=\"noreferrer noopener\" href=\"mailto:bi@sm99.mx\" target=\"_blank\"><strong>Aqu\u00ed<\/strong><\/a><\/p>\n\n\n\n<p>La informaci\u00f3n que AQU\u00cd te presentamos <strong>deriva<\/strong> de los <strong>Peri\u00f3dicos Oficiales <\/strong>de la<strong> CdMx<\/strong>, <strong>Estado<\/strong> de Mex., Diario <strong>Oficial<\/strong> de la Federaci\u00f3n, Suprema Corte de<strong> Justicia<\/strong> de la Naci\u00f3n, por lo tanto es de <strong>aplicaci\u00f3n OBLIGATORIA<\/strong><\/p>\n\n\n\n<p>Esta informaci\u00f3n procede de la Gaceta del EdoMex.<\/p>\n\n\n\n<p><\/p>\n\n\n\n<p><strong><mark style=\"background-color:rgba(0, 0, 0, 0)\" class=\"has-inline-color has-luminous-vivid-orange-color\">AY\u00daDANOS<\/mark><\/strong> para que m\u00e1s personas conozcan esta informaci\u00f3n, <strong>Comp\u00e1rtelo<\/strong> en tus redes sociales. ?<\/p>\n","protected":false},"excerpt":{"rendered":"<p>Views: 35 . . Luego de 31 a\u00f1os se expide un Nuevo Reglamento de la Ley de los Centros Penitenciarios, cuenta con 189 art\u00edculos en los que se determina, entre otros puntos lo siguiente: Los derechos y obligaciones de los reclusos . Da click aqu\u00ed ? para ver Reglamento completo&#8230; https:\/\/legislacion.edomex.gob.mx\/sites\/legislacion.edomex.gob.mx\/files\/files\/pdf\/gct\/2023\/junio\/jun161\/jun161c.pdf . Si estas en [&hellip;]<\/p>\n","protected":false},"author":3,"featured_media":22801,"comment_status":"closed","ping_status":"open","sticky":false,"template":"","format":"standard","meta":{"_jetpack_memberships_contains_paid_content":false,"footnotes":""},"categories":[8],"tags":[],"jetpack_sharing_enabled":true,"jetpack_featured_media_url":"http:\/\/www.salgadonoticias.com\/wp-content\/uploads\/2023\/06\/MVO-Penitenciario-r.jpg","_links":{"self":[{"href":"http:\/\/www.salgadonoticias.com\/index.php?rest_route=\/wp\/v2\/posts\/22795"}],"collection":[{"href":"http:\/\/www.salgadonoticias.com\/index.php?rest_route=\/wp\/v2\/posts"}],"about":[{"href":"http:\/\/www.salgadonoticias.com\/index.php?rest_route=\/wp\/v2\/types\/post"}],"author":[{"embeddable":true,"href":"http:\/\/www.salgadonoticias.com\/index.php?rest_route=\/wp\/v2\/users\/3"}],"replies":[{"embeddable":true,"href":"http:\/\/www.salgadonoticias.com\/index.php?rest_route=%2Fwp%2Fv2%2Fcomments&post=22795"}],"version-history":[{"count":7,"href":"http:\/\/www.salgadonoticias.com\/index.php?rest_route=\/wp\/v2\/posts\/22795\/revisions"}],"predecessor-version":[{"id":22832,"href":"http:\/\/www.salgadonoticias.com\/index.php?rest_route=\/wp\/v2\/posts\/22795\/revisions\/22832"}],"wp:featuredmedia":[{"embeddable":true,"href":"http:\/\/www.salgadonoticias.com\/index.php?rest_route=\/wp\/v2\/media\/22801"}],"wp:attachment":[{"href":"http:\/\/www.salgadonoticias.com\/index.php?rest_route=%2Fwp%2Fv2%2Fmedia&parent=22795"}],"wp:term":[{"taxonomy":"category","embeddable":true,"href":"http:\/\/www.salgadonoticias.com\/index.php?rest_route=%2Fwp%2Fv2%2Fcategories&post=22795"},{"taxonomy":"post_tag","embeddable":true,"href":"http:\/\/www.salgadonoticias.com\/index.php?rest_route=%2Fwp%2Fv2%2Ftags&post=22795"}],"curies":[{"name":"wp","href":"https:\/\/api.w.org\/{rel}","templated":true}]}}