{"id":22885,"date":"2023-06-23T00:30:00","date_gmt":"2023-06-23T06:30:00","guid":{"rendered":"http:\/\/www.salgadonoticias.com\/?p=22885"},"modified":"2023-06-23T18:54:30","modified_gmt":"2023-06-24T00:54:30","slug":"22885","status":"publish","type":"post","link":"http:\/\/www.salgadonoticias.com\/?p=22885","title":{"rendered":"Servidores P\u00fablicos del P Judicial EdoMex ser\u00e1n SANCIONADOS por faltas ADMINISTRATIVAS&#8230;!!!"},"content":{"rendered":"<p>Views: 16<\/p>\n<p>.<\/p>\n\n\n\n<figure class=\"wp-block-embed is-type-video is-provider-youtube wp-block-embed-youtube wp-embed-aspect-16-9 wp-has-aspect-ratio\"><div class=\"wp-block-embed__wrapper\">\n<iframe loading=\"lazy\" title=\"Servidores P\u00fablicos del Poder Judicial Edomex podr\u00e1n ser SANCIONADOS por Faltas Administrativas\ufffc\" width=\"640\" height=\"360\" src=\"https:\/\/www.youtube.com\/embed\/5ionCQ4V-G4?feature=oembed\" frameborder=\"0\" allow=\"accelerometer; autoplay; clipboard-write; encrypted-media; gyroscope; picture-in-picture; web-share\" referrerpolicy=\"strict-origin-when-cross-origin\" allowfullscreen><\/iframe>\n<\/div><\/figure>\n\n\n\n<p>.<\/p>\n\n\n\n<p>Servidores P\u00fablicos del <strong>Poder Judicial <\/strong>del EdoMex, ser\u00e1n responsables y <strong>sancionados <\/strong>de las <strong>faltas<\/strong> que comentan en el ejercicio de sus cargos.<\/p>\n\n\n\n<p>.<\/p>\n\n\n\n<p>Se reforma la Ley Org\u00e1nica del Poder Judicial, y se establecen las <strong><mark style=\"background-color:#fcb900\" class=\"has-inline-color\">SANCIONES<\/mark><\/strong> administrativas que se aplicar\u00e1n a las y los <strong><mark style=\"background-color:rgba(0, 0, 0, 0);color:#410976\" class=\"has-inline-color\">servidores<\/mark><\/strong> p\u00fablicos del <strong><mark style=\"background-color:rgba(0, 0, 0, 0)\" class=\"has-inline-color has-vivid-red-color\">Poder Judicial<\/mark> <\/strong>por <strong>actos u omisiones<\/strong> cometidas y que afecten la <strong><mark style=\"background-color:rgba(0, 0, 0, 0)\" class=\"has-inline-color has-vivid-red-color\">legalidad, honradez, lealtad, imparcialidad <\/mark><mark style=\"background-color:rgba(0, 0, 0, 0)\" class=\"has-inline-color has-black-color\">y <\/mark><mark style=\"background-color:rgba(0, 0, 0, 0)\" class=\"has-inline-color has-vivid-red-color\">eficiencia<\/mark><\/strong> en el <strong>desempe\u00f1o de sus cargos<\/strong>.<\/p>\n\n\n\n<p>.<\/p>\n\n\n\n<p>Estos cambios tambi\u00e9n determinan que las faltas administrativas <strong><mark style=\"background-color:rgba(0, 0, 0, 0)\" class=\"has-inline-color has-vivid-red-color\">pueden<\/mark><\/strong> ser \u201c<strong>NO graves\u201d <\/strong>y<strong> \u201cGRAVES\u201d <\/strong>y dependiendo del caso ser\u00e1n las <strong>sanciones<\/strong>:<\/p>\n\n\n\n<p><strong><mark style=\"background-color:rgba(0, 0, 0, 0)\" class=\"has-inline-color has-luminous-vivid-orange-color\">NO graves:<\/mark><\/strong><\/p>\n\n\n\n<ul>\n<li>Apercibimiento<\/li>\n\n\n\n<li>Amonestaciones<\/li>\n\n\n\n<li><strong><mark style=\"background-color:rgba(0, 0, 0, 0);color:#066a46\" class=\"has-inline-color\">Sanci\u00f3n econ\u00f3mica de $311.22 hasta $51,870.00<\/mark><\/strong><\/li>\n\n\n\n<li><strong>Suspensi\u00f3n<\/strong> x hasta <strong>30 d\u00edas sin sueldo<\/strong><\/li>\n\n\n\n<li>Destituci\u00f3n<\/li>\n\n\n\n<li>Inhabilitaci\u00f3n<\/li>\n<\/ul>\n\n\n\n<p>.<\/p>\n\n\n\n<p><strong><mark style=\"background-color:rgba(0, 0, 0, 0);color:#940606\" class=\"has-inline-color\">GRAVES<\/mark><\/strong><\/p>\n\n\n\n<ul>\n<li><mark style=\"background-color:rgba(0, 0, 0, 0);color:#a54704\" class=\"has-inline-color\"><strong>Suspensi\u00f3n<\/strong> x hasta <strong>90 d\u00edas sin sueldo<\/strong><\/mark><\/li>\n\n\n\n<li>Destituci\u00f3n<\/li>\n\n\n\n<li>La <strong><mark style=\"background-color:rgba(0, 0, 0, 0);color:#480687\" class=\"has-inline-color\">Sanci\u00f3n econ\u00f3mica<\/mark> <\/strong>ser\u00e1 de:\n<ul>\n<li><mark style=\"background-color:#bceeda\" class=\"has-inline-color\"><strong>Dos <\/strong>tantos del beneficio obtenido por su falta.<\/mark><\/li>\n<\/ul>\n<\/li>\n\n\n\n<li>Inhabilitaci\u00f3n <strong>temporal <\/strong>de hasta 20 a\u00f1os.<\/li>\n<\/ul>\n\n\n\n<p>En caso de que estos actos <strong>sean <mark style=\"background-color:rgba(0, 0, 0, 0)\" class=\"has-inline-color has-vivid-red-color\">graves<\/mark><\/strong>, los <strong>plazos de prescripci\u00f3n<\/strong> no ser\u00e1n inferiores a <strong>siete a\u00f1os<\/strong>.<\/p>\n\n\n\n<p>.<\/p>\n\n\n\n<p>Adem\u00e1s, establecen la noci\u00f3n de la <strong><mark style=\"background-color:rgba(0, 0, 0, 0)\" class=\"has-inline-color has-vivid-red-color\">calidad <\/mark><\/strong>de la o del servidor p\u00fablico y su&nbsp;<strong>obligaci\u00f3n de presentar su declaraci\u00f3n patrimonial y de intereses<\/strong>.<\/p>\n\n\n\n<p>.<\/p>\n\n\n\n<p><strong>Las sanciones empezaran a aplicarse a partir de esta semana.<\/strong><\/p>\n\n\n\n<p>.<\/p>\n\n\n\n<p>Si estas en el <strong><mark style=\"background-color:rgba(0, 0, 0, 0)\" class=\"has-inline-color has-vivid-red-color\">Extranjero <\/mark><\/strong>nosotros somos tu <strong><mark style=\"background-color:rgba(0, 0, 0, 0)\" class=\"has-inline-color has-vivid-green-cyan-color\">mejor<\/mark><\/strong> alternativa para <strong><mark style=\"background-color:rgba(0, 0, 0, 0)\" class=\"has-inline-color has-luminous-vivid-orange-color\">velar<\/mark><\/strong> por tus <strong><mark style=\"background-color:rgba(0, 0, 0, 0)\" class=\"has-inline-color has-vivid-cyan-blue-color\">intereses<\/mark><\/strong>.<\/p>\n\n\n\n<p>.<\/p>\n\n\n\n<p>Cuando<strong> necesites<\/strong> ayuda, <strong>asistencia<\/strong> o <strong>planeaci\u00f3n<\/strong> legal, <strong>solicita<\/strong> <strong>Cita Privada<\/strong> <a rel=\"noreferrer noopener\" href=\"mailto:bi@sm99.mx\" target=\"_blank\"><strong>Aqu\u00ed<\/strong><\/a><\/p>\n\n\n\n<p>La informaci\u00f3n que AQU\u00cd te presentamos <strong>deriva<\/strong> de los <strong>Peri\u00f3dicos Oficiales <\/strong>de la<strong> CdMx<\/strong>, <strong>Estado<\/strong> de Mex., Diario <strong>Oficial<\/strong> de la Federaci\u00f3n, Suprema Corte de<strong> Justicia<\/strong> de la Naci\u00f3n, por lo tanto es de <strong>aplicaci\u00f3n OBLIGATORIA<\/strong><\/p>\n\n\n\n<p>Esta informaci\u00f3n procede de la Gaceta de la CdMx.<\/p>\n\n\n\n<p><strong><mark style=\"background-color:rgba(0, 0, 0, 0)\" class=\"has-inline-color has-luminous-vivid-orange-color\">AY\u00daDANOS<\/mark><\/strong> para que m\u00e1s personas conozcan esta informaci\u00f3n, <strong>Comp\u00e1rtelo<\/strong> en tus redes sociales. ?<\/p>\n\n\n\n<p><\/p>\n\n\n\n<p><\/p>\n","protected":false},"excerpt":{"rendered":"<p>Views: 16 . . Servidores P\u00fablicos del Poder Judicial del EdoMex, ser\u00e1n responsables y sancionados de las faltas que comentan en el ejercicio de sus cargos. . Se reforma la Ley Org\u00e1nica del Poder Judicial, y se establecen las SANCIONES administrativas que se aplicar\u00e1n a las y los servidores p\u00fablicos del Poder Judicial por actos [&hellip;]<\/p>\n","protected":false},"author":3,"featured_media":22886,"comment_status":"closed","ping_status":"open","sticky":false,"template":"","format":"standard","meta":{"_jetpack_memberships_contains_paid_content":false,"footnotes":""},"categories":[8],"tags":[],"jetpack_sharing_enabled":true,"jetpack_featured_media_url":"http:\/\/www.salgadonoticias.com\/wp-content\/uploads\/2023\/06\/faltas.jpg","_links":{"self":[{"href":"http:\/\/www.salgadonoticias.com\/index.php?rest_route=\/wp\/v2\/posts\/22885"}],"collection":[{"href":"http:\/\/www.salgadonoticias.com\/index.php?rest_route=\/wp\/v2\/posts"}],"about":[{"href":"http:\/\/www.salgadonoticias.com\/index.php?rest_route=\/wp\/v2\/types\/post"}],"author":[{"embeddable":true,"href":"http:\/\/www.salgadonoticias.com\/index.php?rest_route=\/wp\/v2\/users\/3"}],"replies":[{"embeddable":true,"href":"http:\/\/www.salgadonoticias.com\/index.php?rest_route=%2Fwp%2Fv2%2Fcomments&post=22885"}],"version-history":[{"count":9,"href":"http:\/\/www.salgadonoticias.com\/index.php?rest_route=\/wp\/v2\/posts\/22885\/revisions"}],"predecessor-version":[{"id":22922,"href":"http:\/\/www.salgadonoticias.com\/index.php?rest_route=\/wp\/v2\/posts\/22885\/revisions\/22922"}],"wp:featuredmedia":[{"embeddable":true,"href":"http:\/\/www.salgadonoticias.com\/index.php?rest_route=\/wp\/v2\/media\/22886"}],"wp:attachment":[{"href":"http:\/\/www.salgadonoticias.com\/index.php?rest_route=%2Fwp%2Fv2%2Fmedia&parent=22885"}],"wp:term":[{"taxonomy":"category","embeddable":true,"href":"http:\/\/www.salgadonoticias.com\/index.php?rest_route=%2Fwp%2Fv2%2Fcategories&post=22885"},{"taxonomy":"post_tag","embeddable":true,"href":"http:\/\/www.salgadonoticias.com\/index.php?rest_route=%2Fwp%2Fv2%2Ftags&post=22885"}],"curies":[{"name":"wp","href":"https:\/\/api.w.org\/{rel}","templated":true}]}}