{"id":22911,"date":"2023-06-24T01:00:00","date_gmt":"2023-06-24T07:00:00","guid":{"rendered":"http:\/\/www.salgadonoticias.com\/?p=22911"},"modified":"2023-06-23T15:04:09","modified_gmt":"2023-06-23T21:04:09","slug":"22911","status":"publish","type":"post","link":"http:\/\/www.salgadonoticias.com\/?p=22911","title":{"rendered":"EdoMex&#8230;Presenta Protocolo para Atender a V\u00edctimas de DESAPARICON&#8230;!!!"},"content":{"rendered":"<p>Views: 17<\/p>\n<p>.<\/p>\n\n\n\n<p>La Secretaria de Justicia y Derechos Humanos, present\u00f3 el <strong><mark style=\"background-color:rgba(0, 0, 0, 0);color:#820202\" class=\"has-inline-color\">Protocolo<\/mark><\/strong> para <strong><mark style=\"background-color:#7bdcb5\" class=\"has-inline-color\">Atender a V\u00edctimas<\/mark><\/strong> Directas o Indirectas de <strong><mark style=\"background-color:#7bdcb5\" class=\"has-inline-color\">Desaparici\u00f3n<\/mark><\/strong>, en el que se destaca lo siguiente:<\/p>\n\n\n\n<p>.<\/p>\n\n\n\n<ul>\n<li><mark style=\"background-color:rgba(0, 0, 0, 0)\" class=\"has-inline-color has-luminous-vivid-orange-color\">Los <strong>Derechos<\/strong> de la <strong>v\u00edctimas<\/strong><\/mark><\/li>\n\n\n\n<li><mark style=\"background-color:rgba(0, 0, 0, 0)\" class=\"has-inline-color has-vivid-cyan-blue-color\">La <strong>ayuda inmediata<\/strong><\/mark><\/li>\n\n\n\n<li><mark style=\"background-color:rgba(0, 0, 0, 0)\" class=\"has-inline-color has-vivid-red-color\">Medidas de <strong>Asistencia y ayuda<\/strong><\/mark><\/li>\n\n\n\n<li><mark style=\"background-color:rgba(0, 0, 0, 0)\" class=\"has-inline-color has-vivid-green-cyan-color\">La <strong>atenci\u00f3n<\/strong> las <strong>ni\u00f1as, ni\u00f1os y adolescentes<\/strong> <strong>v\u00edctimas indirectas<\/strong> del delito de desaparici\u00f3n<\/mark><\/li>\n\n\n\n<li><strong><mark style=\"background-color:rgba(0, 0, 0, 0);color:#380369\" class=\"has-inline-color\">Atenci\u00f3n multidisciplinaria<\/mark><\/strong> a trav\u00e9s de las unidades de:\n<ul>\n<li>Primer contacto<\/li>\n\n\n\n<li>Atenci\u00f3n Psicosocial<\/li>\n\n\n\n<li>Trabajo social<\/li>\n\n\n\n<li>Programa de Canasta b\u00e1sica<\/li>\n\n\n\n<li>Defensor\u00eda especializada<\/li>\n<\/ul>\n<\/li>\n\n\n\n<li><mark style=\"background-color:rgba(0, 0, 0, 0);color:#d11746\" class=\"has-inline-color\"><strong>Fondo<\/strong> Estatal de <strong>Ayuda<\/strong>, <\/mark><\/li>\n\n\n\n<li><strong><mark style=\"background-color:rgba(0, 0, 0, 0);color:#029f19\" class=\"has-inline-color\">Asistencia y Reparaci\u00f3n Integral<\/mark><\/strong><\/li>\n\n\n\n<li><mark style=\"background-color:rgba(0, 0, 0, 0);color:#926d05\" class=\"has-inline-color\"><strong>Registro Estatal de V\u00edctimas<\/strong>.<\/mark><\/li>\n<\/ul>\n\n\n\n<p>.<\/p>\n\n\n\n<p>Este protocolo es para darle continuidad a la aplicaci\u00f3n de la <strong>Ley en materia de Desaparici\u00f3n Forzada de Personas y Desaparici\u00f3n Cometida por Particulares<\/strong> <strong>del EdoMex.<\/strong><\/p>\n\n\n\n<p>.<\/p>\n\n\n\n<p>Da click aqu\u00ed ?? para ver el protocolo completo&#8230;<\/p>\n\n\n\n<p><a href=\"https:\/\/legislacion.edomex.gob.mx\/sites\/legislacion.edomex.gob.mx\/files\/files\/pdf\/gct\/2023\/junio\/jun221\/jun221h.pdf\">https:\/\/legislacion.edomex.gob.mx\/sites\/legislacion.edomex.gob.mx\/files\/files\/pdf\/gct\/2023\/junio\/jun221\/jun221h.pdf<\/a><\/p>\n\n\n\n<p>.<\/p>\n\n\n\n<p>.<\/p>\n\n\n\n<p>Si estas en el <strong><mark style=\"background-color:rgba(0, 0, 0, 0)\" class=\"has-inline-color has-vivid-red-color\">Extranjero <\/mark><\/strong>nosotros somos tu <strong><mark style=\"background-color:rgba(0, 0, 0, 0)\" class=\"has-inline-color has-vivid-green-cyan-color\">mejor<\/mark><\/strong> alternativa para <strong><mark style=\"background-color:rgba(0, 0, 0, 0)\" class=\"has-inline-color has-luminous-vivid-orange-color\">velar<\/mark><\/strong> por tus <strong><mark style=\"background-color:rgba(0, 0, 0, 0)\" class=\"has-inline-color has-vivid-cyan-blue-color\">intereses<\/mark><\/strong>.<\/p>\n\n\n\n<p>.<\/p>\n\n\n\n<p>Cuando<strong> necesites<\/strong> ayuda, <strong>asistencia<\/strong> o <strong>planeaci\u00f3n<\/strong> legal, <strong>solicita<\/strong> <strong>Cita Privada<\/strong> <a rel=\"noreferrer noopener\" href=\"mailto:bi@sm99.mx\" target=\"_blank\"><strong>Aqu\u00ed<\/strong><\/a><\/p>\n\n\n\n<p>La informaci\u00f3n que AQU\u00cd te presentamos <strong>deriva<\/strong> de los <strong>Peri\u00f3dicos Oficiales <\/strong>de la<strong> CdMx<\/strong>, <strong>Estado<\/strong> de Mex., Diario <strong>Oficial<\/strong> de la Federaci\u00f3n, Suprema Corte de<strong> Justicia<\/strong> de la Naci\u00f3n, por lo tanto es de <strong>aplicaci\u00f3n OBLIGATORIA<\/strong><\/p>\n\n\n\n<p>Esta informaci\u00f3n procede de la SCJN<\/p>\n\n\n\n<p><\/p>\n\n\n\n<p><strong><mark style=\"background-color:rgba(0, 0, 0, 0)\" class=\"has-inline-color has-luminous-vivid-orange-color\">AY\u00daDANOS<\/mark><\/strong> para que m\u00e1s personas conozcan esta informaci\u00f3n, <strong>Comp\u00e1rtelo<\/strong> en tus redes sociales. ?<\/p>\n\n\n\n<p><\/p>\n\n\n\n<p><\/p>\n","protected":false},"excerpt":{"rendered":"<p>Views: 17 . La Secretaria de Justicia y Derechos Humanos, present\u00f3 el Protocolo para Atender a V\u00edctimas Directas o Indirectas de Desaparici\u00f3n, en el que se destaca lo siguiente: . . Este protocolo es para darle continuidad a la aplicaci\u00f3n de la Ley en materia de Desaparici\u00f3n Forzada de Personas y Desaparici\u00f3n Cometida por Particulares [&hellip;]<\/p>\n","protected":false},"author":3,"featured_media":22917,"comment_status":"closed","ping_status":"open","sticky":false,"template":"","format":"standard","meta":{"_jetpack_memberships_contains_paid_content":false,"footnotes":""},"categories":[8],"tags":[],"jetpack_sharing_enabled":true,"jetpack_featured_media_url":"http:\/\/www.salgadonoticias.com\/wp-content\/uploads\/2023\/06\/desaparicion.jpg","_links":{"self":[{"href":"http:\/\/www.salgadonoticias.com\/index.php?rest_route=\/wp\/v2\/posts\/22911"}],"collection":[{"href":"http:\/\/www.salgadonoticias.com\/index.php?rest_route=\/wp\/v2\/posts"}],"about":[{"href":"http:\/\/www.salgadonoticias.com\/index.php?rest_route=\/wp\/v2\/types\/post"}],"author":[{"embeddable":true,"href":"http:\/\/www.salgadonoticias.com\/index.php?rest_route=\/wp\/v2\/users\/3"}],"replies":[{"embeddable":true,"href":"http:\/\/www.salgadonoticias.com\/index.php?rest_route=%2Fwp%2Fv2%2Fcomments&post=22911"}],"version-history":[{"count":5,"href":"http:\/\/www.salgadonoticias.com\/index.php?rest_route=\/wp\/v2\/posts\/22911\/revisions"}],"predecessor-version":[{"id":22921,"href":"http:\/\/www.salgadonoticias.com\/index.php?rest_route=\/wp\/v2\/posts\/22911\/revisions\/22921"}],"wp:featuredmedia":[{"embeddable":true,"href":"http:\/\/www.salgadonoticias.com\/index.php?rest_route=\/wp\/v2\/media\/22917"}],"wp:attachment":[{"href":"http:\/\/www.salgadonoticias.com\/index.php?rest_route=%2Fwp%2Fv2%2Fmedia&parent=22911"}],"wp:term":[{"taxonomy":"category","embeddable":true,"href":"http:\/\/www.salgadonoticias.com\/index.php?rest_route=%2Fwp%2Fv2%2Fcategories&post=22911"},{"taxonomy":"post_tag","embeddable":true,"href":"http:\/\/www.salgadonoticias.com\/index.php?rest_route=%2Fwp%2Fv2%2Ftags&post=22911"}],"curies":[{"name":"wp","href":"https:\/\/api.w.org\/{rel}","templated":true}]}}