{"id":23244,"date":"2023-07-14T00:32:00","date_gmt":"2023-07-14T06:32:00","guid":{"rendered":"http:\/\/www.salgadonoticias.com\/?p=23244"},"modified":"2023-07-13T16:22:08","modified_gmt":"2023-07-13T22:22:08","slug":"23244","status":"publish","type":"post","link":"http:\/\/www.salgadonoticias.com\/?p=23244","title":{"rendered":"HOY \u00faltimo d\u00eda de Juzgados&#8230;!!!"},"content":{"rendered":"<p>Views: 14<\/p>\n<p>.<\/p>\n\n\n\n<p>Hoy es el \u00faltimo d\u00eda laboral de los <strong>Juzgados <\/strong>en la<strong> CdMx <\/strong>y<strong> Edo.Mex.<\/strong>, con motivo de las <strong>VACACIONES de VERANO<\/strong>. <\/p>\n\n\n\n<p>Recordemos que durante este tiempo <strong><mark style=\"background-color:rgba(0, 0, 0, 0)\" class=\"has-inline-color has-black-color\">NO corren,<\/mark><mark style=\"background-color:rgba(0, 0, 0, 0)\" class=\"has-inline-color has-luminous-vivid-orange-color\"> <\/mark><mark style=\"background-color:rgba(0, 0, 0, 0);color:#920a70\" class=\"has-inline-color\">plazos ni t\u00e9rminos.<\/mark><\/strong><\/p>\n\n\n\n<p>.<\/p>\n\n\n\n<p>Los <strong>juzgado<\/strong> de la <strong><mark style=\"background-color:#fcb900\" class=\"has-inline-color\">CDMX<\/mark><\/strong>, <span><mark style=\"background-color:rgba(0, 0, 0, 0);font-weight: bold; color: rgb(163, 0, 0);\" class=\"has-inline-color\">Reanudar\u00e1n labores<\/mark><\/span> el <strong><mark style=\"background-color:#fcb900\" class=\"has-inline-color has-black-color\">Mi\u00e9rcoles 2 de agosto<\/mark><\/strong> y los del <strong><mark style=\"background-color:#8ed1fc\" class=\"has-inline-color\">EdoMex<\/mark>. <\/strong>el <strong><mark style=\"background-color:#8ed1fc\" class=\"has-inline-color has-black-color\">lunes 31 de julio<\/mark><\/strong> del actual.<\/p>\n\n\n\n<p><\/p>\n\n\n\n<p>.<\/p>\n\n\n\n<p>.<\/p>\n\n\n\n<p>Si estas en el <strong><mark style=\"background-color:rgba(0, 0, 0, 0)\" class=\"has-inline-color has-vivid-red-color\">Extranjero <\/mark><\/strong>nosotros somos tu <strong><mark style=\"background-color:rgba(0, 0, 0, 0)\" class=\"has-inline-color has-vivid-green-cyan-color\">mejor<\/mark><\/strong> alternativa para <strong><mark style=\"background-color:rgba(0, 0, 0, 0)\" class=\"has-inline-color has-luminous-vivid-orange-color\">velar<\/mark><\/strong> por tus <strong><mark style=\"background-color:rgba(0, 0, 0, 0)\" class=\"has-inline-color has-vivid-cyan-blue-color\">intereses<\/mark><\/strong>.<\/p>\n\n\n\n<p>.<\/p>\n\n\n\n<p>Cuando<strong> necesites<\/strong> ayuda, <strong>asistencia<\/strong> o <strong>planeaci\u00f3n<\/strong> legal, <strong>solicita<\/strong> <strong>Cita Privada<\/strong> <a rel=\"noreferrer noopener\" href=\"mailto:bi@sm99.mx\" target=\"_blank\"><strong>Aqu\u00ed<\/strong><\/a><\/p>\n\n\n\n<p>La informaci\u00f3n que AQU\u00cd te presentamos <strong>deriva<\/strong> de los <strong>Peri\u00f3dicos Oficiales <\/strong>de la<strong> CdMx<\/strong>, <strong>Estado<\/strong> de Mex., Diario <strong>Oficial<\/strong> de la Federaci\u00f3n, Suprema Corte de<strong> Justicia<\/strong> de la Naci\u00f3n, por lo tanto es de <strong>aplicaci\u00f3n OBLIGATORIA<\/strong><\/p>\n\n\n\n<p><\/p>\n\n\n\n<p>Esta informaci\u00f3n procede del PJCDMX y PJEDOMEX<\/p>\n\n\n\n<p><\/p>\n\n\n\n<p><strong><mark style=\"background-color:rgba(0, 0, 0, 0)\" class=\"has-inline-color has-luminous-vivid-orange-color\">AY\u00daDANOS<\/mark><\/strong> para que m\u00e1s personas conozcan esta informaci\u00f3n, <strong>Comp\u00e1rtelo<\/strong> en tus redes sociales. ?<\/p>\n","protected":false},"excerpt":{"rendered":"<p>Views: 14 . Hoy es el \u00faltimo d\u00eda laboral de los Juzgados en la CdMx y Edo.Mex., con motivo de las VACACIONES de VERANO. Recordemos que durante este tiempo NO corren, plazos ni t\u00e9rminos. . Los juzgado de la CDMX, Reanudar\u00e1n labores el Mi\u00e9rcoles 2 de agosto y los del EdoMex. el lunes 31 de [&hellip;]<\/p>\n","protected":false},"author":3,"featured_media":23247,"comment_status":"closed","ping_status":"open","sticky":false,"template":"","format":"standard","meta":{"_jetpack_memberships_contains_paid_content":false,"footnotes":""},"categories":[1],"tags":[],"jetpack_sharing_enabled":true,"jetpack_featured_media_url":"http:\/\/www.salgadonoticias.com\/wp-content\/uploads\/2023\/07\/vacaciones.jpg","_links":{"self":[{"href":"http:\/\/www.salgadonoticias.com\/index.php?rest_route=\/wp\/v2\/posts\/23244"}],"collection":[{"href":"http:\/\/www.salgadonoticias.com\/index.php?rest_route=\/wp\/v2\/posts"}],"about":[{"href":"http:\/\/www.salgadonoticias.com\/index.php?rest_route=\/wp\/v2\/types\/post"}],"author":[{"embeddable":true,"href":"http:\/\/www.salgadonoticias.com\/index.php?rest_route=\/wp\/v2\/users\/3"}],"replies":[{"embeddable":true,"href":"http:\/\/www.salgadonoticias.com\/index.php?rest_route=%2Fwp%2Fv2%2Fcomments&post=23244"}],"version-history":[{"count":4,"href":"http:\/\/www.salgadonoticias.com\/index.php?rest_route=\/wp\/v2\/posts\/23244\/revisions"}],"predecessor-version":[{"id":23252,"href":"http:\/\/www.salgadonoticias.com\/index.php?rest_route=\/wp\/v2\/posts\/23244\/revisions\/23252"}],"wp:featuredmedia":[{"embeddable":true,"href":"http:\/\/www.salgadonoticias.com\/index.php?rest_route=\/wp\/v2\/media\/23247"}],"wp:attachment":[{"href":"http:\/\/www.salgadonoticias.com\/index.php?rest_route=%2Fwp%2Fv2%2Fmedia&parent=23244"}],"wp:term":[{"taxonomy":"category","embeddable":true,"href":"http:\/\/www.salgadonoticias.com\/index.php?rest_route=%2Fwp%2Fv2%2Fcategories&post=23244"},{"taxonomy":"post_tag","embeddable":true,"href":"http:\/\/www.salgadonoticias.com\/index.php?rest_route=%2Fwp%2Fv2%2Ftags&post=23244"}],"curies":[{"name":"wp","href":"https:\/\/api.w.org\/{rel}","templated":true}]}}