{"id":23253,"date":"2023-07-14T00:45:00","date_gmt":"2023-07-14T06:45:00","guid":{"rendered":"http:\/\/www.salgadonoticias.com\/?p=23253"},"modified":"2023-07-14T14:50:49","modified_gmt":"2023-07-14T20:50:49","slug":"23253","status":"publish","type":"post","link":"http:\/\/www.salgadonoticias.com\/?p=23253","title":{"rendered":"Peritos Laborales DEBER\u00c1N acreditar estar Autorizados&#8230;!!!"},"content":{"rendered":"<p>Views: 15<\/p>\n<p>.<\/p>\n\n\n\n<figure class=\"wp-block-embed is-type-video is-provider-youtube wp-block-embed-youtube wp-embed-aspect-16-9 wp-has-aspect-ratio\"><div class=\"wp-block-embed__wrapper\">\n<iframe loading=\"lazy\" title=\"Peritos Laborales DEBER\u00c1N acreditar estar Autorizados en su Especialidad\" width=\"640\" height=\"360\" src=\"https:\/\/www.youtube.com\/embed\/Qiw-uIRf9I0?feature=oembed\" frameborder=\"0\" allow=\"accelerometer; autoplay; clipboard-write; encrypted-media; gyroscope; picture-in-picture; web-share\" referrerpolicy=\"strict-origin-when-cross-origin\" allowfullscreen><\/iframe>\n<\/div><\/figure>\n\n\n\n<p>.<\/p>\n\n\n\n<p>El ANTECEDENTE<\/p>\n\n\n\n<p>Surge luego de que, en un <strong>juicio laboral<\/strong> donde un trabajador demando su <strong>reinstalaci\u00f3n<\/strong> y otras prestaciones en virtud del <strong>despido <mark style=\"background-color:rgba(0, 0, 0, 0)\" class=\"has-inline-color has-vivid-red-color\">injustificado<\/mark> <\/strong>del que dijo fue objeto. <\/p>\n\n\n\n<p>El <strong>patr\u00f3n neg\u00f3 el <mark style=\"background-color:rgba(0, 0, 0, 0)\" class=\"has-inline-color has-vivid-red-color\">despido<\/mark><\/strong> y exhibi\u00f3 una <strong>renuncia<\/strong> que adujo suscribi\u00f3 el trabajador; <strong>dicho documento fue <mark style=\"background-color:rgba(0, 0, 0, 0)\" class=\"has-inline-color has-vivid-red-color\">objetado<\/mark><\/strong>, para lo cual se ofreci\u00f3 la <strong>prueba pericial en <mark style=\"background-color:rgba(0, 0, 0, 0)\" class=\"has-inline-color has-vivid-red-color\">grafoscopia<\/mark> y <mark style=\"background-color:rgba(0, 0, 0, 0)\" class=\"has-inline-color has-vivid-red-color\">caligraf\u00eda<\/mark><\/strong>. <\/p>\n\n\n\n<p>Los <strong>peritos<\/strong> del <strong>actor y <mark style=\"background-color:rgba(0, 0, 0, 0)\" class=\"has-inline-color has-vivid-red-color\">tercero<\/mark><\/strong> en <strong>discordia<\/strong> que acudieron al juicio se ostentaron con el car\u00e1cter de <strong>licenciados en criminolog\u00eda<\/strong>; sin embargo, <strong>no justificaron tal calidad con el t\u00edtulo profesional <\/strong>respectivo, ni exhibieron la autorizaci\u00f3n que para ello prev\u00e9 la Ley de Profesiones para el Estado de Chihuahua.<\/p>\n\n\n\n<p>.<\/p>\n\n\n\n<p>La <strong><mark style=\"background-color:rgba(0, 0, 0, 0);color:#07486d\" class=\"has-inline-color\">Suprema Corte de Justicia<\/mark> <\/strong>ante lo anterior <strong><mark style=\"background-color:rgba(0, 0, 0, 0);color:#940606\" class=\"has-inline-color\">DETERMIN\u00d3<\/mark> <\/strong>que es <strong><mark style=\"background-color:#fcb900\" class=\"has-inline-color\">OBLIGACI\u00d3N<\/mark><\/strong> de los peritos en caligraf\u00eda, grafoscopia y documentoscopia <mark style=\"background-color:#fcb900\" class=\"has-inline-color has-black-color\"><strong>EXHIBIR<\/strong><\/mark><mark style=\"background-color:#ffffff\" class=\"has-inline-color has-black-color\"> <\/mark>la <span style=\"text-decoration: underline;\">documentaci\u00f3n id\u00f3nea<\/span> que los <strong><mark style=\"background-color:rgba(0, 0, 0, 0);color:#0db003\" class=\"has-inline-color\">avale para fungir con tal car\u00e1cter<\/mark><\/strong> en los juicios laborales, tramitados ante las Juntas de Conciliaci\u00f3n y Arbitraje.<\/p>\n\n\n\n<p>Los <strong>documentos<\/strong> a que hace referencia la SCJN son:<\/p>\n\n\n\n<ul>\n<li><mark style=\"background-color:rgba(0, 0, 0, 0)\" class=\"has-inline-color has-luminous-vivid-orange-color\">T\u00edtulo y c\u00e9dula<\/mark>, <mark style=\"background-color:rgba(0, 0, 0, 0)\" class=\"has-inline-color has-luminous-vivid-orange-color\">cuando se ostenten como licenciados en determinada materia;<\/mark><\/li>\n\n\n\n<li><strong><mark style=\"background-color:rgba(0, 0, 0, 0);color:#5403a0\" class=\"has-inline-color\">Autorizaci\u00f3n de pasante<\/mark><\/strong> <mark style=\"background-color:rgba(0, 0, 0, 0);color:#690ebe\" class=\"has-inline-color\">que expide la Direcci\u00f3n de Profesiones de la Secretar\u00eda de Educaci\u00f3n, para las personas cuya titulaci\u00f3n se encuentra en tr\u00e1mite; y, &nbsp;<\/mark><\/li>\n\n\n\n<li><mark style=\"background-color:rgba(0, 0, 0, 0);color:#1078b4\" class=\"has-inline-color\"><strong>Autorizaci\u00f3n <\/strong>prevista en el art\u00edculo 82, fracci\u00f3n XVI, de la citada ley, cuando acuden al juicio como peritos con <strong>conocimiento t\u00e9cnico<\/strong>.<\/mark><\/li>\n<\/ul>\n\n\n\n<p>.<\/p>\n\n\n\n<p>La <span style=\"text-decoration: underline;\">Justificaci\u00f3n<\/span> de la <strong>SCJN<\/strong> es en base al <strong>art\u00edculo 822<\/strong> de la <strong>Ley Federal del Trabajo<\/strong> que dispone que los <strong>PERITOS<\/strong> <mark style=\"background-color:rgba(0, 0, 0, 0)\" class=\"has-inline-color has-vivid-red-color\">DEBEN <\/mark><mark style=\"background-color:rgba(0, 0, 0, 0)\" class=\"has-inline-color has-black-color\">tener<\/mark><mark style=\"background-color:rgba(0, 0, 0, 0)\" class=\"has-inline-color has-vivid-red-color\"> <strong>conocimiento<\/strong><\/mark><strong> en la ciencia, t\u00e9cnica o arte<\/strong> sobre el cual versa su dictamen; si la profesi\u00f3n o arte estuvieren legalmente reglamentados, <strong><mark style=\"background-color:#fcb900\" class=\"has-inline-color\">deber\u00e1n acreditar <\/mark>estar autorizados<\/strong> conforme a la ley; <\/p>\n\n\n\n<p>Por lo tanto, en los <strong><mark style=\"background-color:rgba(0, 0, 0, 0)\" class=\"has-inline-color has-vivid-red-color\">juicios<\/mark><\/strong> tramitados ante la <strong>justicia laboral local<\/strong>, la Junta debe verificar que los peritos designados en las materias de <strong><mark style=\"background-color:#ff6900\" class=\"has-inline-color\">caligraf\u00eda, grafoscopia y documentoscopia<\/mark><\/strong> cumplan con tales requisitos, pues de conformidad con los art\u00edculos 2, 3, 18, fracci\u00f3n VIII, 58, 63 y 82, fracci\u00f3n XVI, de la Ley de Profesiones para el Estado de Chihuahua, <strong>la Direcci\u00f3n Estatal de Profesiones <\/strong>debe extender la <strong><mark style=\"background-color:rgba(0, 0, 0, 0)\" class=\"has-inline-color has-vivid-red-color\">autorizaci\u00f3n para el ejercicio profesional <\/mark><\/strong>de personas que a\u00fan no cuenten con el t\u00edtulo y c\u00e9dula   profesionales, as\u00ed como para el desempe\u00f1o de actividades periciales espec\u00edficas que no sean propias de las profesiones reguladas en dicha ley. <\/p>\n\n\n\n<p>En tal virtud, si de conformidad con la reglamentaci\u00f3n se\u00f1alada <strong>se requiere<\/strong> de un documento que contenga la <strong>autorizaci\u00f3n <mark style=\"background-color:rgba(0, 0, 0, 0)\" class=\"has-inline-color has-vivid-red-color\">expresa<\/mark> <\/strong>de la Direcci\u00f3n Estatal de Profesiones para que las personas que a\u00fan no cuentan con su t\u00edtulo puedan ejercer en determinada rama, y aquellas con conocimientos t\u00e9cnicos puedan desempe\u00f1ar actividades periciales; entonces, <strong><mark style=\"background-color:rgba(0, 0, 0, 0)\" class=\"has-inline-color has-vivid-red-color\">los peritos designados en los juicios laborales<\/mark><\/strong> para dictaminar en materias de <strong><mark style=\"background-color:#ff6900\" class=\"has-inline-color\">caligraf\u00eda, grafoscopia y documentoscopia<\/mark><\/strong> deben acreditar estar legalmente <strong>autorizados <\/strong>para tal efecto, exhibiendo alguna de las constancias antes descritas, pues de lo contrario se transgrede el art\u00edculo 822 de la legislaci\u00f3n laboral y, con ello, se actualiza la violaci\u00f3n al procedimiento a que alude el art\u00edculo 172, fracci\u00f3n III, de la Ley de Amparo.<\/p>\n\n\n\n<p>.<\/p>\n\n\n\n<p>Esta resoluci\u00f3n puede <strong><mark style=\"background-color:rgba(0, 0, 0, 0);color:#6d0550\" class=\"has-inline-color\">ARGUMENTARSE<\/mark><\/strong> a partir de esta semana en todo el pa\u00eds<strong>.<\/strong><\/p>\n\n\n\n<p>.<\/p>\n\n\n\n<p>Si estas en el <strong><mark style=\"background-color:rgba(0, 0, 0, 0)\" class=\"has-inline-color has-vivid-red-color\">Extranjero <\/mark><\/strong>nosotros somos tu <strong><mark style=\"background-color:rgba(0, 0, 0, 0)\" class=\"has-inline-color has-vivid-green-cyan-color\">mejor<\/mark><\/strong> alternativa para <strong><mark style=\"background-color:rgba(0, 0, 0, 0)\" class=\"has-inline-color has-luminous-vivid-orange-color\">velar<\/mark><\/strong> por tus <strong><mark style=\"background-color:rgba(0, 0, 0, 0)\" class=\"has-inline-color has-vivid-cyan-blue-color\">intereses<\/mark><\/strong>.<\/p>\n\n\n\n<p>.<\/p>\n\n\n\n<p>Cuando<strong> necesites<\/strong> ayuda, <strong>asistencia<\/strong> o <strong>planeaci\u00f3n<\/strong> legal, <strong>solicita<\/strong> <strong>Cita Privada<\/strong> <a rel=\"noreferrer noopener\" href=\"mailto:bi@sm99.mx\" target=\"_blank\"><strong>Aqu\u00ed<\/strong><\/a><\/p>\n\n\n\n<p>La informaci\u00f3n que AQU\u00cd te presentamos <strong>deriva<\/strong> de los <strong>Peri\u00f3dicos Oficiales <\/strong>de la<strong> CdMx<\/strong>, <strong>Estado<\/strong> de Mex., Diario <strong>Oficial<\/strong> de la Federaci\u00f3n, Suprema Corte de<strong> Justicia<\/strong> de la Naci\u00f3n, por lo tanto es de <strong>aplicaci\u00f3n OBLIGATORIA<\/strong><\/p>\n\n\n\n<p><\/p>\n\n\n\n<p>Esta informaci\u00f3n procede de la SCJN<\/p>\n\n\n\n<p><\/p>\n\n\n\n<p><strong><mark style=\"background-color:rgba(0, 0, 0, 0)\" class=\"has-inline-color has-luminous-vivid-orange-color\">AY\u00daDANOS<\/mark><\/strong> para que m\u00e1s personas conozcan esta informaci\u00f3n, <strong>Comp\u00e1rtelo<\/strong> en tus redes sociales. ?<\/p>\n","protected":false},"excerpt":{"rendered":"<p>Views: 15 . . El ANTECEDENTE Surge luego de que, en un juicio laboral donde un trabajador demando su reinstalaci\u00f3n y otras prestaciones en virtud del despido injustificado del que dijo fue objeto. El patr\u00f3n neg\u00f3 el despido y exhibi\u00f3 una renuncia que adujo suscribi\u00f3 el trabajador; dicho documento fue objetado, para lo cual se [&hellip;]<\/p>\n","protected":false},"author":3,"featured_media":23256,"comment_status":"closed","ping_status":"open","sticky":false,"template":"","format":"standard","meta":{"_jetpack_memberships_contains_paid_content":false,"footnotes":""},"categories":[4,1],"tags":[],"jetpack_sharing_enabled":true,"jetpack_featured_media_url":"http:\/\/www.salgadonoticias.com\/wp-content\/uploads\/2023\/07\/peritos-escritura.jpg","_links":{"self":[{"href":"http:\/\/www.salgadonoticias.com\/index.php?rest_route=\/wp\/v2\/posts\/23253"}],"collection":[{"href":"http:\/\/www.salgadonoticias.com\/index.php?rest_route=\/wp\/v2\/posts"}],"about":[{"href":"http:\/\/www.salgadonoticias.com\/index.php?rest_route=\/wp\/v2\/types\/post"}],"author":[{"embeddable":true,"href":"http:\/\/www.salgadonoticias.com\/index.php?rest_route=\/wp\/v2\/users\/3"}],"replies":[{"embeddable":true,"href":"http:\/\/www.salgadonoticias.com\/index.php?rest_route=%2Fwp%2Fv2%2Fcomments&post=23253"}],"version-history":[{"count":9,"href":"http:\/\/www.salgadonoticias.com\/index.php?rest_route=\/wp\/v2\/posts\/23253\/revisions"}],"predecessor-version":[{"id":23278,"href":"http:\/\/www.salgadonoticias.com\/index.php?rest_route=\/wp\/v2\/posts\/23253\/revisions\/23278"}],"wp:featuredmedia":[{"embeddable":true,"href":"http:\/\/www.salgadonoticias.com\/index.php?rest_route=\/wp\/v2\/media\/23256"}],"wp:attachment":[{"href":"http:\/\/www.salgadonoticias.com\/index.php?rest_route=%2Fwp%2Fv2%2Fmedia&parent=23253"}],"wp:term":[{"taxonomy":"category","embeddable":true,"href":"http:\/\/www.salgadonoticias.com\/index.php?rest_route=%2Fwp%2Fv2%2Fcategories&post=23253"},{"taxonomy":"post_tag","embeddable":true,"href":"http:\/\/www.salgadonoticias.com\/index.php?rest_route=%2Fwp%2Fv2%2Ftags&post=23253"}],"curies":[{"name":"wp","href":"https:\/\/api.w.org\/{rel}","templated":true}]}}