{"id":23306,"date":"2023-07-18T00:30:00","date_gmt":"2023-07-18T06:30:00","guid":{"rendered":"http:\/\/www.salgadonoticias.com\/?p=23306"},"modified":"2023-07-18T16:38:07","modified_gmt":"2023-07-18T22:38:07","slug":"23306","status":"publish","type":"post","link":"http:\/\/www.salgadonoticias.com\/?p=23306","title":{"rendered":"En UNAM las Gratificaciones por Jubilaci\u00f3n, DEBEN incluir los D\u00edas de Descanso \u2026!!!"},"content":{"rendered":"<p>Views: 24<\/p>\n<p>.<\/p>\n\n\n\n<figure class=\"wp-block-embed is-type-video is-provider-youtube wp-block-embed-youtube wp-embed-aspect-16-9 wp-has-aspect-ratio\"><div class=\"wp-block-embed__wrapper\">\n<iframe loading=\"lazy\" title=\"En UNAM \ufffclas Gratificaciones por Jubilaci\u00f3n DEBEN incluir los D\u00edas de descanso\ufffc \u2026!!!\" width=\"640\" height=\"360\" src=\"https:\/\/www.youtube.com\/embed\/2piGW78EPVc?feature=oembed\" frameborder=\"0\" allow=\"accelerometer; autoplay; clipboard-write; encrypted-media; gyroscope; picture-in-picture; web-share\" referrerpolicy=\"strict-origin-when-cross-origin\" allowfullscreen><\/iframe>\n<\/div><\/figure>\n\n\n\n<p><\/p>\n\n\n\n<p>.<\/p>\n\n\n\n<p>Este <strong>ANTECEDENTE<\/strong>:<\/p>\n\n\n\n<p>Surge de la <strong><mark style=\"background-color:rgba(0, 0, 0, 0)\" class=\"has-inline-color has-vivid-red-color\">discrepancia<\/mark><\/strong> entre Tribunales, al analizar si la prestaci\u00f3n contenida en la cl\u00e1usula 31 del Contrato Colectivo de Trabajo de la Universidad Nacional Aut\u00f3noma de M\u00e9xico<strong> <mark style=\"background-color:#fcb900\" class=\"has-inline-color\">(UNAM)<\/mark><\/strong> y su sindicato, con respecto a los <span style=\"text-decoration: underline;\"><strong><mark style=\"background-color:rgba(0, 0, 0, 0)\" class=\"has-inline-color has-vivid-red-color\">d\u00edas de descanso obligatorio<\/mark><\/strong><\/span> <mark style=\"background-color:rgba(0, 0, 0, 0)\" class=\"has-inline-color has-luminous-vivid-orange-color\">integra salario para efectos de cuantificar<\/mark> la <strong>gratificaci\u00f3n por jubilaci\u00f3n<\/strong>, uno sostuvo que s\u00ed deb\u00eda considerarse, el otro dec\u00eda que NO.<\/p>\n\n\n\n<p>.<\/p>\n\n\n\n<p>La <strong><mark style=\"background-color:rgba(0, 0, 0, 0);color:#0a3c59\" class=\"has-inline-color\">Suprema Corte de Justicia <\/mark><\/strong>ante lo anterior <strong><mark style=\"background-color:rgba(0, 0, 0, 0);color:#8e0404\" class=\"has-inline-color\">DETERMIN\u00d3<\/mark> <\/strong>que los <strong><span style=\"text-decoration: underline;\">&#8220;d\u00edas de descanso obligatorio&#8221;<\/span><\/strong>, <strong><mark style=\"background-color:#eed07c\" class=\"has-inline-color\">SI integran el salario<\/mark><\/strong> y, por tanto, se <mark style=\"background-color:rgba(0, 0, 0, 0);color:#950654\" class=\"has-inline-color\"><strong>deben cuantificar al calcular la<\/strong> <strong>Gratificaci\u00f3n por Jubilaci\u00f3n<\/strong><\/mark><strong>. <\/strong>En este caso como lo prev\u00e9 la cl\u00e1usula 31 del Contrato Colectivo de Trabajo de la UNAM y su sindicato, <strong><mark style=\"background-color:rgba(0, 0, 0, 0)\" class=\"has-inline-color has-vivid-red-color\">s\u00ed integra salario<\/mark><\/strong> para efectos de cuantificar la gratificaci\u00f3n por jubilaci\u00f3n contemplada en la diversa cl\u00e1usula 76 del propio pacto colectivo.<\/p>\n\n\n\n<p>.<\/p>\n\n\n\n<p>La <strong>justificaci\u00f3n<\/strong> de la <strong>SCJN <\/strong>es conforme al <strong><mark style=\"background-color:rgba(0, 0, 0, 0)\" class=\"has-inline-color has-vivid-red-color\">concepto<\/mark> denominado<\/strong> <strong><mark style=\"background-color:#ff6900\" class=\"has-inline-color\">&#8220;d\u00edas de descanso obligatorio&#8221;<\/mark><\/strong> contenido en la cl\u00e1usula 31 del del Contrato Colectivo de Trabajo celebrado por la Universidad Nacional Aut\u00f3noma de M\u00e9xico con su sindicato, <strong>consistente en otorgar a los trabajadores <mark style=\"background-color:#fcb900\" class=\"has-inline-color\">el pago de un d\u00eda de salario adicional<\/mark><\/strong> hasta en <strong><mark style=\"background-color:rgba(0, 0, 0, 0)\" class=\"has-inline-color has-vivid-red-color\">tres<\/mark><\/strong> ocasiones al <strong>a\u00f1o<\/strong>, <strong>cuando los se\u00f1alados<\/strong> como tales, <strong>coincidan con s\u00e1bados y domingos<\/strong>, y en el caso del <strong>personal<\/strong> del denominado <strong><mark style=\"background-color:rgba(0, 0, 0, 0)\" class=\"has-inline-color has-vivid-red-color\">quinto<\/mark> turno<\/strong>, el monto equivalente a <strong><mark style=\"background-color:rgba(0, 0, 0, 0)\" class=\"has-inline-color has-vivid-red-color\">dos<\/mark> d\u00edas de salario doble<\/strong> por el periodo de <strong>&#8220;Semana Santa&#8221;<\/strong>, s\u00ed integra salario para efectos de cuantificar la gratificaci\u00f3n por jubilaci\u00f3n contenida en la diversa cl\u00e1usula 76 del propio pacto, por tratarse de una <strong>gratificaci\u00f3n<\/strong> que la patronal otorga a sus empleados <strong><mark style=\"background-color:rgba(0, 0, 0, 0)\" class=\"has-inline-color has-vivid-red-color\">sin que exista<\/mark><\/strong> alguna <strong>condicionante<\/strong> a su cargo, en la medida de que su pago se genera al coincidir los d\u00edas calendario a que hace referencia la primera de ellas, lo que encuadra en la definici\u00f3n que del salario realiza la distinta cl\u00e1usula 4, apartado 11. <\/p>\n\n\n\n<p>No es obst\u00e1culo el hecho de que se trate de una <strong>prestaci\u00f3n <mark style=\"background-color:rgba(0, 0, 0, 0)\" class=\"has-inline-color has-vivid-red-color\">aleatoria<\/mark><\/strong>, cuya obtenci\u00f3n <strong>depende<\/strong> de la <strong><mark style=\"background-color:rgba(0, 0, 0, 0)\" class=\"has-inline-color has-vivid-red-color\">coincidencia<\/mark><\/strong> de ciertos d\u00edas en el calendario ya que, en todo caso, <strong>de no actualizarse dicha coincidencia<\/strong>, en el salario ordinario <strong><mark style=\"background-color:rgba(0, 0, 0, 0)\" class=\"has-inline-color has-vivid-red-color\">no se ver\u00e1 reflejado su pago,<\/mark><\/strong> al ser equivalente a cero d\u00edas. <\/p>\n\n\n\n<p>Finalmente, <strong>para su pago<\/strong>, debe <strong><mark style=\"background-color:rgba(0, 0, 0, 0)\" class=\"has-inline-color has-vivid-red-color\">cuantificarse<\/mark><\/strong> el promedio del monto otorgado en el \u00faltimo a\u00f1o de prestaci\u00f3n de los servicios.<\/p>\n\n\n\n<p>.<\/p>\n\n\n\n<p>Por lo tanto, desde<strong> esta semana<\/strong> esta resoluci\u00f3n es de<strong> <mark style=\"background-color:rgba(0, 0, 0, 0);color:#0720e3\" class=\"has-inline-color\">APLICACI\u00d3N<\/mark><\/strong> nacional y  <strong><mark style=\"background-color:rgba(0, 0, 0, 0)\" class=\"has-inline-color has-vivid-red-color\">OBLIGATORIA<\/mark><\/strong> para quien la <strong>conozca<\/strong> y la <strong>invoque.<\/strong><\/p>\n\n\n\n<p>.<\/p>\n\n\n\n<p>Si estas en el <strong><mark style=\"background-color:rgba(0, 0, 0, 0)\" class=\"has-inline-color has-vivid-red-color\">Extranjero <\/mark><\/strong>nosotros somos tu <strong><mark style=\"background-color:rgba(0, 0, 0, 0)\" class=\"has-inline-color has-vivid-green-cyan-color\">mejor<\/mark><\/strong> alternativa para <strong><mark style=\"background-color:rgba(0, 0, 0, 0)\" class=\"has-inline-color has-luminous-vivid-orange-color\">velar<\/mark><\/strong> por tus <strong><mark style=\"background-color:rgba(0, 0, 0, 0)\" class=\"has-inline-color has-vivid-cyan-blue-color\">intereses<\/mark><\/strong>.<\/p>\n\n\n\n<p>.<\/p>\n\n\n\n<p>Cuando<strong> necesites<\/strong> ayuda, <strong>asistencia<\/strong> o <strong>planeaci\u00f3n<\/strong> legal, <strong>solicita<\/strong> <strong>Cita Privada<\/strong> <a rel=\"noreferrer noopener\" href=\"mailto:bi@sm99.mx\" target=\"_blank\"><strong>Aqu\u00ed<\/strong><\/a><\/p>\n\n\n\n<p>La informaci\u00f3n que AQU\u00cd te presentamos <strong>deriva<\/strong> de los <strong>Peri\u00f3dicos Oficiales <\/strong>de la<strong> CdMx<\/strong>, <strong>Estado<\/strong> de Mex., Diario <strong>Oficial<\/strong> de la Federaci\u00f3n, Suprema Corte de<strong> Justicia<\/strong> de la Naci\u00f3n, por lo tanto es de <strong>aplicaci\u00f3n OBLIGATORIA<\/strong><\/p>\n\n\n\n<p><\/p>\n\n\n\n<p>Esta informaci\u00f3n procede de<\/p>\n\n\n\n<p><\/p>\n\n\n\n<p><strong><mark style=\"background-color:rgba(0, 0, 0, 0)\" class=\"has-inline-color has-luminous-vivid-orange-color\">AY\u00daDANOS<\/mark><\/strong> para que m\u00e1s personas conozcan esta informaci\u00f3n, <strong>Comp\u00e1rtelo<\/strong> en tus redes sociales. ?<\/p>\n","protected":false},"excerpt":{"rendered":"<p>Views: 24 . . Este ANTECEDENTE: Surge de la discrepancia entre Tribunales, al analizar si la prestaci\u00f3n contenida en la cl\u00e1usula 31 del Contrato Colectivo de Trabajo de la Universidad Nacional Aut\u00f3noma de M\u00e9xico (UNAM) y su sindicato, con respecto a los d\u00edas de descanso obligatorio integra salario para efectos de cuantificar la gratificaci\u00f3n por [&hellip;]<\/p>\n","protected":false},"author":3,"featured_media":23311,"comment_status":"closed","ping_status":"open","sticky":false,"template":"","format":"standard","meta":{"_jetpack_memberships_contains_paid_content":false,"footnotes":""},"categories":[4],"tags":[],"jetpack_sharing_enabled":true,"jetpack_featured_media_url":"http:\/\/www.salgadonoticias.com\/wp-content\/uploads\/2023\/07\/Edad-de-jubilacion.jpg","_links":{"self":[{"href":"http:\/\/www.salgadonoticias.com\/index.php?rest_route=\/wp\/v2\/posts\/23306"}],"collection":[{"href":"http:\/\/www.salgadonoticias.com\/index.php?rest_route=\/wp\/v2\/posts"}],"about":[{"href":"http:\/\/www.salgadonoticias.com\/index.php?rest_route=\/wp\/v2\/types\/post"}],"author":[{"embeddable":true,"href":"http:\/\/www.salgadonoticias.com\/index.php?rest_route=\/wp\/v2\/users\/3"}],"replies":[{"embeddable":true,"href":"http:\/\/www.salgadonoticias.com\/index.php?rest_route=%2Fwp%2Fv2%2Fcomments&post=23306"}],"version-history":[{"count":7,"href":"http:\/\/www.salgadonoticias.com\/index.php?rest_route=\/wp\/v2\/posts\/23306\/revisions"}],"predecessor-version":[{"id":23325,"href":"http:\/\/www.salgadonoticias.com\/index.php?rest_route=\/wp\/v2\/posts\/23306\/revisions\/23325"}],"wp:featuredmedia":[{"embeddable":true,"href":"http:\/\/www.salgadonoticias.com\/index.php?rest_route=\/wp\/v2\/media\/23311"}],"wp:attachment":[{"href":"http:\/\/www.salgadonoticias.com\/index.php?rest_route=%2Fwp%2Fv2%2Fmedia&parent=23306"}],"wp:term":[{"taxonomy":"category","embeddable":true,"href":"http:\/\/www.salgadonoticias.com\/index.php?rest_route=%2Fwp%2Fv2%2Fcategories&post=23306"},{"taxonomy":"post_tag","embeddable":true,"href":"http:\/\/www.salgadonoticias.com\/index.php?rest_route=%2Fwp%2Fv2%2Ftags&post=23306"}],"curies":[{"name":"wp","href":"https:\/\/api.w.org\/{rel}","templated":true}]}}