{"id":23323,"date":"2023-07-15T00:15:00","date_gmt":"2023-07-15T06:15:00","guid":{"rendered":"http:\/\/www.salgadonoticias.com\/?p=23323"},"modified":"2023-07-20T07:50:35","modified_gmt":"2023-07-20T13:50:35","slug":"centro-federal-de-conciliacion-y-registro-laboral-de-vacaciones","status":"publish","type":"post","link":"http:\/\/www.salgadonoticias.com\/?p=23323","title":{"rendered":"Centro Federal de CONCILIACI\u00d3N y Registro Laboral de VACACIONES&#8230;!!!"},"content":{"rendered":"<p>Views: 16<\/p>\n<p>.<\/p>\n\n\n\n<p>El<strong> Centro FEDERAL de Conciliaci\u00f3n y Registro laboral<\/strong>, <strong><mark style=\"background-color:rgba(0, 0, 0, 0)\" class=\"has-inline-color has-vivid-red-color\">suspende sus actividades<\/mark><\/strong> por su periodo <strong>vacacional de <mark style=\"background-color:rgba(0, 0, 0, 0)\" class=\"has-inline-color has-vivid-red-color\">verano<\/mark><\/strong> (Del lunes 17 al viernes 28 de julio de 2023)<\/p>\n\n\n\n<p><span><mark style=\"background-color:rgba(0, 0, 0, 0);font-weight: bold; color: rgb(163, 0, 0);\" class=\"has-inline-color\">Reanudar\u00e1n labores<\/mark><\/span> el Lunes <strong><mark style=\"background-color:rgba(0, 0, 0, 0);color:#1e2085\" class=\"has-inline-color\">31 de julio del 2023<\/mark><\/strong>.<\/p>\n\n\n\n<p>.<\/p>\n\n\n\n<p>Durante este periodo <strong><mark style=\"background-color:rgba(0, 0, 0, 0)\" class=\"has-inline-color has-vivid-red-color\">NO correr\u00e1n<\/mark> plazos<\/strong>, <strong><mark style=\"background-color:rgba(0, 0, 0, 0)\" class=\"has-inline-color has-vivid-red-color\">ni vencer\u00e1n<\/mark> t\u00e9rminos<\/strong> legales<strong> <\/strong>previstos en la LFT as\u00ed como en los dem\u00e1s ordenamientos jur\u00eddicos aplicables a los <strong>procedimientos<\/strong> a cargo del Centro de Conciliaci\u00f3n Laboral.<\/p>\n\n\n\n<p>.<\/p>\n\n\n\n<p>Con el fin de No dejar en un estado de indefensi\u00f3n a los <strong>Trabajadores<\/strong> y empresas <strong>habr\u00e1 <mark style=\"background-color:rgba(0, 0, 0, 0)\" class=\"has-inline-color has-vivid-red-color\">guardias<\/mark><\/strong> que atender\u00e1n <strong>asuntos <mark style=\"background-color:rgba(0, 0, 0, 0)\" class=\"has-inline-color has-vivid-red-color\">urgentes<\/mark><\/strong> tales como <strong><mark style=\"background-color:rgba(0, 0, 0, 0)\" class=\"has-inline-color has-vivid-red-color\">Huelgas<\/mark><\/strong> y otros.<\/p>\n\n\n\n<p>.<\/p>\n\n\n\n<p><\/p>\n\n\n\n<p>Si estas en el <strong><span class=\"has-inline-color has-vivid-red-color\">Extranjero <\/span><\/strong>nosotros somos tu <strong><span class=\"has-inline-color has-vivid-green-cyan-color\">mejor<\/span><\/strong> alternativa para <strong><span class=\"has-inline-color has-luminous-vivid-orange-color\">velar<\/span><\/strong> por tus <strong><span class=\"has-inline-color has-vivid-cyan-blue-color\">intereses<\/span><\/strong>, escr\u00edbenos o ll\u00e1manos al Tel <strong>55581-11311<\/strong>.<\/p>\n\n\n\n<p>.<\/p>\n\n\n\n<p>Cuando<strong> necesites<\/strong> ayuda, <strong>asistencia<\/strong> o <strong>planeaci\u00f3n<\/strong> legal, <strong>solicita<\/strong> <strong>Cita Privada<\/strong> <a rel=\"noreferrer noopener\" href=\"mailto:bi@sm99.mx\" target=\"_blank\"><strong>Aqu\u00ed<\/strong><\/a><\/p>\n\n\n\n<p>La informaci\u00f3n que AQU\u00cd te presentamos <strong>deriva<\/strong> de los <strong>Peri\u00f3dicos Oficiales <\/strong>de la<strong> CdMx<\/strong>, <strong>Estado<\/strong> de Mex., Diario <strong>Oficial<\/strong> de la Federaci\u00f3n, Suprema Corte de<strong> Justicia<\/strong> de la Naci\u00f3n, por lo tanto es de <strong>aplicaci\u00f3n <mark style=\"background-color:rgba(0, 0, 0, 0);color:#f20c0c\" class=\"has-inline-color\">OBLIGATORIA<\/mark><\/strong><\/p>\n\n\n\n<p>La <strong>informaci\u00f3n<\/strong> de hoy procede del Diario Oficial<\/p>\n\n\n\n<p><strong><mark style=\"background-color:rgba(0, 0, 0, 0)\" class=\"has-inline-color has-luminous-vivid-orange-color\">AY\u00daDANOS<\/mark><\/strong> para que m\u00e1s personas conozcan esta informaci\u00f3n, <strong>Comp\u00e1rtelo<\/strong> en tus redes sociales. <\/p>\n\n\n\n<p><\/p>\n","protected":false},"excerpt":{"rendered":"<p>Views: 16 . El Centro FEDERAL de Conciliaci\u00f3n y Registro laboral, suspende sus actividades por su periodo vacacional de verano (Del lunes 17 al viernes 28 de julio de 2023) Reanudar\u00e1n labores el Lunes 31 de julio del 2023. . Durante este periodo NO correr\u00e1n plazos, ni vencer\u00e1n t\u00e9rminos legales previstos en la LFT as\u00ed [&hellip;]<\/p>\n","protected":false},"author":3,"featured_media":23327,"comment_status":"closed","ping_status":"open","sticky":false,"template":"","format":"standard","meta":{"_jetpack_memberships_contains_paid_content":false,"footnotes":""},"categories":[4],"tags":[],"jetpack_sharing_enabled":true,"jetpack_featured_media_url":"http:\/\/www.salgadonoticias.com\/wp-content\/uploads\/2023\/07\/LFT.jpg","_links":{"self":[{"href":"http:\/\/www.salgadonoticias.com\/index.php?rest_route=\/wp\/v2\/posts\/23323"}],"collection":[{"href":"http:\/\/www.salgadonoticias.com\/index.php?rest_route=\/wp\/v2\/posts"}],"about":[{"href":"http:\/\/www.salgadonoticias.com\/index.php?rest_route=\/wp\/v2\/types\/post"}],"author":[{"embeddable":true,"href":"http:\/\/www.salgadonoticias.com\/index.php?rest_route=\/wp\/v2\/users\/3"}],"replies":[{"embeddable":true,"href":"http:\/\/www.salgadonoticias.com\/index.php?rest_route=%2Fwp%2Fv2%2Fcomments&post=23323"}],"version-history":[{"count":3,"href":"http:\/\/www.salgadonoticias.com\/index.php?rest_route=\/wp\/v2\/posts\/23323\/revisions"}],"predecessor-version":[{"id":23338,"href":"http:\/\/www.salgadonoticias.com\/index.php?rest_route=\/wp\/v2\/posts\/23323\/revisions\/23338"}],"wp:featuredmedia":[{"embeddable":true,"href":"http:\/\/www.salgadonoticias.com\/index.php?rest_route=\/wp\/v2\/media\/23327"}],"wp:attachment":[{"href":"http:\/\/www.salgadonoticias.com\/index.php?rest_route=%2Fwp%2Fv2%2Fmedia&parent=23323"}],"wp:term":[{"taxonomy":"category","embeddable":true,"href":"http:\/\/www.salgadonoticias.com\/index.php?rest_route=%2Fwp%2Fv2%2Fcategories&post=23323"},{"taxonomy":"post_tag","embeddable":true,"href":"http:\/\/www.salgadonoticias.com\/index.php?rest_route=%2Fwp%2Fv2%2Ftags&post=23323"}],"curies":[{"name":"wp","href":"https:\/\/api.w.org\/{rel}","templated":true}]}}