{"id":23342,"date":"2023-07-20T00:15:00","date_gmt":"2023-07-20T06:15:00","guid":{"rendered":"http:\/\/www.salgadonoticias.com\/?p=23342"},"modified":"2023-07-20T09:57:09","modified_gmt":"2023-07-20T15:57:09","slug":"23342","status":"publish","type":"post","link":"http:\/\/www.salgadonoticias.com\/?p=23342","title":{"rendered":"American Express.. Ya NO es Banco&#8230;!!!"},"content":{"rendered":"<p>Views: 14<\/p>\n<p>.<\/p>\n\n\n\n<p><strong><mark style=\"background-color:rgba(0, 0, 0, 0);color:#046196\" class=\"has-inline-color\">American Express<\/mark><\/strong>, la marca de tarjetas de cr\u00e9dito y de viajes,\u00a0<strong><mark style=\"background-color:#e9b831\" class=\"has-inline-color\">DEJA<\/mark>\u00a0desde hoy<\/strong> <strong><mark style=\"background-color:rgba(0, 0, 0, 0);color:#9f0707\" class=\"has-inline-color\">de ser banco<\/mark><\/strong>, debido a una solicitud para <strong>CANCELAR<\/strong> y dejar de tener la <strong><mark style=\"background-color:#b3d9f1\" class=\"has-inline-color\">licencia de banca m\u00faltiple<\/mark><\/strong>.<\/p>\n\n\n\n<p>.<\/p>\n\n\n\n<p>Dicha solicitud la realiz\u00f3 el pasado <strong>4 <\/strong>de <strong>octubre<\/strong> de <strong>2022<\/strong> ante la Secretar\u00eda de Hacienda (SHCP) y la Comisi\u00f3n Nacional Bancaria y de Valores (CNBV) la cual fue <strong><mark style=\"background-color:#6becbd\" class=\"has-inline-color\">ACEPTADA y PUBLICADA<\/mark><\/strong>\u00a0en el Diario Oficial de la\u00a0<strong>Federaci\u00f3n<\/strong>.<\/p>\n\n\n\n<p>.<\/p>\n\n\n\n<p>Con la <strong>baja<\/strong> de su licencia como banco,\u00a0<strong>American Express<\/strong>\u00a0M\u00e9xico\u00a0<strong>anunci\u00f3 la <mark style=\"background-color:rgba(0, 0, 0, 0)\" class=\"has-inline-color has-vivid-red-color\">consolidaci\u00f3n<\/mark> de sus entidades legales\u00a0<\/strong>bajo la denominaci\u00f3n de\u00a0<strong>American Express<\/strong>\u00a0<strong>Company (M\u00e9xico), S.A. de C.V.<\/strong>, desde la que ofrecer\u00e1 la <strong><mark style=\"background-color:rgba(0, 0, 0, 0)\" class=\"has-inline-color has-vivid-red-color\">totalidad<\/mark><\/strong> de sus productos y servicios, <strong><mark style=\"background-color:rgba(0, 0, 0, 0)\" class=\"has-inline-color has-vivid-red-color\">incluido<\/mark><\/strong> su portafolio de tarjetas de cr\u00e9dito y seguros.<\/p>\n\n\n\n<p><\/p>\n\n\n\n<p>.<\/p>\n\n\n\n<p>Si estas en el <strong><mark style=\"background-color:rgba(0, 0, 0, 0)\" class=\"has-inline-color has-vivid-red-color\">Extranjero <\/mark><\/strong>nosotros somos tu <strong><mark style=\"background-color:rgba(0, 0, 0, 0)\" class=\"has-inline-color has-vivid-green-cyan-color\">mejor<\/mark><\/strong> alternativa para <strong><mark style=\"background-color:rgba(0, 0, 0, 0)\" class=\"has-inline-color has-luminous-vivid-orange-color\">velar<\/mark><\/strong> por tus <strong><mark style=\"background-color:rgba(0, 0, 0, 0)\" class=\"has-inline-color has-vivid-cyan-blue-color\">intereses<\/mark><\/strong>, escr\u00edbenos o ll\u00e1manos al Tel <strong>55581-11311<\/strong>.<\/p>\n\n\n\n<p>.<\/p>\n\n\n\n<p>Cuando<strong> necesites<\/strong> ayuda, <strong>asistencia<\/strong> o <strong>planeaci\u00f3n<\/strong> legal, <strong>solicita<\/strong> <strong>Cita Privada<\/strong> <a rel=\"noreferrer noopener\" href=\"mailto:bi@sm99.mx\" target=\"_blank\"><strong>Aqu\u00ed<\/strong><\/a><\/p>\n\n\n\n<p>La informaci\u00f3n que AQU\u00cd te presentamos <strong>deriva<\/strong> de los <strong>Peri\u00f3dicos Oficiales <\/strong>de la<strong> CdMx<\/strong>, <strong>Estado<\/strong> de Mex., Diario <strong>Oficial<\/strong> de la Federaci\u00f3n, Suprema Corte de<strong> Justicia<\/strong> de la Naci\u00f3n, por lo tanto es de <strong>aplicaci\u00f3n <mark style=\"background-color:rgba(0, 0, 0, 0);color:#f20c0c\" class=\"has-inline-color\">OBLIGATORIA<\/mark><\/strong><\/p>\n\n\n\n<p>La <strong>informaci\u00f3n<\/strong> de hoy procede del Diario Oficial<\/p>\n\n\n\n<p><strong><mark style=\"background-color:rgba(0, 0, 0, 0)\" class=\"has-inline-color has-luminous-vivid-orange-color\">AY\u00daDANOS<\/mark><\/strong> para que m\u00e1s personas conozcan esta informaci\u00f3n, <strong>Comp\u00e1rtelo<\/strong> en tus redes sociales. <\/p>\n\n\n\n<p><\/p>\n","protected":false},"excerpt":{"rendered":"<p>Views: 14 . American Express, la marca de tarjetas de cr\u00e9dito y de viajes,\u00a0DEJA\u00a0desde hoy de ser banco, debido a una solicitud para CANCELAR y dejar de tener la licencia de banca m\u00faltiple. . Dicha solicitud la realiz\u00f3 el pasado 4 de octubre de 2022 ante la Secretar\u00eda de Hacienda (SHCP) y la Comisi\u00f3n Nacional [&hellip;]<\/p>\n","protected":false},"author":3,"featured_media":23345,"comment_status":"closed","ping_status":"open","sticky":false,"template":"","format":"standard","meta":{"_jetpack_memberships_contains_paid_content":false,"footnotes":""},"categories":[4],"tags":[],"jetpack_sharing_enabled":true,"jetpack_featured_media_url":"http:\/\/www.salgadonoticias.com\/wp-content\/uploads\/2023\/07\/american-express.webp","_links":{"self":[{"href":"http:\/\/www.salgadonoticias.com\/index.php?rest_route=\/wp\/v2\/posts\/23342"}],"collection":[{"href":"http:\/\/www.salgadonoticias.com\/index.php?rest_route=\/wp\/v2\/posts"}],"about":[{"href":"http:\/\/www.salgadonoticias.com\/index.php?rest_route=\/wp\/v2\/types\/post"}],"author":[{"embeddable":true,"href":"http:\/\/www.salgadonoticias.com\/index.php?rest_route=\/wp\/v2\/users\/3"}],"replies":[{"embeddable":true,"href":"http:\/\/www.salgadonoticias.com\/index.php?rest_route=%2Fwp%2Fv2%2Fcomments&post=23342"}],"version-history":[{"count":4,"href":"http:\/\/www.salgadonoticias.com\/index.php?rest_route=\/wp\/v2\/posts\/23342\/revisions"}],"predecessor-version":[{"id":23366,"href":"http:\/\/www.salgadonoticias.com\/index.php?rest_route=\/wp\/v2\/posts\/23342\/revisions\/23366"}],"wp:featuredmedia":[{"embeddable":true,"href":"http:\/\/www.salgadonoticias.com\/index.php?rest_route=\/wp\/v2\/media\/23345"}],"wp:attachment":[{"href":"http:\/\/www.salgadonoticias.com\/index.php?rest_route=%2Fwp%2Fv2%2Fmedia&parent=23342"}],"wp:term":[{"taxonomy":"category","embeddable":true,"href":"http:\/\/www.salgadonoticias.com\/index.php?rest_route=%2Fwp%2Fv2%2Fcategories&post=23342"},{"taxonomy":"post_tag","embeddable":true,"href":"http:\/\/www.salgadonoticias.com\/index.php?rest_route=%2Fwp%2Fv2%2Ftags&post=23342"}],"curies":[{"name":"wp","href":"https:\/\/api.w.org\/{rel}","templated":true}]}}