{"id":23355,"date":"2023-07-20T00:46:00","date_gmt":"2023-07-20T06:46:00","guid":{"rendered":"http:\/\/www.salgadonoticias.com\/?p=23355"},"modified":"2023-07-20T17:20:09","modified_gmt":"2023-07-20T23:20:09","slug":"23355","status":"publish","type":"post","link":"http:\/\/www.salgadonoticias.com\/?p=23355","title":{"rendered":"Patrones DEBEN pagar cuotas de INFONAVIT, aunque YA NO exista relaci\u00f3n laboral&#8230;!!!"},"content":{"rendered":"<p>Views: 14<\/p>\n<p>.<\/p>\n\n\n\n<figure class=\"wp-block-embed is-type-video is-provider-youtube wp-block-embed-youtube wp-embed-aspect-16-9 wp-has-aspect-ratio\"><div class=\"wp-block-embed__wrapper\">\n<iframe loading=\"lazy\" title=\"Patrones DEBEN Pagar cuotas de INFONAVIT, Aunque YA NO exista Relaci\u00f3n Laboral\ufffc \u2026!!!\ufffc\" width=\"640\" height=\"360\" src=\"https:\/\/www.youtube.com\/embed\/fXPTUEHLU-4?feature=oembed\" frameborder=\"0\" allow=\"accelerometer; autoplay; clipboard-write; encrypted-media; gyroscope; picture-in-picture; web-share\" referrerpolicy=\"strict-origin-when-cross-origin\" allowfullscreen><\/iframe>\n<\/div><\/figure>\n\n\n\n<p><\/p>\n\n\n\n<p>.<\/p>\n\n\n\n<p>La <strong><mark style=\"background-color:rgba(0, 0, 0, 0);color:#0474b5\" class=\"has-inline-color\">Suprema Corte de Justicia<\/mark><\/strong>, <strong><mark style=\"background-color:rgba(0, 0, 0, 0);color:#ca0c0c\" class=\"has-inline-color\">DETERMIN\u00d3<\/mark><\/strong> que, cuando un<strong> patr\u00f3n <\/strong><span style=\"text-decoration: underline;\">NO inscribi\u00f3 al trabajador al INFONAVIT<\/span>, \u00e9ste <strong>DEBE<\/strong> ser <strong>condenado<\/strong> a realizar el <strong>pago<\/strong> de las <strong>aportaciones<\/strong> por todo el <strong>tiempo<\/strong> que<strong> <span style=\"text-decoration: underline;\">dur\u00f3<\/span><\/strong><span style=\"text-decoration: underline;\"> la relaci\u00f3n de trabajo<\/span>, esto <strong><mark style=\"background-color:#87e4bf\" class=\"has-inline-color\">aun cuando ya no exista<\/mark><\/strong> la relaci\u00f3n de trabajo entre ellos, cuando el trabajador hizo el reclamo de omisi\u00f3n de pago de dichas aportaciones.<\/p>\n\n\n\n<p>.<\/p>\n\n\n\n<p>La Justificaci\u00f3n de la <strong><mark style=\"background-color:rgba(0, 0, 0, 0);color:#0471b0\" class=\"has-inline-color\">SCJN<\/mark><\/strong> es que si en el procedimiento <strong>queda demostrado<\/strong> que el patr\u00f3n <strong><mark style=\"background-color:#fcb900\" class=\"has-inline-color\">NO inscribi\u00f3 al trabajador mientras dur\u00f3 su relaci\u00f3n laboral,<\/mark><\/strong> este DEBER\u00c1 <strong>solventar<\/strong> las aportaciones no enteradas al Infonavit, ya que se <span style=\"text-decoration: underline;\">reconoce al trabajador<\/span> la <strong><mark style=\"background-color:rgba(0, 0, 0, 0)\" class=\"has-inline-color has-luminous-vivid-orange-color\">preexistencia del derecho<\/mark><\/strong> que indebidamente no le fue otorgado, aunque la relaci\u00f3n ya no sea vigente y, a partir de ah\u00ed, est\u00e9 en posibilidad de <strong><mark style=\"background-color:#bcf3dd\" class=\"has-inline-color\">disfrutar los beneficios de la seguridad social que le correspondan<\/mark><\/strong>.<\/p>\n\n\n\n<p>.<\/p>\n\n\n\n<p>.<\/p>\n\n\n\n<p>Este es un Antecedente que ya puede <strong>argumentar <mark style=\"background-color:#ffbc8d\" class=\"has-inline-color\">quien lo conozca<\/mark><\/strong> a partir de <strong><mark style=\"background-color:rgba(0, 0, 0, 0)\" class=\"has-inline-color has-vivid-red-color\">esta semana<\/mark><\/strong> a nivel Nacional. <\/p>\n\n\n\n<p><\/p>\n\n\n\n<p>.<\/p>\n\n\n\n<p>Si estas en el <strong><mark style=\"background-color:rgba(0, 0, 0, 0)\" class=\"has-inline-color has-vivid-red-color\">Extranjero <\/mark><\/strong>nosotros somos tu <strong><mark style=\"background-color:rgba(0, 0, 0, 0)\" class=\"has-inline-color has-vivid-green-cyan-color\">mejor<\/mark><\/strong> alternativa para <strong><mark style=\"background-color:rgba(0, 0, 0, 0)\" class=\"has-inline-color has-luminous-vivid-orange-color\">velar<\/mark><\/strong> por tus <strong><mark style=\"background-color:rgba(0, 0, 0, 0)\" class=\"has-inline-color has-vivid-cyan-blue-color\">intereses<\/mark><\/strong>, escr\u00edbenos o ll\u00e1manos al Tel <strong>55581-11311<\/strong>.<\/p>\n\n\n\n<p>.<\/p>\n\n\n\n<p>Cuando<strong> necesites<\/strong> ayuda, <strong>asistencia<\/strong> o <strong>planeaci\u00f3n<\/strong> legal, <strong>solicita<\/strong> <strong>Cita Privada<\/strong> <a rel=\"noreferrer noopener\" href=\"mailto:bi@sm99.mx\" target=\"_blank\"><strong>Aqu\u00ed<\/strong><\/a><\/p>\n\n\n\n<p>La informaci\u00f3n que AQU\u00cd te presentamos <strong>deriva<\/strong> de los <strong>Peri\u00f3dicos Oficiales <\/strong>de la<strong> CdMx<\/strong>, <strong>Estado<\/strong> de Mex., Diario <strong>Oficial<\/strong> de la Federaci\u00f3n, Suprema Corte de<strong> Justicia<\/strong> de la Naci\u00f3n, por lo tanto es de <strong>aplicaci\u00f3n <mark style=\"background-color:rgba(0, 0, 0, 0);color:#f20c0c\" class=\"has-inline-color\">OBLIGATORIA<\/mark><\/strong><\/p>\n\n\n\n<p>La <strong>informaci\u00f3n<\/strong> de hoy procede de la SCJN<\/p>\n\n\n\n<p><strong><mark style=\"background-color:rgba(0, 0, 0, 0)\" class=\"has-inline-color has-luminous-vivid-orange-color\">AY\u00daDANOS<\/mark><\/strong> para que m\u00e1s personas conozcan esta informaci\u00f3n, <strong>Comp\u00e1rtelo<\/strong> en tus redes sociales. <\/p>\n\n\n\n<p><\/p>\n","protected":false},"excerpt":{"rendered":"<p>Views: 14 . . La Suprema Corte de Justicia, DETERMIN\u00d3 que, cuando un patr\u00f3n NO inscribi\u00f3 al trabajador al INFONAVIT, \u00e9ste DEBE ser condenado a realizar el pago de las aportaciones por todo el tiempo que dur\u00f3 la relaci\u00f3n de trabajo, esto aun cuando ya no exista la relaci\u00f3n de trabajo entre ellos, cuando el [&hellip;]<\/p>\n","protected":false},"author":3,"featured_media":23359,"comment_status":"closed","ping_status":"open","sticky":false,"template":"","format":"standard","meta":{"_jetpack_memberships_contains_paid_content":false,"footnotes":""},"categories":[4],"tags":[],"jetpack_sharing_enabled":true,"jetpack_featured_media_url":"http:\/\/www.salgadonoticias.com\/wp-content\/uploads\/2023\/07\/cuotas.webp","_links":{"self":[{"href":"http:\/\/www.salgadonoticias.com\/index.php?rest_route=\/wp\/v2\/posts\/23355"}],"collection":[{"href":"http:\/\/www.salgadonoticias.com\/index.php?rest_route=\/wp\/v2\/posts"}],"about":[{"href":"http:\/\/www.salgadonoticias.com\/index.php?rest_route=\/wp\/v2\/types\/post"}],"author":[{"embeddable":true,"href":"http:\/\/www.salgadonoticias.com\/index.php?rest_route=\/wp\/v2\/users\/3"}],"replies":[{"embeddable":true,"href":"http:\/\/www.salgadonoticias.com\/index.php?rest_route=%2Fwp%2Fv2%2Fcomments&post=23355"}],"version-history":[{"count":6,"href":"http:\/\/www.salgadonoticias.com\/index.php?rest_route=\/wp\/v2\/posts\/23355\/revisions"}],"predecessor-version":[{"id":23373,"href":"http:\/\/www.salgadonoticias.com\/index.php?rest_route=\/wp\/v2\/posts\/23355\/revisions\/23373"}],"wp:featuredmedia":[{"embeddable":true,"href":"http:\/\/www.salgadonoticias.com\/index.php?rest_route=\/wp\/v2\/media\/23359"}],"wp:attachment":[{"href":"http:\/\/www.salgadonoticias.com\/index.php?rest_route=%2Fwp%2Fv2%2Fmedia&parent=23355"}],"wp:term":[{"taxonomy":"category","embeddable":true,"href":"http:\/\/www.salgadonoticias.com\/index.php?rest_route=%2Fwp%2Fv2%2Fcategories&post=23355"},{"taxonomy":"post_tag","embeddable":true,"href":"http:\/\/www.salgadonoticias.com\/index.php?rest_route=%2Fwp%2Fv2%2Ftags&post=23355"}],"curies":[{"name":"wp","href":"https:\/\/api.w.org\/{rel}","templated":true}]}}