{"id":23706,"date":"2023-08-11T00:20:00","date_gmt":"2023-08-11T05:20:00","guid":{"rendered":"http:\/\/www.salgadonoticias.com\/?p=23706"},"modified":"2023-08-11T16:27:00","modified_gmt":"2023-08-11T21:27:00","slug":"23706","status":"publish","type":"post","link":"http:\/\/www.salgadonoticias.com\/?p=23706","title":{"rendered":"Es Ilegal Fijar Alimentos PROVISIONALES en UMAS&#8230;.!!!"},"content":{"rendered":"<p>Views: 18<\/p>\n<p>.<\/p>\n\n\n\n<figure class=\"wp-block-embed is-type-video is-provider-youtube wp-block-embed-youtube wp-embed-aspect-16-9 wp-has-aspect-ratio\"><div class=\"wp-block-embed__wrapper\">\n<iframe loading=\"lazy\" title=\"Es Ilegal Fijar alimentos PROVISIONALES en UMAS \u2026!!!\" width=\"640\" height=\"360\" src=\"https:\/\/www.youtube.com\/embed\/sKpPiyZl-Kw?feature=oembed\" frameborder=\"0\" allow=\"accelerometer; autoplay; clipboard-write; encrypted-media; gyroscope; picture-in-picture; web-share\" referrerpolicy=\"strict-origin-when-cross-origin\" allowfullscreen><\/iframe>\n<\/div><\/figure>\n\n\n\n<p>.<\/p>\n\n\n\n<p>Este ANTECEDENTE, surge:<\/p>\n\n\n\n<p>Luego de que la <strong>tercera interesada<\/strong> en un<strong> <mark style=\"background-color:rgba(0, 0, 0, 0)\" class=\"has-inline-color has-vivid-red-color\">juicio especial<\/mark><\/strong> <strong>oral de <mark style=\"background-color:rgba(0, 0, 0, 0)\" class=\"has-inline-color has-vivid-red-color\">alimentos<\/mark><\/strong> impugnara la resoluci\u00f3n de un juez el cual otorg\u00f3 la protecci\u00f3n constitucional a un <strong>deudor alimentario<\/strong> al <strong>solicitar<\/strong> que el pago de <strong><mark style=\"background-color:#fcb900\" class=\"has-inline-color\">Alimentos Provisionales<\/mark><\/strong> que <strong><mark style=\"background-color:rgba(0, 0, 0, 0)\" class=\"has-inline-color has-vivid-red-color\">deber\u00eda ser<\/mark><\/strong> conforme al valor de la <strong>UMA<\/strong> y <strong><mark style=\"background-color:rgba(0, 0, 0, 0)\" class=\"has-inline-color has-vivid-red-color\">NO<\/mark><\/strong> conforme al <strong><mark style=\"background-color:rgba(0, 0, 0, 0)\" class=\"has-inline-color has-black-color\">Salario<\/mark><mark style=\"background-color:rgba(0, 0, 0, 0)\" class=\"has-inline-color has-vivid-red-color\"> M\u00ednimo<\/mark><\/strong> como lo hab\u00eda determinado el juez de primera instancia.<\/p>\n\n\n\n<p>.<\/p>\n\n\n\n<p>La <strong><mark style=\"background-color:rgba(0, 0, 0, 0);color:#1506a8\" class=\"has-inline-color\">Suprema Corte de Justicia<\/mark> <\/strong>a trav\u00e9s de un Tribunal colegiado, <strong><mark style=\"background-color:rgba(0, 0, 0, 0);color:#920202\" class=\"has-inline-color\">DETERMIN\u00d3<\/mark><\/strong> que los <mark style=\"background-color:#e9c152\" class=\"has-inline-color\">Alimentos <strong>PROVISIONALES<\/strong><\/mark> que los <strong><span style=\"text-decoration: underline;\">padres tienen que pagar<\/span><\/strong> a sus hijos durante el proceso de un divorcio, <mark style=\"background-color:#accadd\" class=\"has-inline-color\"><strong>DEBER\u00c1N<\/strong> <strong>calcularse<\/strong> en <strong>salarios m\u00ednimos<\/strong><\/mark> y <mark style=\"background-color:rgba(0, 0, 0, 0)\" class=\"has-inline-color has-vivid-red-color\"><strong>NO<\/strong> <\/mark><mark style=\"background-color:rgba(0, 0, 0, 0)\" class=\"has-inline-color has-black-color\">en<\/mark><mark style=\"background-color:rgba(0, 0, 0, 0)\" class=\"has-inline-color has-vivid-red-color\"> <strong>UMAS<\/strong><\/mark>, con lo que se <strong><mark style=\"background-color:#ff6900\" class=\"has-inline-color\">declarar inconstitucional<\/mark><\/strong> un art\u00edculo 464, fracc I del C\u00f3digo Familiar de Michoac\u00e1n.<\/p>\n\n\n\n<p>.<\/p>\n\n\n\n<p>La justificaci\u00f3n es porque al se\u00f1alar que en el auto de <mark style=\"background-color:#ff6900\" class=\"has-inline-color\"><strong>admisi\u00f3n<\/strong> de la <strong>demanda<\/strong><\/mark><strong> <\/strong>el <strong>Juez<\/strong> de instrucci\u00f3n debe <mark style=\"background-color:#fcb900\" class=\"has-inline-color\"><strong>fijar<\/strong> de inmediato<\/mark> una <strong>pensi\u00f3n provisional<\/strong> <strong>equivalente<\/strong> a una <strong>UMA <\/strong>diaria por <strong>cada uno<\/strong> de los acreedores alimentistas, esto <strong><mark style=\"background-color:rgba(0, 0, 0, 0)\" class=\"has-inline-color has-vivid-red-color\">NO SE AJUSTA<\/mark> <\/strong>a lo establecido por el art\u00edculo 123, apartado A, fracci\u00f3n VI, segundo p\u00e1rrafo, de la Constituci\u00f3n y, por ende, <mark style=\"background-color:rgba(0, 0, 0, 0)\" class=\"has-inline-color has-vivid-red-color\">resulta <strong>inconstitucional<\/strong><\/mark>, REGULAR derechos alimentarios con base en una norma constitucional que no es acorde con los derechos de familia.<\/p>\n\n\n\n<p>Y atendiendo al efecto del art. 26, apartado B, pen\u00faltimo p\u00e1rrafo, de la Constituci\u00f3n General que establece a la <strong>UMA<\/strong> como<strong><mark style=\"background-color:rgba(0, 0, 0, 0)\" class=\"has-inline-color has-vivid-red-color\"> unidad de cuenta<\/mark><\/strong>, \u00edndice, base, medida o referencia para determinar la cuant\u00eda del <strong>pago <\/strong>de las <strong>obligaciones<\/strong> y <strong>supuestos previstos<\/strong> en las leyes federales, de los estados y la cdmx; <strong>esto no aplica<\/strong> <strong><mark style=\"background-color:#fcb900\" class=\"has-inline-color\">para la pensi\u00f3n alimenticia provisional<\/mark><\/strong>, ya que <strong>esta<\/strong> <strong><mark style=\"background-color:rgba(0, 0, 0, 0)\" class=\"has-inline-color has-vivid-red-color\">deber ser acorde <\/mark><\/strong>con el art. 123, el cual prev\u00e9 que los <strong>salarios m\u00ednimos<\/strong> generales <strong>deber\u00e1n ser suficientes <\/strong>para <strong><mark style=\"background-color:rgba(0, 0, 0, 0)\" class=\"has-inline-color has-vivid-red-color\">satisfacer las necesidades normales<\/mark><\/strong> de un jefe de familia, en el orden material, social y cultural, y para <strong>proveer<\/strong> a la educaci\u00f3n obligatoria de los hijos.<\/p>\n\n\n\n<p><\/p>\n\n\n\n<p>.<\/p>\n\n\n\n<p>Esta resoluci\u00f3n ya puede <strong><mark><mark style=\"background-color:#708d9e\" class=\"has-inline-color has-black-color\">ARGUMENTARSE<\/mark><\/mark><\/strong> en todo el pa\u00eds a partir de esta semana.<\/p>\n\n\n\n<p>.<\/p>\n\n\n\n<p>Si estas en el <strong><mark style=\"background-color:rgba(0, 0, 0, 0)\" class=\"has-inline-color has-vivid-red-color\">extranjero<\/mark><\/strong> nosotros somos tu <strong><mark style=\"background-color:rgba(0, 0, 0, 0)\" class=\"has-inline-color has-vivid-green-cyan-color\">mejor<\/mark><\/strong> alternativa para<strong><mark style=\"background-color:rgba(0, 0, 0, 0)\" class=\"has-inline-color has-luminous-vivid-orange-color\"> velar<\/mark><\/strong> por tus <strong><mark style=\"background-color:rgba(0, 0, 0, 0)\" class=\"has-inline-color has-vivid-cyan-blue-color\">intereses<\/mark><\/strong>, escr\u00edbenos o ll\u00e1manos al Tel <strong>55581-11311<\/strong>.<\/p>\n\n\n\n<p>.<\/p>\n\n\n\n<p>Cuando <strong>necesites<\/strong> ayuda, <strong>asistencia<\/strong> o <strong>planeaci\u00f3n<\/strong> legal, <strong>solicita Cita Privada<\/strong> <a rel=\"noreferrer noopener\" href=\"mailto:bi@sm99.mx\" target=\"_blank\"><strong>Aqu\u00ed<\/strong><\/a><\/p>\n\n\n\n<p>.<\/p>\n\n\n\n<p>La informaci\u00f3n que AQU\u00cd te presentamos <strong>deriva<\/strong> de los <strong>Peri\u00f3dicos Oficiales<\/strong> de la <strong>CdMx, Estado <\/strong>de M\u00e9x., Diario <strong>Oficial<\/strong> de la Federaci\u00f3n, Suprema Corte de <strong>Justicia<\/strong> de la Naci\u00f3n, lo tanto es de <strong>aplicaci\u00f3n Obligatoria.<\/strong><\/p>\n\n\n\n<p>La informaci\u00f3n de hoy procede de la Suprema Corte<\/p>\n\n\n\n<p><strong><mark style=\"background-color:rgba(0, 0, 0, 0)\" class=\"has-inline-color has-luminous-vivid-orange-color\">Ay\u00fadanos<\/mark> <\/strong>para que m\u00e1s personas conozcan esta informaci\u00f3n, <strong>Comp\u00e1rtelo<\/strong> en tus redes sociales.<\/p>\n","protected":false},"excerpt":{"rendered":"<p>Views: 18 . . Este ANTECEDENTE, surge: Luego de que la tercera interesada en un juicio especial oral de alimentos impugnara la resoluci\u00f3n de un juez el cual otorg\u00f3 la protecci\u00f3n constitucional a un deudor alimentario al solicitar que el pago de Alimentos Provisionales que deber\u00eda ser conforme al valor de la UMA y NO [&hellip;]<\/p>\n","protected":false},"author":3,"featured_media":23716,"comment_status":"closed","ping_status":"open","sticky":false,"template":"","format":"standard","meta":{"_jetpack_memberships_contains_paid_content":false,"footnotes":""},"categories":[1],"tags":[],"jetpack_sharing_enabled":true,"jetpack_featured_media_url":"http:\/\/www.salgadonoticias.com\/wp-content\/uploads\/2023\/08\/pension-3.jpg","_links":{"self":[{"href":"http:\/\/www.salgadonoticias.com\/index.php?rest_route=\/wp\/v2\/posts\/23706"}],"collection":[{"href":"http:\/\/www.salgadonoticias.com\/index.php?rest_route=\/wp\/v2\/posts"}],"about":[{"href":"http:\/\/www.salgadonoticias.com\/index.php?rest_route=\/wp\/v2\/types\/post"}],"author":[{"embeddable":true,"href":"http:\/\/www.salgadonoticias.com\/index.php?rest_route=\/wp\/v2\/users\/3"}],"replies":[{"embeddable":true,"href":"http:\/\/www.salgadonoticias.com\/index.php?rest_route=%2Fwp%2Fv2%2Fcomments&post=23706"}],"version-history":[{"count":7,"href":"http:\/\/www.salgadonoticias.com\/index.php?rest_route=\/wp\/v2\/posts\/23706\/revisions"}],"predecessor-version":[{"id":23737,"href":"http:\/\/www.salgadonoticias.com\/index.php?rest_route=\/wp\/v2\/posts\/23706\/revisions\/23737"}],"wp:featuredmedia":[{"embeddable":true,"href":"http:\/\/www.salgadonoticias.com\/index.php?rest_route=\/wp\/v2\/media\/23716"}],"wp:attachment":[{"href":"http:\/\/www.salgadonoticias.com\/index.php?rest_route=%2Fwp%2Fv2%2Fmedia&parent=23706"}],"wp:term":[{"taxonomy":"category","embeddable":true,"href":"http:\/\/www.salgadonoticias.com\/index.php?rest_route=%2Fwp%2Fv2%2Fcategories&post=23706"},{"taxonomy":"post_tag","embeddable":true,"href":"http:\/\/www.salgadonoticias.com\/index.php?rest_route=%2Fwp%2Fv2%2Ftags&post=23706"}],"curies":[{"name":"wp","href":"https:\/\/api.w.org\/{rel}","templated":true}]}}