{"id":25535,"date":"2023-12-02T01:00:00","date_gmt":"2023-12-02T07:00:00","guid":{"rendered":"https:\/\/www.salgadonoticias.com\/?p=25535"},"modified":"2023-12-01T14:05:55","modified_gmt":"2023-12-01T20:05:55","slug":"25535","status":"publish","type":"post","link":"http:\/\/www.salgadonoticias.com\/?p=25535","title":{"rendered":"EdoM\u00e9x&#8230;Requisitos para ser Consejero Ciudadano&#8230;!!!"},"content":{"rendered":"<p>Views: 15<\/p>\n<p>.<\/p>\n\n\n\n<p>Con la <strong><mark style=\"background-color:rgba(0, 0, 0, 0)\" class=\"has-inline-color has-black-color\">reforma<\/mark><\/strong> al <strong><mark style=\"background-color:rgba(0, 0, 0, 0);color:#870505\" class=\"has-inline-color\">art\u00edculo 40<\/mark><\/strong> de la <strong>Ley de la Comisi\u00f3n de Derechos Humanos del EdoMex,<\/strong> <span style=\"text-decoration: underline;\">a partir de esta semana,<\/span> las personas que <span style=\"text-decoration: underline;\">pretendan\u00a0ser<\/span> <strong><mark style=\"background-color:#9af0ce\" class=\"has-inline-color\">Consejeros Ciudadanos<\/mark><\/strong> <strong><mark style=\"background-color:rgba(0, 0, 0, 0);color:#b70655\" class=\"has-inline-color\">DEBER\u00c1N<\/mark><\/strong> cubrir estos <strong>requisitos<\/strong>:<\/p>\n\n\n\n<ul>\n<li><mark style=\"background-color:#a5cff3\" class=\"has-inline-color\"><strong>Ser Mexicano<\/strong> con pleno goce y ejercicio de sus derechos civiles y pol\u00edticos<\/mark><\/li>\n\n\n\n<li><mark style=\"background-color:#f8ef34\" class=\"has-inline-color\">Tener <strong>residencia<\/strong> efectiva en el Edo. Mex, <strong>no menor a tres <u>a\u00f1os<\/u><\/strong> anteriores al d\u00eda de su designaci\u00f3n;<\/mark><\/li>\n\n\n\n<li><mark style=\"background-color:#5df71c\" class=\"has-inline-color\"><strong>Acredita<\/strong>r su <strong>labor<\/strong> en la <strong>promoci\u00f3n, defensa, estudio o difusi\u00f3n de los derechos humanos<\/strong> en el estado y,<\/mark><\/li>\n\n\n\n<li><mark style=\"background-color:#f2635e\" class=\"has-inline-color has-black-color\"><strong>No tener sentencia<\/strong> por <strong>delitos<\/strong> contra:<\/mark><ul><li><mark style=\"background-color:#c7cacc\" class=\"has-inline-color\"><strong>El pleno desarrollo y la dignidad de la persona<\/strong>, <strong>contra el libre desarrollo de la personalidad y la identidad sexual<\/strong>,<\/mark> <\/li><\/ul><\/li>\n\n\n\n<li><ul><li><strong><mark style=\"background-color:#f4dea1\" class=\"has-inline-color\">Incumplimiento de obligaciones Alimentarias,<\/mark><\/strong><\/li><\/ul><\/li>\n\n\n\n<li><ul><li><mark style=\"background-color:#b1f3db\" class=\"has-inline-color\"><strong>Violencia familiar<\/strong>, as\u00ed como<\/mark><\/li><\/ul>\n<ul>\n<li><strong><mark style=\"background-color:#d6b7be\" class=\"has-inline-color\">Contra la libertad, seguridad y tranquilidad de las personas.<\/mark><\/strong><\/li>\n<\/ul>\n<\/li>\n<\/ul>\n\n\n\n<p>.<\/p>\n\n\n\n<p><span style=\"text-decoration: underline;\">Antes de la reforma<\/span>, s\u00f3lo se requer\u00eda <strong>gozar de reconocido prestigio<\/strong> y <strong>experiencia en derechos humanos.<\/strong><\/p>\n\n\n\n<p>.<\/p>\n\n\n\n<p> <p>Si estas en el <strong><mark style=\"background-color:rgba(0, 0, 0, 0)\" class=\"has-inline-color has-vivid-red-color\">Extranjero <\/mark><\/strong>nosotros somos tu <strong><mark style=\"background-color:rgba(0, 0, 0, 0)\" class=\"has-inline-color has-vivid-green-cyan-color\">mejor<\/mark><\/strong> alternativa para <strong><mark style=\"background-color:rgba(0, 0, 0, 0)\" class=\"has-inline-color has-luminous-vivid-orange-color\">velar<\/mark><\/strong> por tus <strong><mark style=\"background-color:rgba(0, 0, 0, 0)\" class=\"has-inline-color has-vivid-cyan-blue-color\">intereses<\/mark><\/strong>, escr\u00edbenos o ll\u00e1manos al Tel <strong>55581-11311<\/strong>.<\/p>   <p>.<\/p> <span style=\"font-size: revert; color: initial;\">Cuando<\/span><strong style=\"font-size: revert; color: initial;\"> necesites<\/strong><span style=\"font-size: revert; color: initial;\"> ayuda, <\/span><strong style=\"font-size: revert; color: initial;\">asistencia<\/strong><span style=\"font-size: revert; color: initial;\"> o <\/span><strong style=\"font-size: revert; color: initial;\">planeaci\u00f3n<\/strong><span style=\"font-size: revert; color: initial;\"> legal, <\/span><strong style=\"font-size: revert; color: initial;\">solicita<\/strong><span style=\"font-size: revert; color: initial;\"> <\/span><strong style=\"font-size: revert; color: initial;\">Cita Privada<\/strong><span style=\"font-size: revert; color: initial;\"> <\/span><a rel=\"noreferrer noopener\" style=\"font-size: revert;\" href=\"mailto:bi@sm99.mx\" target=\"_blank\"><strong>Aqu\u00ed<\/strong><\/a>   <p class=\"has-text-align-justify\">La informaci\u00f3n que AQU\u00cd te presentamos <strong>deriva<\/strong> de los <strong>Peri\u00f3dicos Oficiales <\/strong>de la<strong> CdMx<\/strong>, <strong>Estado<\/strong> de Mex., Diario <strong>Oficial<\/strong> de la Federaci\u00f3n, Suprema Corte de<strong> Justicia<\/strong> de la Naci\u00f3n, por lo tanto es de <strong>aplicaci\u00f3n OBLIGATORIA<\/strong><\/p>   <p>La <strong>informaci\u00f3n<\/strong> de hoy procede de la Gaceta del EdoMex.<\/p>   <p><strong><mark style=\"background-color:rgba(0, 0, 0, 0)\" class=\"has-inline-color has-luminous-vivid-orange-color\">AY\u00daDANOS<\/mark><\/strong> para que m\u00e1s personas conozcan esta informaci\u00f3n, <strong>Comp\u00e1rtelo<\/strong> en tus redes sociales. <\/p> <\/p>\n","protected":false},"excerpt":{"rendered":"<p>Views: 15 . Con la reforma al art\u00edculo 40 de la Ley de la Comisi\u00f3n de Derechos Humanos del EdoMex, a partir de esta semana, las personas que pretendan\u00a0ser Consejeros Ciudadanos DEBER\u00c1N cubrir estos requisitos: . Antes de la reforma, s\u00f3lo se requer\u00eda gozar de reconocido prestigio y experiencia en derechos humanos. . Si estas [&hellip;]<\/p>\n","protected":false},"author":3,"featured_media":25538,"comment_status":"closed","ping_status":"open","sticky":false,"template":"","format":"standard","meta":{"_jetpack_memberships_contains_paid_content":false,"footnotes":""},"categories":[8],"tags":[],"jetpack_sharing_enabled":true,"jetpack_featured_media_url":"http:\/\/www.salgadonoticias.com\/wp-content\/uploads\/2023\/12\/consejero.jpeg","_links":{"self":[{"href":"http:\/\/www.salgadonoticias.com\/index.php?rest_route=\/wp\/v2\/posts\/25535"}],"collection":[{"href":"http:\/\/www.salgadonoticias.com\/index.php?rest_route=\/wp\/v2\/posts"}],"about":[{"href":"http:\/\/www.salgadonoticias.com\/index.php?rest_route=\/wp\/v2\/types\/post"}],"author":[{"embeddable":true,"href":"http:\/\/www.salgadonoticias.com\/index.php?rest_route=\/wp\/v2\/users\/3"}],"replies":[{"embeddable":true,"href":"http:\/\/www.salgadonoticias.com\/index.php?rest_route=%2Fwp%2Fv2%2Fcomments&post=25535"}],"version-history":[{"count":3,"href":"http:\/\/www.salgadonoticias.com\/index.php?rest_route=\/wp\/v2\/posts\/25535\/revisions"}],"predecessor-version":[{"id":25541,"href":"http:\/\/www.salgadonoticias.com\/index.php?rest_route=\/wp\/v2\/posts\/25535\/revisions\/25541"}],"wp:featuredmedia":[{"embeddable":true,"href":"http:\/\/www.salgadonoticias.com\/index.php?rest_route=\/wp\/v2\/media\/25538"}],"wp:attachment":[{"href":"http:\/\/www.salgadonoticias.com\/index.php?rest_route=%2Fwp%2Fv2%2Fmedia&parent=25535"}],"wp:term":[{"taxonomy":"category","embeddable":true,"href":"http:\/\/www.salgadonoticias.com\/index.php?rest_route=%2Fwp%2Fv2%2Fcategories&post=25535"},{"taxonomy":"post_tag","embeddable":true,"href":"http:\/\/www.salgadonoticias.com\/index.php?rest_route=%2Fwp%2Fv2%2Ftags&post=25535"}],"curies":[{"name":"wp","href":"https:\/\/api.w.org\/{rel}","templated":true}]}}