{"id":26164,"date":"2024-01-15T00:35:00","date_gmt":"2024-01-15T06:35:00","guid":{"rendered":"https:\/\/www.salgadonoticias.com\/?p=26164"},"modified":"2024-01-15T17:52:28","modified_gmt":"2024-01-15T23:52:28","slug":"juicio-contencioso-advto-notificaciones-en-linea-surten-el-dia-habil-siguiente","status":"publish","type":"post","link":"http:\/\/www.salgadonoticias.com\/?p=26164","title":{"rendered":"Sentencias en Juicios Contencioso Admitivos, SURTEN el d\u00eda H\u00e1bil Siguiente&#8230;!!!"},"content":{"rendered":"<p>Views: 13<\/p>\n<p>.<\/p>\n\n\n\n<figure class=\"wp-block-embed is-type-video is-provider-youtube wp-block-embed-youtube wp-embed-aspect-16-9 wp-has-aspect-ratio\"><div class=\"wp-block-embed__wrapper\">\n<iframe loading=\"lazy\" title=\"Sentencias en Juicios Contencioso Admitivos. SURTEN el d\u00eda H\u00e1bil...\" width=\"640\" height=\"360\" src=\"https:\/\/www.youtube.com\/embed\/ZxOl_f9pQ08?start=8&#038;feature=oembed\" frameborder=\"0\" allow=\"accelerometer; autoplay; clipboard-write; encrypted-media; gyroscope; picture-in-picture; web-share\" referrerpolicy=\"strict-origin-when-cross-origin\" allowfullscreen><\/iframe>\n<\/div><\/figure>\n\n\n\n<p>.<\/p>\n\n\n\n<p>Este ANTECEDENTE <\/p>\n\n\n\n<p class=\"has-text-align-justify\"><strong><mark style=\"background-color:rgba(0, 0, 0, 0)\" class=\"has-inline-color has-luminous-vivid-orange-color\">Surge<\/mark> <\/strong>luego de que Tribunales Colegiados de Circuito llegaron a <strong>conclusiones <mark style=\"background-color:rgba(0, 0, 0, 0)\" class=\"has-inline-color has-vivid-red-color\">diferentes<\/mark><\/strong>, al analizar <mark style=\"background-color:rgba(0, 0, 0, 0);color:#3f017a\" class=\"has-inline-color\">a partir de qu\u00e9 momento <strong>surten efectos las notificaciones<\/strong> de las <strong>sentencias dictadas<\/strong><\/mark> por el Tribunal Federal de Justicia Administrativa, en los juicios contenciosos administrativos tramitados <mark style=\"background-color:rgba(0, 0, 0, 0);color:#340362\" class=\"has-inline-color\"><strong>a trav\u00e9s del Sistema de Justicia en L\u00ednea<\/strong>, <\/mark><mark style=\"background-color:rgba(0, 0, 0, 0)\" class=\"has-inline-color has-black-color\">uno estim\u00f3 que ello<\/mark><mark style=\"background-color:rgba(0, 0, 0, 0);color:#340362\" class=\"has-inline-color\"> <strong>acontec\u00eda al d\u00eda h\u00e1bil<\/strong> <strong>siguiente<\/strong><\/mark> <span style=\"text-decoration: underline;\">a aquel en que se efectuaran<\/span>, mientras que el otro dec\u00eda que <strong><mark style=\"background-color:rgba(0, 0, 0, 0);color:#a50572\" class=\"has-inline-color\">surt\u00edan efectos de manera inmediata<\/mark><\/strong>, acorde con la fecha y hora que constara en el acuse de recibo electr\u00f3nico.<\/p>\n\n\n\n<p>.<\/p>\n\n\n\n<p class=\"has-text-align-justify\">La<strong> <mark style=\"background-color:rgba(0, 0, 0, 0);color:#13066f\" class=\"has-inline-color\">Suprema Corte de Justica<\/mark> <\/strong>a trav\u00e9s de su Pleno Regional en Materia Administrativa, <strong><mark style=\"background-color:rgba(0, 0, 0, 0);color:#7c0404\" class=\"has-inline-color\">DETERMIN\u00d3<\/mark><\/strong> que  las <strong><mark style=\"background-color:#fdcd49\" class=\"has-inline-color\">Sentencias<\/mark><\/strong> de los <span style=\"text-decoration: underline;\">juicios contenciosos administrativos<\/span> <strong><mark style=\"background-color:rgba(0, 0, 0, 0)\" class=\"has-inline-color has-luminous-vivid-orange-color\">tramitados en el portal de Internet<\/mark> <\/strong>del  <span style=\"text-decoration: underline;\">Tribunal Federal de Justicia Administrativa<\/span>, <mark style=\"background-color:#8af754\" class=\"has-inline-color\"><strong>surte efectos <\/strong>el <strong>d\u00eda h\u00e1bil siguiente<\/strong> <strong>a aquel en que se practic\u00f3<\/strong>.<\/mark><\/p>\n\n\n\n<p>.<\/p>\n\n\n\n<p class=\"has-text-align-justify\">La justificaci\u00f3n de la <strong><mark style=\"background-color:rgba(0, 0, 0, 0);color:#090280\" class=\"has-inline-color\">SCJN<\/mark><\/strong> es conforme a la <strong><mark style=\"background-color:rgba(0, 0, 0, 0)\" class=\"has-inline-color has-vivid-red-color\">interpretaci\u00f3n<\/mark><\/strong> del <span style=\"text-decoration: underline;\">art\u00edculo<\/span> <strong><mark style=\"background-color:rgba(0, 0, 0, 0)\" class=\"has-inline-color has-vivid-red-color\">58-A<\/mark><\/strong> de la <em>Ley Federal de Procedimiento Contencioso Administrativo<\/em>, el cual <strong><mark style=\"background-color:rgba(0, 0, 0, 0);color:#07016e\" class=\"has-inline-color\">establece<\/mark><\/strong> en forma expresa que en todo <strong><mark style=\"background-color:#93eacc\" class=\"has-inline-color\">lo no previsto para la sustanciaci\u00f3n y resoluci\u00f3n del juicio contencioso administrativo federal en l\u00ednea<\/mark><\/strong>, en el T\u00edtulo II, Cap\u00edtulo X, denominado \u201cDel Juicio en L\u00ednea\u201d, se <strong><mark style=\"background-color:rgba(0, 0, 0, 0)\" class=\"has-inline-color has-vivid-red-color\">aplicar\u00e1n<\/mark><\/strong> las dem\u00e1s <strong><mark style=\"background-color:rgba(0, 0, 0, 0)\" class=\"has-inline-color has-vivid-red-color\">disposiciones<\/mark><\/strong> que resulten aplicables, <mark style=\"background-color:rgba(0, 0, 0, 0)\" class=\"has-inline-color has-black-color\">en <\/mark><strong><mark style=\"background-color:rgba(0, 0, 0, 0)\" class=\"has-inline-color has-black-color\">concordancia con el art\u00edculo 58-N, fracci\u00f3n V<\/mark><\/strong>, de la ley mencionada, que <strong><mark style=\"background-color:#f3a0b5\" class=\"has-inline-color\">prev\u00e9 el momento en que se tiene por legalmente hecha una notificaci\u00f3n<\/mark><\/strong> realizada en los juicios tramitados por esa v\u00eda, esto es, en <mark style=\"background-color:#f3cc5f\" class=\"has-inline-color\"><strong>la fecha<\/strong> y <strong>hora<\/strong><\/mark> que se haga <strong><mark style=\"background-color:#edc044\" class=\"has-inline-color\">CONSTAR<\/mark><\/strong> en el <strong><mark style=\"background-color:#f3c33d\" class=\"has-inline-color has-black-color\">Acuse de Recibo Electr\u00f3nico<\/mark><\/strong>, ya que esto  permite establecer que para <strong><mark style=\"background-color:#cce3f8\" class=\"has-inline-color\">determinar<\/mark><\/strong> el momento <mark style=\"background-color:#c7e4fd\" class=\"has-inline-color\"><strong>a partir del cual surten efectos las notificaciones practicadas en el juicio en l\u00ednea<\/strong>.<\/mark><\/p>\n\n\n\n<p>.<\/p>\n\n\n\n<p class=\"has-text-align-justify\">Tambi\u00e9n resulta <strong><mark style=\"background-color:rgba(0, 0, 0, 0);color:#9e0735\" class=\"has-inline-color\">aplicable<\/mark><\/strong> lo <span style=\"text-decoration: underline;\">se\u00f1alado<\/span> en el art\u00edculo 70 de la misma ley, en el <strong><mark style=\"background-color:rgba(0, 0, 0, 0);color:#910226\" class=\"has-inline-color\">sentido de que las notificaciones surtir\u00e1n sus efectos el d\u00eda h\u00e1bil siguiente a aquel en que fueren hechas<\/mark><\/strong>. <\/p>\n\n\n\n<p class=\"has-text-align-justify\">Lo anterior significa que las notificaciones practicadas en los juicios contenciosos administrativos <strong><mark style=\"background-color:#ff6900\" class=\"has-inline-color\">tramitados en l\u00ednea<\/mark><\/strong>, surten sus efectos al d\u00eda h\u00e1bil siguiente a aquel en que se tienen por legalmente practicadas.<\/p>\n\n\n\n<p>.<\/p>\n\n\n\n<p>Esta <strong><mark style=\"background-color:#f3c8d3\" class=\"has-inline-color\">DETERMINACI\u00d3N<\/mark> <\/strong>es de <strong>aplicaci\u00f3n <mark style=\"background-color:rgba(0, 0, 0, 0);color:#8f0303\" class=\"has-inline-color\">OBLIGATORIA<\/mark> <\/strong>en todo el pa\u00eds a partir de esta semana..<\/p>\n\n\n\n<p class=\"has-small-font-size\"><strong><mark style=\"background-color:rgba(0, 0, 0, 0);color:#450680\" class=\"has-inline-color\"> Jurisprudencia Administrativa<\/mark><\/strong><\/p>\n\n\n\n<p>.<\/p>\n\n\n\n<p>.<\/p>\n\n\n\n<p class=\"wp-embed-aspect-16-9 wp-has-aspect-ratio\">Si estas en el <strong><mark style=\"background-color:rgba(0, 0, 0, 0)\" class=\"has-inline-color has-vivid-red-color\">Extranjero <\/mark><\/strong>nosotros somos tu <strong><mark style=\"background-color:rgba(0, 0, 0, 0)\" class=\"has-inline-color has-vivid-green-cyan-color\">mejor<\/mark><\/strong> alternativa para <strong><mark style=\"background-color:rgba(0, 0, 0, 0)\" class=\"has-inline-color has-luminous-vivid-orange-color\">velar<\/mark><\/strong> por tus <strong><mark style=\"background-color:rgba(0, 0, 0, 0)\" class=\"has-inline-color has-vivid-cyan-blue-color\">intereses<\/mark><\/strong>, escr\u00edbenos o ll\u00e1manos al Tel <strong>55581-11311<\/strong>.<\/p>\n\n\n\n<p>.<\/p>\n\n\n\n<p>Cuando<strong> necesites<\/strong> ayuda, <strong>asistencia<\/strong> o <strong>planeaci\u00f3n<\/strong> legal, <strong>solicita<\/strong> <strong>Cita Privada<\/strong> <a rel=\"noreferrer noopener\" href=\"mailto:bi@sm99.mx\" target=\"_blank\"><strong>Aqu\u00ed<\/strong><\/a><\/p>\n\n\n\n<p>La informaci\u00f3n que AQU\u00cd te presentamos <strong>deriva<\/strong> de los <strong>Peri\u00f3dicos Oficiales <\/strong>de la<strong> CdMx<\/strong>, <strong>Estado<\/strong> de Mex., Diario <strong>Oficial<\/strong> de la Federaci\u00f3n, Suprema Corte de<strong> Justicia<\/strong> de la Naci\u00f3n, por lo tanto es de <strong>aplicaci\u00f3n OBLIGATORIA<\/strong><\/p>\n\n\n\n<p>Esta informaci\u00f3n procede de la Suprema Corte<\/p>\n\n\n\n<p><strong><mark style=\"background-color:rgba(0, 0, 0, 0)\" class=\"has-inline-color has-luminous-vivid-orange-color\">AY\u00daDANOS<\/mark><\/strong> para que m\u00e1s personas conozcan esta informaci\u00f3n, <strong>Comp\u00e1rtelo<\/strong> en tus redes sociales<\/p>\n","protected":false},"excerpt":{"rendered":"<p>Views: 13 . . Este ANTECEDENTE Surge luego de que Tribunales Colegiados de Circuito llegaron a conclusiones diferentes, al analizar a partir de qu\u00e9 momento surten efectos las notificaciones de las sentencias dictadas por el Tribunal Federal de Justicia Administrativa, en los juicios contenciosos administrativos tramitados a trav\u00e9s del Sistema de Justicia en L\u00ednea, uno [&hellip;]<\/p>\n","protected":false},"author":3,"featured_media":26167,"comment_status":"closed","ping_status":"open","sticky":false,"template":"","format":"standard","meta":{"_jetpack_memberships_contains_paid_content":false,"footnotes":""},"categories":[4],"tags":[],"jetpack_sharing_enabled":true,"jetpack_featured_media_url":"http:\/\/www.salgadonoticias.com\/wp-content\/uploads\/2024\/01\/sentencia.jpg","_links":{"self":[{"href":"http:\/\/www.salgadonoticias.com\/index.php?rest_route=\/wp\/v2\/posts\/26164"}],"collection":[{"href":"http:\/\/www.salgadonoticias.com\/index.php?rest_route=\/wp\/v2\/posts"}],"about":[{"href":"http:\/\/www.salgadonoticias.com\/index.php?rest_route=\/wp\/v2\/types\/post"}],"author":[{"embeddable":true,"href":"http:\/\/www.salgadonoticias.com\/index.php?rest_route=\/wp\/v2\/users\/3"}],"replies":[{"embeddable":true,"href":"http:\/\/www.salgadonoticias.com\/index.php?rest_route=%2Fwp%2Fv2%2Fcomments&post=26164"}],"version-history":[{"count":12,"href":"http:\/\/www.salgadonoticias.com\/index.php?rest_route=\/wp\/v2\/posts\/26164\/revisions"}],"predecessor-version":[{"id":26202,"href":"http:\/\/www.salgadonoticias.com\/index.php?rest_route=\/wp\/v2\/posts\/26164\/revisions\/26202"}],"wp:featuredmedia":[{"embeddable":true,"href":"http:\/\/www.salgadonoticias.com\/index.php?rest_route=\/wp\/v2\/media\/26167"}],"wp:attachment":[{"href":"http:\/\/www.salgadonoticias.com\/index.php?rest_route=%2Fwp%2Fv2%2Fmedia&parent=26164"}],"wp:term":[{"taxonomy":"category","embeddable":true,"href":"http:\/\/www.salgadonoticias.com\/index.php?rest_route=%2Fwp%2Fv2%2Fcategories&post=26164"},{"taxonomy":"post_tag","embeddable":true,"href":"http:\/\/www.salgadonoticias.com\/index.php?rest_route=%2Fwp%2Fv2%2Ftags&post=26164"}],"curies":[{"name":"wp","href":"https:\/\/api.w.org\/{rel}","templated":true}]}}