{"id":26193,"date":"2024-01-16T01:12:00","date_gmt":"2024-01-16T07:12:00","guid":{"rendered":"https:\/\/www.salgadonoticias.com\/?p=26193"},"modified":"2024-01-16T17:18:31","modified_gmt":"2024-01-16T23:18:31","slug":"26193","status":"publish","type":"post","link":"http:\/\/www.salgadonoticias.com\/?p=26193","title":{"rendered":"Cada 2 a\u00f1os \u2026!!!"},"content":{"rendered":"<p>Views: 16<\/p>\n<p>.<\/p>\n\n\n\n<figure class=\"wp-block-embed is-type-video is-provider-youtube wp-block-embed-youtube wp-embed-aspect-16-9 wp-has-aspect-ratio\"><div class=\"wp-block-embed__wrapper\">\n<iframe loading=\"lazy\" title=\"Cada 2 a\u00f1os...!!!\" width=\"640\" height=\"360\" src=\"https:\/\/www.youtube.com\/embed\/nxJS1zzp4xs?feature=oembed\" frameborder=\"0\" allow=\"accelerometer; autoplay; clipboard-write; encrypted-media; gyroscope; picture-in-picture; web-share\" referrerpolicy=\"strict-origin-when-cross-origin\" allowfullscreen><\/iframe>\n<\/div><\/figure>\n\n\n\n<p>.<\/p>\n\n\n\n<p>Este ANTECEDENTE<\/p>\n\n\n\n<p class=\"has-text-align-justify\"><strong>Surge <\/strong>luego de que Tribunales Colegiados de Circuito, llegaron a <strong>conclusiones <mark style=\"background-color:rgba(0, 0, 0, 0)\" class=\"has-inline-color has-vivid-red-color\">diferentes<\/mark><\/strong> sobre si es <strong><mark style=\"background-color:#ff6900\" class=\"has-inline-color\">reglada o discrecional<\/mark><\/strong> la facultad del Titular de la Agencia Nacional de Aduanas de M\u00e9xico, de <strong>EMITIR <\/strong>la Convocatoria para obtenci\u00f3n de la Patente de Agende Aduanal (art. 159 Ley Aduanera), ya que mientras <strong>UNO<\/strong> resolvi\u00f3 que se trata de una <strong>facultad <mark style=\"background-color:rgba(0, 0, 0, 0)\" class=\"has-inline-color has-vivid-red-color\">discrecional<\/mark>,<\/strong> debido a que la norma reglamentaria concede la posibilidad de <strong>hacerlo o no<\/strong>, el <strong>OTRO<\/strong> tribunal decidi\u00f3 que es una <strong>facultad <mark style=\"background-color:rgba(0, 0, 0, 0)\" class=\"has-inline-color has-vivid-red-color\">reglada<\/mark><\/strong>, esto porque la norma <strong>no contiene<\/strong> una <strong>autorizaci\u00f3n<\/strong> para que las autoridades decidan si realizan la convocatoria.<\/p>\n\n\n\n<p>.<\/p>\n\n\n\n<p class=\"has-text-align-justify\">La <strong><mark style=\"background-color:rgba(0, 0, 0, 0);color:#090a7c\" class=\"has-inline-color\">Suprema Corte de Justicia<\/mark> <mark style=\"background-color:rgba(0, 0, 0, 0);color:#880c0c\" class=\"has-inline-color\">DETERMIN\u00d3<\/mark> <\/strong>que es <strong><mark style=\"background-color:#fcb900\" class=\"has-inline-color\">OBLIGACI\u00d3N<\/mark> <\/strong>del titular de la Agencia Nacional de Aduanas, <strong><mark style=\"background-color:rgba(0, 0, 0, 0)\" class=\"has-inline-color has-vivid-red-color\">publicar y EMITIR<\/mark> <\/strong>la <mark style=\"background-color:#f8b2c3\" class=\"has-inline-color\"><strong>Convocatoria <\/strong>cada <strong>dos <\/strong>a\u00f1os<\/mark>, para <strong>obtener Patente de Agente Aduanal<\/strong>, prevista en el art\u00edculo <strong>212 del reglamento<\/strong> y art\u00edculo <strong>159 de la Ley<\/strong> aduanera.<\/p>\n\n\n\n<p>.<\/p>\n\n\n\n<p class=\"has-text-align-justify\">La justificaci\u00f3n de la <strong><mark style=\"background-color:rgba(0, 0, 0, 0);color:#110589\" class=\"has-inline-color\">SCJN<\/mark>, <\/strong>es que el an\u00e1lisis del proceso legislativo que motiv\u00f3 la <strong><mark style=\"background-color:rgba(0, 0, 0, 0)\" class=\"has-inline-color has-luminous-vivid-orange-color\">inclusi\u00f3n<\/mark><\/strong> en el <strong><mark style=\"background-color:rgba(0, 0, 0, 0)\" class=\"has-inline-color has-luminous-vivid-orange-color\">texto legal<\/mark><\/strong> de la <strong><mark style=\"background-color:rgba(0, 0, 0, 0)\" class=\"has-inline-color has-vivid-red-color\">convocatoria<\/mark><\/strong> para <strong><mark style=\"background-color:rgba(0, 0, 0, 0)\" class=\"has-inline-color has-vivid-red-color\">OBTENER<\/mark><\/strong> la <strong><mark style=\"background-color:rgba(0, 0, 0, 0)\" class=\"has-inline-color has-vivid-red-color\">patente de agente aduanal<\/mark><\/strong> y el estudio profundo de los art\u00edculos mencionados, revela que la <strong><mark style=\"background-color:#7bdcb5\" class=\"has-inline-color\">facultad<\/mark><\/strong> de que se trata <strong><mark style=\"background-color:#00d084\" class=\"has-inline-color\">no da espacio<\/mark><\/strong> a la apreciaci\u00f3n de la autoridad sobre la <strong><mark style=\"background-color:#7bdcb5\" class=\"has-inline-color\">conveniencia de emitirla o no<\/mark><\/strong> seg\u00fan las circunstancias o las necesidades operativas lo ameriten, <strong><mark style=\"background-color:#eda8b9\" class=\"has-inline-color\">sino que debe emitir al menos una convocatoria en el citado periodo<\/mark><\/strong>, toda vez que fue el propio Ejecutivo Federal, al expedir el <strong><mark style=\"background-color:rgba(0, 0, 0, 0)\" class=\"has-inline-color has-vivid-red-color\">reglamento<\/mark><\/strong>, <strong>quien calific\u00f3 la oportunidad de hacerlo y <mark style=\"background-color:#ff6900\" class=\"has-inline-color\">su voluntad no puede ser contrariada ni desconocida por la autoridad administrativa<\/mark><\/strong>, en tanto est\u00e1 sometida al principio de legalidad.<\/p>\n\n\n\n<p class=\"has-text-align-justify\">Por tanto, al ser una <strong>facultad <mark style=\"background-color:#fcb900\" class=\"has-inline-color\">reglada<\/mark><\/strong>, la <strong>autoridad<\/strong> aduanera <mark style=\"background-color:rgba(0, 0, 0, 0)\" class=\"has-inline-color has-vivid-red-color\"><strong>DEBE<\/strong> <strong>emitir la convocatoria<\/strong><\/mark><strong> de que se trata, como m\u00ednimo, una vez cada dos a\u00f1os<\/strong>, exigencia que cobra sentido si se considera que los <strong>agentes aduanales<\/strong> <mark style=\"background-color:#cf2e2e\" class=\"has-inline-color\"><strong>realizan una funci\u00f3n social<\/strong><\/mark> relevante en materia de comercio exterior, no s\u00f3lo porque posibilitan a las personas interesadas la realizaci\u00f3n de los tr\u00e1mites aduanales, sino porque adem\u00e1s <mark style=\"background-color:#fcb900\" class=\"has-inline-color\">contribuyen a garantizar que el flujo comercial<\/mark> se desarrolle dentro de los c\u00e1nones legales.<\/p>\n\n\n\n<p>.<\/p>\n\n\n\n<p>Esta <strong><mark style=\"background-color:#bfcdd9\" class=\"has-inline-color\">DETERMINACI\u00d3N<\/mark> <\/strong>es de <strong>Aplicaci\u00f3n <mark style=\"background-color:rgba(0, 0, 0, 0);color:#850505\" class=\"has-inline-color\">OBLIGATORIA<\/mark> <\/strong>en todo el Pa\u00eds a partir de esta semana.<\/p>\n\n\n\n<p class=\"has-small-font-size\"><strong><mark style=\"background-color:rgba(0, 0, 0, 0);color:#02764c\" class=\"has-inline-color\">Jurisprudencia Administrativa<\/mark><\/strong><\/p>\n\n\n\n<p><\/p>\n\n\n\n<p>.<\/p>\n\n\n\n<p><\/p>\n\n\n\n<p class=\"wp-embed-aspect-16-9 wp-has-aspect-ratio\">Si estas en el <strong><mark style=\"background-color:rgba(0, 0, 0, 0)\" class=\"has-inline-color has-vivid-red-color\">Extranjero <\/mark><\/strong>nosotros somos tu <strong><mark style=\"background-color:rgba(0, 0, 0, 0)\" class=\"has-inline-color has-vivid-green-cyan-color\">mejor<\/mark><\/strong> alternativa para <strong><mark style=\"background-color:rgba(0, 0, 0, 0)\" class=\"has-inline-color has-luminous-vivid-orange-color\">velar<\/mark><\/strong> por tus <strong><mark style=\"background-color:rgba(0, 0, 0, 0)\" class=\"has-inline-color has-vivid-cyan-blue-color\">intereses<\/mark><\/strong>, escr\u00edbenos o ll\u00e1manos al Tel <strong>55581-11311<\/strong>.<\/p>\n\n\n\n<p>.<\/p>\n\n\n\n<p>Cuando<strong> necesites<\/strong> ayuda, <strong>asistencia<\/strong> o <strong>planeaci\u00f3n<\/strong> legal, <strong>solicita<\/strong> <strong>Cita Privada<\/strong> <a rel=\"noreferrer noopener\" href=\"mailto:bi@sm99.mx\" target=\"_blank\"><strong>Aqu\u00ed<\/strong><\/a><\/p>\n\n\n\n<p>La informaci\u00f3n que AQU\u00cd te presentamos <strong>deriva<\/strong> de los <strong>Peri\u00f3dicos Oficiales <\/strong>de la<strong> CdMx<\/strong>, <strong>Estado<\/strong> de Mex., Diario <strong>Oficial<\/strong> de la Federaci\u00f3n, Suprema Corte de<strong> Justicia<\/strong> de la Naci\u00f3n, por lo tanto es de <strong>aplicaci\u00f3n OBLIGATORIA<\/strong><\/p>\n\n\n\n<p>Esta informaci\u00f3n procede de la Suprema Corte<\/p>\n\n\n\n<p><strong><mark style=\"background-color:rgba(0, 0, 0, 0)\" class=\"has-inline-color has-luminous-vivid-orange-color\">AY\u00daDANOS<\/mark><\/strong> para que m\u00e1s personas conozcan esta informaci\u00f3n, <strong>Comp\u00e1rtelo<\/strong> en tus redes sociales<\/p>\n","protected":false},"excerpt":{"rendered":"<p>Views: 16 . . Este ANTECEDENTE Surge luego de que Tribunales Colegiados de Circuito, llegaron a conclusiones diferentes sobre si es reglada o discrecional la facultad del Titular de la Agencia Nacional de Aduanas de M\u00e9xico, de EMITIR la Convocatoria para obtenci\u00f3n de la Patente de Agende Aduanal (art. 159 Ley Aduanera), ya que mientras [&hellip;]<\/p>\n","protected":false},"author":3,"featured_media":26204,"comment_status":"closed","ping_status":"open","sticky":false,"template":"","format":"standard","meta":{"_jetpack_memberships_contains_paid_content":false,"footnotes":""},"categories":[4],"tags":[],"jetpack_sharing_enabled":true,"jetpack_featured_media_url":"http:\/\/www.salgadonoticias.com\/wp-content\/uploads\/2024\/01\/convocatoria.jpg","_links":{"self":[{"href":"http:\/\/www.salgadonoticias.com\/index.php?rest_route=\/wp\/v2\/posts\/26193"}],"collection":[{"href":"http:\/\/www.salgadonoticias.com\/index.php?rest_route=\/wp\/v2\/posts"}],"about":[{"href":"http:\/\/www.salgadonoticias.com\/index.php?rest_route=\/wp\/v2\/types\/post"}],"author":[{"embeddable":true,"href":"http:\/\/www.salgadonoticias.com\/index.php?rest_route=\/wp\/v2\/users\/3"}],"replies":[{"embeddable":true,"href":"http:\/\/www.salgadonoticias.com\/index.php?rest_route=%2Fwp%2Fv2%2Fcomments&post=26193"}],"version-history":[{"count":7,"href":"http:\/\/www.salgadonoticias.com\/index.php?rest_route=\/wp\/v2\/posts\/26193\/revisions"}],"predecessor-version":[{"id":26218,"href":"http:\/\/www.salgadonoticias.com\/index.php?rest_route=\/wp\/v2\/posts\/26193\/revisions\/26218"}],"wp:featuredmedia":[{"embeddable":true,"href":"http:\/\/www.salgadonoticias.com\/index.php?rest_route=\/wp\/v2\/media\/26204"}],"wp:attachment":[{"href":"http:\/\/www.salgadonoticias.com\/index.php?rest_route=%2Fwp%2Fv2%2Fmedia&parent=26193"}],"wp:term":[{"taxonomy":"category","embeddable":true,"href":"http:\/\/www.salgadonoticias.com\/index.php?rest_route=%2Fwp%2Fv2%2Fcategories&post=26193"},{"taxonomy":"post_tag","embeddable":true,"href":"http:\/\/www.salgadonoticias.com\/index.php?rest_route=%2Fwp%2Fv2%2Ftags&post=26193"}],"curies":[{"name":"wp","href":"https:\/\/api.w.org\/{rel}","templated":true}]}}