{"id":26216,"date":"2024-01-28T00:30:00","date_gmt":"2024-01-28T06:30:00","guid":{"rendered":"http:\/\/www.salgadonoticias.com\/?p=26216"},"modified":"2024-01-28T18:00:01","modified_gmt":"2024-01-29T00:00:01","slug":"26216","status":"publish","type":"post","link":"http:\/\/www.salgadonoticias.com\/?p=26216","title":{"rendered":"Jueces NO est\u00e1n Obligados a enviar Un DETERMINADO n\u00famero de Oficios antes de EMPLAZAR por EDICTOS\u2026!!!"},"content":{"rendered":"<p>Views: 19<\/p>\n<p>.<\/p>\n\n\n\n<figure class=\"wp-block-embed is-type-video is-provider-youtube wp-block-embed-youtube wp-embed-aspect-16-9 wp-has-aspect-ratio\"><div class=\"wp-block-embed__wrapper\">\n<iframe loading=\"lazy\" title=\"Jueces NO est\u00e1n Obligados a enviar un DETERMINADO n\u00famero de Oficios antes de EMPEZAR por EDICTOS.\" width=\"640\" height=\"360\" src=\"https:\/\/www.youtube.com\/embed\/Qs7fglN5Y-E?feature=oembed\" frameborder=\"0\" allow=\"accelerometer; autoplay; clipboard-write; encrypted-media; gyroscope; picture-in-picture; web-share\" referrerpolicy=\"strict-origin-when-cross-origin\" allowfullscreen><\/iframe>\n<\/div><\/figure>\n\n\n\n<p>.<\/p>\n\n\n\n<p>Este ANTECEDENTE<\/p>\n\n\n\n<p>Se da luego de que <strong>Tribunales<\/strong> Colegiados <strong>contendientes<\/strong> llegaron a <strong>posiciones <mark style=\"background-color:rgba(0, 0, 0, 0)\" class=\"has-inline-color has-vivid-red-color\">contrarias<\/mark><\/strong>, luego de analizar una misma problem\u00e1tica jur\u00eddica, pues mientras<strong> uno<\/strong> sostuvo que <strong>obligar<\/strong> a la autoridad judicial a <strong><mark style=\"background-color:#ff6900\" class=\"has-inline-color\">fundar y motivar por qu\u00e9 para la investigaci\u00f3n del domicilio de la demandada s\u00f3lo gir\u00f3 oficios a seis dependencias y no a m\u00e1s<\/mark><\/strong>, carece de sustento legal que <strong>contraviene<\/strong> los principios de celeridad y prontitud en la impartici\u00f3n de justicia; el <strong>otro<\/strong> consider\u00f3 que, si bien la responsable actu\u00f3 conforme a su prudente arbitrio al ordenar la investigaci\u00f3n del domicilio de la demandada en <strong><mark style=\"background-color:rgba(0, 0, 0, 0)\" class=\"has-inline-color has-vivid-red-color\">cinco dependencias<\/mark><\/strong>, esto es que no razon\u00f3, fund\u00f3 ni motiv\u00f3 su actuar, es decir por qu\u00e9 gir\u00f3 oficios s\u00f3lo a esas oficinas y no a otras.<\/p>\n\n\n\n<p>.<\/p>\n\n\n\n<p>La <strong><mark style=\"background-color:rgba(0, 0, 0, 0);color:#091888\" class=\"has-inline-color\">Suprema Corte de Justicia<\/mark> <\/strong>ante lo anterior <strong><mark style=\"background-color:rgba(0, 0, 0, 0);color:#960707\" class=\"has-inline-color\">DETERMIN\u00d3<\/mark><mark style=\"background-color:rgba(0, 0, 0, 0);color:#690303\" class=\"has-inline-color\"> <\/mark><\/strong>que <mark style=\"background-color:rgba(0, 0, 0, 0);color:#c2076d\" class=\"has-inline-color\"><strong>NO <\/strong>se debe <strong>EXIGIR <\/strong>a los <strong>JUECES<\/strong><\/mark><strong> <\/strong>que <strong><mark style=\"background-color:rgba(0, 0, 0, 0)\" class=\"has-inline-color has-vivid-red-color\">env\u00ede<\/mark><\/strong> un <strong><mark style=\"background-color:#f7b8c8\" class=\"has-inline-color\">determinado n\u00famero de oficios<\/mark><\/strong> a las <mark style=\"background-color:#b4edd6\" class=\"has-inline-color\"><strong>autoridades o entidades<\/strong> que cuenten con <strong>registro de personas y domicilios<\/strong><\/mark>, que tienen el poder y derecho de remitirlos a quienes, a su consideraci\u00f3n, tengan mayor probabilidad de tener registros de la persona buscada.<\/p>\n\n\n\n<p>Adem\u00e1s de que la justificaci\u00f3n de esa <strong><mark style=\"background-color:rgba(0, 0, 0, 0)\" class=\"has-inline-color has-luminous-vivid-orange-color\">decisi\u00f3n<\/mark><\/strong> <strong>DEBE<\/strong> <strong><mark style=\"background-color:rgba(0, 0, 0, 0)\" class=\"has-inline-color has-vivid-red-color\">ocurrir en la evaluaci\u00f3n que haga para determinar si a su juicio se acredita el desconocimiento del domicilio de la persona demandada<\/mark><\/strong>, pues es precisamente en esa valoraci\u00f3n <strong><mark style=\"background-color:#cf2e2e\" class=\"has-inline-color\">donde se decide<\/mark><\/strong> la suficiencia o no de <strong>la b\u00fasqueda ordenada<\/strong>, expresando los razonamientos en que funda su decisi\u00f3n, aspecto subjetivo que el legislador dej\u00f3 a la decisi\u00f3n judicial.<\/p>\n\n\n\n<p>.<\/p>\n\n\n\n<p>La justificaci\u00f3n de la <strong><mark style=\"background-color:rgba(0, 0, 0, 0);color:#0704a1\" class=\"has-inline-color\">SCJN<\/mark> <\/strong>se da siguiendo el criterio de su Primera Sala <strong><mark style=\"background-color:rgba(0, 0, 0, 0)\" class=\"has-inline-color has-vivid-red-color\">sustentado<\/mark> <\/strong>al resolver la <strong><mark style=\"background-color:rgba(0, 0, 0, 0)\" class=\"has-inline-color has-luminous-vivid-orange-color\">contradicci\u00f3n de tesis 1\/2022<\/mark><\/strong>, la <em><u>investigaci\u00f3n judicial sobre el domicilio de la persona demandada<\/u><\/em>, <strong><mark style=\"background-color:#e4ecf3\" class=\"has-inline-color\">debe seguir un criterio cualitativo y NO cuantitativo<\/mark><\/strong>, por lo que <strong><mark style=\"background-color:rgba(0, 0, 0, 0)\" class=\"has-inline-color has-vivid-red-color\">no se puede establecer un n\u00famero determinado de oficios<\/mark><\/strong> que el <strong><mark style=\"background-color:rgba(0, 0, 0, 0);color:#05754c\" class=\"has-inline-color\">juzgador deber\u00e1 enviar<\/mark><\/strong>, sino que <strong><mark style=\"background-color:#fcb900\" class=\"has-inline-color\">mediante el uso de su prudente arbitrio<\/mark><\/strong> <strong><mark style=\"background-color:#e5eff8\" class=\"has-inline-color\">podr\u00e1 determinar el env\u00edo de oficios a las autoridades o entidades que tengan bases de datos oficiales<\/mark><\/strong> en las que sea m\u00e1s probable que toda <strong><mark style=\"background-color:#d5e5f3\" class=\"has-inline-color\">persona se encuentre registrada<\/mark><\/strong>, esto es, las <strong>m\u00e1s id\u00f3neas<\/strong> para la obtenci\u00f3n de la informaci\u00f3n correspondiente al domicilio de la persona buscada; y <strong><mark style=\"background-color:#cef857\" class=\"has-inline-color\">una vez obtenido el resultado de la investigaci\u00f3n<\/mark><\/strong>, ser\u00e1 evaluada por la <strong>autoridad judicial para determinar<\/strong> si, a su consideraci\u00f3n, se <strong>acredita el desconocimiento del domicilio<\/strong> de la persona demandada, para<mark style=\"background-color:rgba(0, 0, 0, 0)\" class=\"has-inline-color has-vivid-red-color\"> <strong>proceder<\/strong><\/mark><strong> <\/strong>entonces a la<mark style=\"background-color:rgba(0, 0, 0, 0)\" class=\"has-inline-color has-vivid-red-color\"> <strong>notificaci\u00f3n por edictos<\/strong><\/mark>, buscando garantizar una alta probabilidad de encontrar el domicilio de la parte demandada.<\/p>\n\n\n\n<p>.<\/p>\n\n\n\n<p><\/p>\n\n\n\n<p>.<\/p>\n\n\n\n<p class=\"wp-embed-aspect-16-9 wp-has-aspect-ratio\">Si estas en el <strong><mark style=\"background-color:rgba(0, 0, 0, 0)\" class=\"has-inline-color has-vivid-red-color\">Extranjero <\/mark><\/strong>nosotros somos tu <strong><mark style=\"background-color:rgba(0, 0, 0, 0)\" class=\"has-inline-color has-vivid-green-cyan-color\">mejor<\/mark><\/strong> alternativa para <strong><mark style=\"background-color:rgba(0, 0, 0, 0)\" class=\"has-inline-color has-luminous-vivid-orange-color\">velar<\/mark><\/strong> por tus <strong><mark style=\"background-color:rgba(0, 0, 0, 0)\" class=\"has-inline-color has-vivid-cyan-blue-color\">intereses<\/mark><\/strong>, escr\u00edbenos o ll\u00e1manos al Tel <strong>55581-11311<\/strong>.<\/p>\n\n\n\n<p>.<\/p>\n\n\n\n<p>Cuando<strong> necesites<\/strong> ayuda, <strong>asistencia<\/strong> o <strong>planeaci\u00f3n<\/strong> legal, <strong>solicita<\/strong> <strong>Cita Privada<\/strong> <a rel=\"noreferrer noopener\" href=\"mailto:bi@sm99.mx\" target=\"_blank\"><strong>Aqu\u00ed<\/strong><\/a><\/p>\n\n\n\n<p>La informaci\u00f3n que AQU\u00cd te presentamos <strong>deriva<\/strong> de los <strong>Peri\u00f3dicos Oficiales <\/strong>de la<strong> CdMx<\/strong>, <strong>Estado<\/strong> de Mex., Diario <strong>Oficial<\/strong> de la Federaci\u00f3n, Suprema Corte de<strong> Justicia<\/strong> de la Naci\u00f3n, por lo tanto es de <strong>aplicaci\u00f3n OBLIGATORIA<\/strong><\/p>\n\n\n\n<p>Esta informaci\u00f3n procede de la Suprema Corte<\/p>\n\n\n\n<p><strong><mark style=\"background-color:rgba(0, 0, 0, 0)\" class=\"has-inline-color has-luminous-vivid-orange-color\">AY\u00daDANOS<\/mark><\/strong> para que m\u00e1s personas conozcan esta informaci\u00f3n, <strong>Comp\u00e1rtelo<\/strong> en tus redes sociales<\/p>\n","protected":false},"excerpt":{"rendered":"<p>Views: 19 . . Este ANTECEDENTE Se da luego de que Tribunales Colegiados contendientes llegaron a posiciones contrarias, luego de analizar una misma problem\u00e1tica jur\u00eddica, pues mientras uno sostuvo que obligar a la autoridad judicial a fundar y motivar por qu\u00e9 para la investigaci\u00f3n del domicilio de la demandada s\u00f3lo gir\u00f3 oficios a seis dependencias [&hellip;]<\/p>\n","protected":false},"author":3,"featured_media":26221,"comment_status":"closed","ping_status":"open","sticky":false,"template":"","format":"standard","meta":{"_jetpack_memberships_contains_paid_content":false,"footnotes":""},"categories":[4],"tags":[],"jetpack_sharing_enabled":true,"jetpack_featured_media_url":"http:\/\/www.salgadonoticias.com\/wp-content\/uploads\/2024\/01\/edicto.jpg","_links":{"self":[{"href":"http:\/\/www.salgadonoticias.com\/index.php?rest_route=\/wp\/v2\/posts\/26216"}],"collection":[{"href":"http:\/\/www.salgadonoticias.com\/index.php?rest_route=\/wp\/v2\/posts"}],"about":[{"href":"http:\/\/www.salgadonoticias.com\/index.php?rest_route=\/wp\/v2\/types\/post"}],"author":[{"embeddable":true,"href":"http:\/\/www.salgadonoticias.com\/index.php?rest_route=\/wp\/v2\/users\/3"}],"replies":[{"embeddable":true,"href":"http:\/\/www.salgadonoticias.com\/index.php?rest_route=%2Fwp%2Fv2%2Fcomments&post=26216"}],"version-history":[{"count":6,"href":"http:\/\/www.salgadonoticias.com\/index.php?rest_route=\/wp\/v2\/posts\/26216\/revisions"}],"predecessor-version":[{"id":26229,"href":"http:\/\/www.salgadonoticias.com\/index.php?rest_route=\/wp\/v2\/posts\/26216\/revisions\/26229"}],"wp:featuredmedia":[{"embeddable":true,"href":"http:\/\/www.salgadonoticias.com\/index.php?rest_route=\/wp\/v2\/media\/26221"}],"wp:attachment":[{"href":"http:\/\/www.salgadonoticias.com\/index.php?rest_route=%2Fwp%2Fv2%2Fmedia&parent=26216"}],"wp:term":[{"taxonomy":"category","embeddable":true,"href":"http:\/\/www.salgadonoticias.com\/index.php?rest_route=%2Fwp%2Fv2%2Fcategories&post=26216"},{"taxonomy":"post_tag","embeddable":true,"href":"http:\/\/www.salgadonoticias.com\/index.php?rest_route=%2Fwp%2Fv2%2Ftags&post=26216"}],"curies":[{"name":"wp","href":"https:\/\/api.w.org\/{rel}","templated":true}]}}