{"id":26230,"date":"2024-01-18T00:45:00","date_gmt":"2024-01-18T06:45:00","guid":{"rendered":"https:\/\/www.salgadonoticias.com\/?p=26230"},"modified":"2024-01-18T16:55:06","modified_gmt":"2024-01-18T22:55:06","slug":"cadena-de-custodia-es-responsabilidad-exclusiva-de-la-fiscalia","status":"publish","type":"post","link":"http:\/\/www.salgadonoticias.com\/?p=26230","title":{"rendered":"Cadena de CUSTODIA es Responsabilidad EXCLUSIVA de la Fiscal\u00eda\u2026!!!"},"content":{"rendered":"<p>Views: 11<\/p>\n<p>.<\/p>\n\n\n\n<figure class=\"wp-block-embed is-type-video is-provider-youtube wp-block-embed-youtube wp-embed-aspect-16-9 wp-has-aspect-ratio\"><div class=\"wp-block-embed__wrapper\">\n<iframe loading=\"lazy\" title=\"Cadena de CUSTODIA es Responsabilidad EXCLUSIVA de la Fiscal\u00eda...!!!\" width=\"640\" height=\"360\" src=\"https:\/\/www.youtube.com\/embed\/puq3_i88UGo?feature=oembed\" frameborder=\"0\" allow=\"accelerometer; autoplay; clipboard-write; encrypted-media; gyroscope; picture-in-picture; web-share\" referrerpolicy=\"strict-origin-when-cross-origin\" allowfullscreen><\/iframe>\n<\/div><\/figure>\n\n\n\n<p><\/p>\n\n\n\n<p>Este ANTECEDENTE<\/p>\n\n\n\n<p class=\"has-text-align-justify\"><strong>Surge<\/strong> debido a que durante la etapa de un <strong>juicio oral el <mark style=\"background-color:rgba(0, 0, 0, 0)\" class=\"has-inline-color has-vivid-red-color\">Tribunal de Enjuiciamiento<\/mark><\/strong> <strong>neg\u00f3<\/strong> el <strong>desahogo<\/strong> de diversos medios de prueba que se <strong>hab\u00edan admitido<\/strong> al acusado durante la etapa intermedia, bajo el argumento de que en su <strong>obtenci\u00f3n la parte oferente no hab\u00eda respetado la cadena de custodia<\/strong>; aspecto que hizo valer <strong><mark style=\"background-color:#ff6900\" class=\"has-inline-color\">como violaci\u00f3n procesal<\/mark><\/strong> al promover su demanda de amparo en la v\u00eda directa.<\/p>\n\n\n\n<p>.<\/p>\n\n\n\n<p class=\"has-text-align-justify\">La <strong><mark style=\"background-color:rgba(0, 0, 0, 0);color:#0f038b\" class=\"has-inline-color\">Suprema Corte de Justicia<\/mark> <\/strong>a trav\u00e9s de su Tribunal Colegiado, <strong><mark style=\"background-color:rgba(0, 0, 0, 0);color:#a10808\" class=\"has-inline-color\">DETERMIN\u00d3<\/mark><\/strong> que es <strong><mark style=\"background-color:#f9bccb\" class=\"has-inline-color\">RESPONSABILIDAD EXCLUSIVA<\/mark><\/strong> de los Servidores P\u00fablicos pertenecientes a la Fiscal\u00eda <mark style=\"background-color:#70f4c4\" class=\"has-inline-color\"><strong>INICIAR <\/strong>la <strong>Cadena de Custodia<\/strong><\/mark>, <span style=\"text-decoration: underline;\">ya que son ellos<\/span> los que <strong><mark style=\"background-color:rgba(0, 0, 0, 0)\" class=\"has-inline-color has-luminous-vivid-orange-color\">reciben o recaban los datos o medios de convicci\u00f3n<\/mark><\/strong>, dejando<strong> <mark style=\"background-color:rgba(0, 0, 0, 0)\" class=\"has-inline-color has-luminous-vivid-orange-color\">constancia de las circunstancias en las que se obtuvieron<\/mark><\/strong>, as\u00ed sean aquellos que fueron aportados por el inculpado o su defensor, ya que este <strong><mark style=\"background-color:#d7e5f1\" class=\"has-inline-color\">procedimiento forma parte de las obligaciones del Estado<\/mark><\/strong>, y as\u00ed se <strong><mark style=\"background-color:rgba(0, 0, 0, 0)\" class=\"has-inline-color has-vivid-red-color\">garantiza<\/mark> <\/strong>la<strong> <mark style=\"background-color:rgba(0, 0, 0, 0)\" class=\"has-inline-color has-vivid-red-color\">defensa y presunci\u00f3n de inocencia del acusado<\/mark>.<\/strong><\/p>\n\n\n\n<p>.<\/p>\n\n\n\n<p>La justificaci\u00f3n de la <strong><mark style=\"background-color:rgba(0, 0, 0, 0);color:#0501a9\" class=\"has-inline-color\">SCJN<\/mark> <\/strong>es debido a la <strong><mark style=\"background-color:rgba(0, 0, 0, 0);color:#a47903\" class=\"has-inline-color\">exposici\u00f3n de motivos<\/mark><\/strong> que dio origen a los art\u00edculos <mark style=\"background-color:#c5e4f8\" class=\"has-inline-color\"><strong>227 y 228<\/strong> del <strong>C\u00f3digo Nacional de Procedimientos Penales<\/strong><\/mark>, donde se advierte que fue voluntad del legislador <strong>establecer como <mark style=\"background-color:rgba(0, 0, 0, 0)\" class=\"has-inline-color has-vivid-red-color\">responsabilidad del Ministerio P\u00fablico<\/mark><\/strong> la adecuada <strong><mark style=\"background-color:rgba(0, 0, 0, 0)\" class=\"has-inline-color has-vivid-red-color\">conformaci\u00f3n de la cadena de custodia<\/mark><\/strong>, cuya <strong><mark style=\"background-color:#f8becc\" class=\"has-inline-color\">principal funci\u00f3n es acreditar que la evidencia presentada en el proceso es realmente la recogida en el sitio del suceso, o recuperada a trav\u00e9s de alg\u00fan testigo, entregada por la v\u00edctima, por otros sujetos<\/mark><\/strong> o de diversa forma, como una <strong><mark style=\"background-color:rgba(0, 0, 0, 0);color:#068557\" class=\"has-inline-color\">garant\u00eda del derecho de defensa<\/mark><\/strong>.<\/p>\n\n\n\n<p>Adem\u00e1s, en el r\u00e9gimen transitorio de la <strong>ley procesal<\/strong> se <strong>reserv\u00f3 la emisi\u00f3n de los reglamentos, manuales o protocolos relativos a la cadena de custodia a las Fiscal\u00edas,<\/strong> seg\u00fan su \u00e1mbito competencial. Entonces, de una interpretaci\u00f3n sistem\u00e1tica de los preceptos mencionados; d\u00e9cimo primero transitorio del decreto por el que se expidi\u00f3 el referido c\u00f3digo; 16, fracci\u00f3n IV, de la Ley Org\u00e1nica de la Fiscal\u00eda General &nbsp;y del punto segundo y apartado IV, del Acuerdo 5\/2016 por el que se emite el Manual de Cadena de Custodia de la Fiscal\u00eda General del ambos de Guanajuato, de mayo de 2016, se colige que la debida <strong>ejecuci\u00f3n de la cadena de custodia es responsabilidad del Ministerio P\u00fablico<\/strong>, pues este procedimiento de <em><u>conservaci\u00f3n se emplea para los indicios materiales afines al delito, desde su ubicaci\u00f3n hasta que son valorados por los diferentes funcionarios encargados de administrar justicia<\/u><\/em>, cuya <mark style=\"background-color:#f8cf5f\" class=\"has-inline-color\"><strong>finalidad es no viciar el manejo<\/strong> que de ellos se haga y as\u00ed <strong>evitar su contaminaci\u00f3n, alteraci\u00f3n, da\u00f1os, remplazos o destrucci\u00f3n; de ah\u00ed que sea incorrecto considerar que el quejoso o su defensor est\u00e1n obligados a seguir la cadena de custodia<\/strong>.<\/mark><\/p>\n\n\n\n<p><\/p>\n\n\n\n<p>.<\/p>\n\n\n\n<p><strong><mark style=\"background-color:#ff6900\" class=\"has-inline-color\">Que es <\/mark><\/strong>la <mark style=\"background-color:rgba(0, 0, 0, 0);color:#830606\" class=\"has-inline-color\"><strong>Cadena de Custodia<\/strong>:<\/mark><\/p>\n\n\n\n<p>Es el <strong>procedimiento de control<\/strong> que se <strong>aplica<\/strong> al <strong>indicio material<\/strong>, ya sea <strong>vestigio, huella, medio de comisi\u00f3n, objeto material o producto relacionado con el delito<\/strong>, <strong><mark style=\"background-color:#cf2e2e\" class=\"has-inline-color\">desde<\/mark><\/strong> la localizaci\u00f3n por parte de una autoridad, polic\u00eda o Agente del Ministerio P\u00fablico, <strong><mark style=\"background-color:#cf2e2e\" class=\"has-inline-color\">hasta<\/mark><\/strong> que la autoridad competente <strong><mark style=\"background-color:rgba(0, 0, 0, 0)\" class=\"has-inline-color has-vivid-red-color\">ordene su conclusi\u00f3n<\/mark><\/strong>, seg\u00fan se trate de la averiguaci\u00f3n previa o el proceso penal.<\/p>\n\n\n\n<p>C\u00f3digo Federal de Procedimientos Penales.<\/p>\n\n\n\n<p>.<\/p>\n\n\n\n<p>Esta <strong><mark style=\"background-color:#f8b2c3\" class=\"has-inline-color has-black-color\">RESOLUCI\u00d3N<\/mark><\/strong> esta <strong> <mark style=\"background-color:rgba(0, 0, 0, 0);color:#9d0202\" class=\"has-inline-color\">DISPONIBLE<\/mark> <\/strong>para quien la haga valer <strong>a partir de esta semana<\/strong>. <\/p>\n\n\n\n<p class=\"has-small-font-size\"><strong><mark style=\"background-color:rgba(0, 0, 0, 0);color:#2e8204\" class=\"has-inline-color\">Tesis PENAL<\/mark><\/strong><\/p>\n\n\n\n<p>.<\/p>\n\n\n\n<p class=\"wp-embed-aspect-16-9 wp-has-aspect-ratio\">Si estas en el <strong><mark style=\"background-color:rgba(0, 0, 0, 0)\" class=\"has-inline-color has-vivid-red-color\">Extranjero <\/mark><\/strong>nosotros somos tu <strong><mark style=\"background-color:rgba(0, 0, 0, 0)\" class=\"has-inline-color has-vivid-green-cyan-color\">mejor<\/mark><\/strong> alternativa para <strong><mark style=\"background-color:rgba(0, 0, 0, 0)\" class=\"has-inline-color has-luminous-vivid-orange-color\">velar<\/mark><\/strong> por tus <strong><mark style=\"background-color:rgba(0, 0, 0, 0)\" class=\"has-inline-color has-vivid-cyan-blue-color\">intereses<\/mark><\/strong>, escr\u00edbenos o ll\u00e1manos al Tel <strong>55581-11311<\/strong>.<\/p>\n\n\n\n<p>.<\/p>\n\n\n\n<p>Cuando<strong> necesites<\/strong> ayuda, <strong>asistencia<\/strong> o <strong>planeaci\u00f3n<\/strong> legal, <strong>solicita<\/strong> <strong>Cita Privada<\/strong> <a rel=\"noreferrer noopener\" href=\"mailto:bi@sm99.mx\" target=\"_blank\"><strong>Aqu\u00ed<\/strong><\/a><\/p>\n\n\n\n<p>La informaci\u00f3n que AQU\u00cd te presentamos <strong>deriva<\/strong> de los <strong>Peri\u00f3dicos Oficiales <\/strong>de la<strong> CdMx<\/strong>, <strong>Estado<\/strong> de Mex., Diario <strong>Oficial<\/strong> de la Federaci\u00f3n, Suprema Corte de<strong> Justicia<\/strong> de la Naci\u00f3n, por lo tanto es de <strong>aplicaci\u00f3n OBLIGATORIA<\/strong><\/p>\n\n\n\n<p>La <strong>informaci\u00f3n<\/strong> de hoy procede de la Suprema Corte de Justicia<\/p>\n\n\n\n<p><strong><mark style=\"background-color:rgba(0, 0, 0, 0)\" class=\"has-inline-color has-luminous-vivid-orange-color\">AY\u00daDANOS<\/mark><\/strong> para que m\u00e1s personas conozcan esta informaci\u00f3n, <strong>Comp\u00e1rtelo<\/strong> en tus redes sociales. <\/p>\n","protected":false},"excerpt":{"rendered":"<p>Views: 11 . Este ANTECEDENTE Surge debido a que durante la etapa de un juicio oral el Tribunal de Enjuiciamiento neg\u00f3 el desahogo de diversos medios de prueba que se hab\u00edan admitido al acusado durante la etapa intermedia, bajo el argumento de que en su obtenci\u00f3n la parte oferente no hab\u00eda respetado la cadena de [&hellip;]<\/p>\n","protected":false},"author":3,"featured_media":26231,"comment_status":"closed","ping_status":"open","sticky":false,"template":"","format":"standard","meta":{"_jetpack_memberships_contains_paid_content":false,"footnotes":""},"categories":[4],"tags":[],"jetpack_sharing_enabled":true,"jetpack_featured_media_url":"http:\/\/www.salgadonoticias.com\/wp-content\/uploads\/2024\/01\/cadena-1.png","_links":{"self":[{"href":"http:\/\/www.salgadonoticias.com\/index.php?rest_route=\/wp\/v2\/posts\/26230"}],"collection":[{"href":"http:\/\/www.salgadonoticias.com\/index.php?rest_route=\/wp\/v2\/posts"}],"about":[{"href":"http:\/\/www.salgadonoticias.com\/index.php?rest_route=\/wp\/v2\/types\/post"}],"author":[{"embeddable":true,"href":"http:\/\/www.salgadonoticias.com\/index.php?rest_route=\/wp\/v2\/users\/3"}],"replies":[{"embeddable":true,"href":"http:\/\/www.salgadonoticias.com\/index.php?rest_route=%2Fwp%2Fv2%2Fcomments&post=26230"}],"version-history":[{"count":7,"href":"http:\/\/www.salgadonoticias.com\/index.php?rest_route=\/wp\/v2\/posts\/26230\/revisions"}],"predecessor-version":[{"id":26259,"href":"http:\/\/www.salgadonoticias.com\/index.php?rest_route=\/wp\/v2\/posts\/26230\/revisions\/26259"}],"wp:featuredmedia":[{"embeddable":true,"href":"http:\/\/www.salgadonoticias.com\/index.php?rest_route=\/wp\/v2\/media\/26231"}],"wp:attachment":[{"href":"http:\/\/www.salgadonoticias.com\/index.php?rest_route=%2Fwp%2Fv2%2Fmedia&parent=26230"}],"wp:term":[{"taxonomy":"category","embeddable":true,"href":"http:\/\/www.salgadonoticias.com\/index.php?rest_route=%2Fwp%2Fv2%2Fcategories&post=26230"},{"taxonomy":"post_tag","embeddable":true,"href":"http:\/\/www.salgadonoticias.com\/index.php?rest_route=%2Fwp%2Fv2%2Ftags&post=26230"}],"curies":[{"name":"wp","href":"https:\/\/api.w.org\/{rel}","templated":true}]}}