{"id":26287,"date":"2024-01-23T00:36:00","date_gmt":"2024-01-23T06:36:00","guid":{"rendered":"http:\/\/www.salgadonoticias.com\/?p=26287"},"modified":"2024-01-23T09:36:21","modified_gmt":"2024-01-23T15:36:21","slug":"26287","status":"publish","type":"post","link":"http:\/\/www.salgadonoticias.com\/?p=26287","title":{"rendered":"Por PETICI\u00d3N de la V\u00edctima, ORDEN de APREHENSI\u00d3N puede ser Cancelada\u2026!!!"},"content":{"rendered":"<p>Views: 13<\/p>\n<p>.<\/p>\n\n\n\n<p>Este ANTECEDENTE\u2026<\/p>\n\n\n\n<p class=\"has-text-align-justify\"><strong><mark style=\"background-color:rgba(0, 0, 0, 0);color:#980505\" class=\"has-inline-color\">Surge<\/mark><\/strong> despu\u00e9s de que una persona que se <strong>encontraba<\/strong> <mark style=\"background-color:#ff6900\" class=\"has-inline-color\">pr\u00f3fugo de la justicia<\/mark>, present\u00f3 un escrito ante el Ministerio P\u00fablico en el cual solicit\u00f3 al Juez de Control la <strong><mark style=\"background-color:rgba(0, 0, 0, 0)\" class=\"has-inline-color has-vivid-red-color\">Cancelaci\u00f3n de la Orden de Aprehensi\u00f3n<\/mark> <\/strong>en su contra, conforme al <mark style=\"background-color:rgba(0, 0, 0, 0);color:#4b058c\" class=\"has-inline-color\">art\u00edculo 145 5\u00b0 p\u00e1rrafo, del CNPP<\/mark>, esto porque \u00e9l consideraba que ten\u00eda pruebas suficientes que desvirtuaban los hechos en los que se hab\u00eda sustentado dicha orden. <\/p>\n\n\n\n<p class=\"has-text-align-justify\">Pero la autoridad ministerial <strong><mark style=\"background-color:#cf2e2e\" class=\"has-inline-color\">neg\u00f3<\/mark><\/strong> tal petici\u00f3n y contra esa decisi\u00f3n esta persona acudi\u00f3 al <strong><mark style=\"background-color:rgba(0, 0, 0, 0)\" class=\"has-inline-color has-vivid-red-color\">Amparo <\/mark>Indirecto<\/strong>; como el Juez de Distrito <strong><mark style=\"background-color:#fcb900\" class=\"has-inline-color\">tampoco concedi\u00f3 lo solicitado<\/mark><\/strong>, interpuso recurso de revisi\u00f3n.<\/p>\n\n\n\n<p>.<\/p>\n\n\n\n<p class=\"has-text-align-justify\">La <strong><mark style=\"background-color:rgba(0, 0, 0, 0);color:#041599\" class=\"has-inline-color\">Suprema Corte de Justicia<\/mark><\/strong> a trav\u00e9s de su Tribunal Colegiado de Circuito, <strong><mark style=\"background-color:rgba(0, 0, 0, 0);color:#8e0606\" class=\"has-inline-color\">DETERMIN\u00d3<\/mark> <\/strong>que las <strong><mark style=\"background-color:rgba(0, 0, 0, 0);color:#450680\" class=\"has-inline-color\">Ordenes de Aprehensi\u00f3n<\/mark><\/strong>, <strong>SOLO pueden ser<\/strong> <strong><mark style=\"background-color:rgba(0, 0, 0, 0);color:#a10202\" class=\"has-inline-color\">CANCELADAS<\/mark> <\/strong>a <span style=\"text-decoration: underline;\">solicitud<\/span> del <strong>Ministerio P\u00fablico<\/strong> esto ser\u00e1 \u00fanicamente cuando aparezcan nuevos datos de prueba <strong><mark style=\"background-color:rgba(0, 0, 0, 0)\" class=\"has-inline-color has-vivid-red-color\">que lo hagan reconsiderar la petici\u00f3n del mandamiento<\/mark><\/strong>, o bien, a <mark style=\"background-color:#feb3c6\" class=\"has-inline-color\">solicitud de <\/mark><strong><mark style=\"background-color:#feb3c6\" class=\"has-inline-color\">la v\u00edctima<\/mark><\/strong>, pero <strong><mark style=\"background-color:#f7d475\" class=\"has-inline-color\">JAM\u00c1S<\/mark><\/strong> a <strong><mark style=\"background-color:#f3aebf\" class=\"has-inline-color\">petici\u00f3n de la persona imputada<\/mark><\/strong> la cual se encuentra sustra\u00edda de la acci\u00f3n de la justicia.<\/p>\n\n\n\n<p>.<\/p>\n\n\n\n<p class=\"has-text-align-justify\">La justificaci\u00f3n de la <strong><mark style=\"background-color:rgba(0, 0, 0, 0);color:#065888\" class=\"has-inline-color\">SCJN<\/mark> <\/strong>es de acuerdo con el art\u00edculo mencionado, el <strong><mark style=\"background-color:#aefadc\" class=\"has-inline-color\">Ministerio P\u00fablico<\/mark><\/strong> tiene la <mark style=\"background-color:#dbe8f3\" class=\"has-inline-color\"><strong>facultad <\/strong>de <strong>solicitar<\/strong><\/mark> al Juez de Control la <strong><mark style=\"background-color:rgba(0, 0, 0, 0)\" class=\"has-inline-color has-vivid-red-color\">cancelaci\u00f3n de una orden de aprehensi\u00f3n<\/mark><\/strong> con base en la aparici\u00f3n de <strong>datos de prueba novedosos<\/strong>, que se traduce en un ejercicio potestativo al contener una inflexi\u00f3n del verbo &#8220;poder&#8221;, por lo que <strong>queda a su arbitrio ejercerla o no<\/strong>; de igual manera, <mark style=\"background-color:#51f9bc\" class=\"has-inline-color\"><strong>la v\u00edctima<\/strong> tambi\u00e9n <strong>puede solicitar el ejercicio de esa potestad<\/strong><\/mark>, pues es la parte con la que mantiene comunicaci\u00f3n procesal en cualquier etapa del proceso penal. <\/p>\n\n\n\n<p class=\"has-text-align-justify\">.<\/p>\n\n\n\n<p class=\"has-text-align-justify\">Pero, la <strong><mark style=\"background-color:#e6b1e6\" class=\"has-inline-color\">persona imputada<\/mark><\/strong> que se encuentra <em>sustra\u00edda de la acci\u00f3n de la justicia<\/em> <strong><mark style=\"background-color:#f29cd7\" class=\"has-inline-color has-black-color\">NO puede solicitarla<\/mark><\/strong>, dado que <span style=\"text-decoration: underline;\">ya se encuentra relacionada procesalmente con el <strong>Juez de Control que orden\u00f3 su aprehensi\u00f3n<\/strong> y <strong>no con el fiscal que solicit\u00f3 ese mandamiento<\/strong><\/span>, pues acorde con el dise\u00f1o constitucional del proceso, la persona imputada s\u00f3lo tiene participaci\u00f3n en la carpeta de investigaci\u00f3n cuando, por ejemplo, <strong><mark style=\"background-color:rgba(0, 0, 0, 0)\" class=\"has-inline-color has-vivid-red-color\">ha comparecido o ha sido entrevistada por el fiscal<\/mark><\/strong>, o bien, ha sido conducida a la audiencia inicial, momento en que <strong>ya tiene di\u00e1logo procesal con esa autoridad<\/strong>, en tanto <strong><mark style=\"background-color:#ff6900\" class=\"has-inline-color\">adquiere el derecho a consultar los registros de la indagatoria y aportar los datos de prueba conducentes para que un Juez de Control decida si la vincula a proceso o no<\/mark><\/strong>, pues de lo contrario se generar\u00eda una oportunidad procesal a la persona imputada para que el fiscal revalore los datos de prueba cuando dicho examen ya debe hacerse en la audiencia inicial.<\/p>\n\n\n\n<p>.<\/p>\n\n\n\n<p>Esta <strong><mark style=\"background-color:#e9c155\" class=\"has-inline-color\">RESOLUCI\u00d3N<\/mark> <\/strong>es <strong>aplicable<\/strong> a partir de esta semana para quien la <strong>invoque<\/strong>.<\/p>\n\n\n\n<p class=\"has-small-font-size\"><strong><mark style=\"background-color:rgba(0, 0, 0, 0);color:#085784\" class=\"has-inline-color\">Tesis Penal<\/mark><\/strong><\/p>\n\n\n\n<p>.<\/p>\n\n\n\n<p>.<\/p>\n\n\n\n<p class=\"wp-embed-aspect-16-9 wp-has-aspect-ratio\">Si estas en el <strong><mark style=\"background-color:rgba(0, 0, 0, 0)\" class=\"has-inline-color has-vivid-red-color\">Extranjero <\/mark><\/strong>nosotros somos tu <strong><mark style=\"background-color:rgba(0, 0, 0, 0)\" class=\"has-inline-color has-vivid-green-cyan-color\">mejor<\/mark><\/strong> alternativa para <strong><mark style=\"background-color:rgba(0, 0, 0, 0)\" class=\"has-inline-color has-luminous-vivid-orange-color\">velar<\/mark><\/strong> por tus <strong><mark style=\"background-color:rgba(0, 0, 0, 0)\" class=\"has-inline-color has-vivid-cyan-blue-color\">intereses<\/mark><\/strong>, escr\u00edbenos o ll\u00e1manos al Tel <strong>55581-11311<\/strong>.<\/p>\n\n\n\n<p>.<\/p>\n\n\n\n<p>Cuando<strong> necesites<\/strong> ayuda, <strong>asistencia<\/strong> o <strong>planeaci\u00f3n<\/strong> legal, <strong>solicita<\/strong> <strong>Cita Privada<\/strong> <a rel=\"noreferrer noopener\" href=\"mailto:bi@sm99.mx\" target=\"_blank\"><strong>Aqu\u00ed<\/strong><\/a><\/p>\n\n\n\n<p>La informaci\u00f3n que AQU\u00cd te presentamos <strong>deriva<\/strong> de los <strong>Peri\u00f3dicos Oficiales <\/strong>de la<strong> CdMx<\/strong>, <strong>Estado<\/strong> de Mex., Diario <strong>Oficial<\/strong> de la Federaci\u00f3n, Suprema Corte de<strong> Justicia<\/strong> de la Naci\u00f3n, por lo tanto es de <strong>aplicaci\u00f3n OBLIGATORIA<\/strong><\/p>\n\n\n\n<p>La <strong>informaci\u00f3n<\/strong> de hoy procede de la Suprema Corte de Justicia<\/p>\n\n\n\n<p><strong><mark style=\"background-color:rgba(0, 0, 0, 0)\" class=\"has-inline-color has-luminous-vivid-orange-color\">AY\u00daDANOS<\/mark><\/strong> para que m\u00e1s personas conozcan esta informaci\u00f3n, <strong>Comp\u00e1rtelo<\/strong> en tus redes sociales. <\/p>\n","protected":false},"excerpt":{"rendered":"<p>Views: 13 . Este ANTECEDENTE\u2026 Surge despu\u00e9s de que una persona que se encontraba pr\u00f3fugo de la justicia, present\u00f3 un escrito ante el Ministerio P\u00fablico en el cual solicit\u00f3 al Juez de Control la Cancelaci\u00f3n de la Orden de Aprehensi\u00f3n en su contra, conforme al art\u00edculo 145 5\u00b0 p\u00e1rrafo, del CNPP, esto porque \u00e9l consideraba [&hellip;]<\/p>\n","protected":false},"author":3,"featured_media":26293,"comment_status":"closed","ping_status":"open","sticky":false,"template":"","format":"standard","meta":{"_jetpack_memberships_contains_paid_content":false,"footnotes":""},"categories":[4],"tags":[],"jetpack_sharing_enabled":true,"jetpack_featured_media_url":"http:\/\/www.salgadonoticias.com\/wp-content\/uploads\/2024\/01\/ORDEN.jpg","_links":{"self":[{"href":"http:\/\/www.salgadonoticias.com\/index.php?rest_route=\/wp\/v2\/posts\/26287"}],"collection":[{"href":"http:\/\/www.salgadonoticias.com\/index.php?rest_route=\/wp\/v2\/posts"}],"about":[{"href":"http:\/\/www.salgadonoticias.com\/index.php?rest_route=\/wp\/v2\/types\/post"}],"author":[{"embeddable":true,"href":"http:\/\/www.salgadonoticias.com\/index.php?rest_route=\/wp\/v2\/users\/3"}],"replies":[{"embeddable":true,"href":"http:\/\/www.salgadonoticias.com\/index.php?rest_route=%2Fwp%2Fv2%2Fcomments&post=26287"}],"version-history":[{"count":8,"href":"http:\/\/www.salgadonoticias.com\/index.php?rest_route=\/wp\/v2\/posts\/26287\/revisions"}],"predecessor-version":[{"id":26299,"href":"http:\/\/www.salgadonoticias.com\/index.php?rest_route=\/wp\/v2\/posts\/26287\/revisions\/26299"}],"wp:featuredmedia":[{"embeddable":true,"href":"http:\/\/www.salgadonoticias.com\/index.php?rest_route=\/wp\/v2\/media\/26293"}],"wp:attachment":[{"href":"http:\/\/www.salgadonoticias.com\/index.php?rest_route=%2Fwp%2Fv2%2Fmedia&parent=26287"}],"wp:term":[{"taxonomy":"category","embeddable":true,"href":"http:\/\/www.salgadonoticias.com\/index.php?rest_route=%2Fwp%2Fv2%2Fcategories&post=26287"},{"taxonomy":"post_tag","embeddable":true,"href":"http:\/\/www.salgadonoticias.com\/index.php?rest_route=%2Fwp%2Fv2%2Ftags&post=26287"}],"curies":[{"name":"wp","href":"https:\/\/api.w.org\/{rel}","templated":true}]}}