{"id":26312,"date":"2024-01-24T00:50:00","date_gmt":"2024-01-24T06:50:00","guid":{"rendered":"https:\/\/www.salgadonoticias.com\/?p=26312"},"modified":"2024-01-24T16:20:21","modified_gmt":"2024-01-24T22:20:21","slug":"hospitales-privados-pueden-atender-una-emergencia-pero-no-esta-obligada-a-dar-servicio-de-curacion-y-rehabilitacion-sin-costo","status":"publish","type":"post","link":"http:\/\/www.salgadonoticias.com\/?p=26312","title":{"rendered":"Hospitales PRIVADOS obligados en Emergencias, pero NO Curaciones NI Rehabilitaci\u00f3n SIN costo\u2026!!!"},"content":{"rendered":"<p>Views: 18<\/p>\n<p>.<\/p>\n\n\n\n<figure class=\"wp-block-embed is-type-video is-provider-youtube wp-block-embed-youtube wp-embed-aspect-16-9 wp-has-aspect-ratio\"><div class=\"wp-block-embed__wrapper\">\n<iframe loading=\"lazy\" title=\"Hospitales PRIVADOS obligados en Emergencias, pero NO curaciones NI Rehabilitaci\u00f3n SIN costo\" width=\"640\" height=\"360\" src=\"https:\/\/www.youtube.com\/embed\/dlkaHJaOwos?feature=oembed\" frameborder=\"0\" allow=\"accelerometer; autoplay; clipboard-write; encrypted-media; gyroscope; picture-in-picture; web-share\" referrerpolicy=\"strict-origin-when-cross-origin\" allowfullscreen><\/iframe>\n<\/div><\/figure>\n\n\n\n<p>.<\/p>\n\n\n\n<p>Este ANTECEDENTE<\/p>\n\n\n\n<p class=\"has-text-align-justify\"><strong>Surge<\/strong> luego de que una persona que estaba internado en un <strong>hospital <mark style=\"background-color:rgba(0, 0, 0, 0)\" class=\"has-inline-color has-vivid-red-color\">privado<\/mark><\/strong> promovi\u00f3 juicios de amparo indirecto para que el hospital le proporcionara los servicios m\u00e9dicos de urgencia, con el fin de salvaguardar su vida. <\/p>\n\n\n\n<p class=\"has-text-align-justify\">Pero posteriormente, la instituci\u00f3n <strong>tramit\u00f3<\/strong> el <mark style=\"background-color:#ff6900\" class=\"has-inline-color\"><strong>incidente de modificaci\u00f3n de la medida cautelar<\/strong>,<\/mark> esto porque <strong>el quejoso ya no estaba grave<\/strong>, el cual se declar\u00f3 fundado, por lo que se modific\u00f3 en el sentido de negarla. <\/p>\n\n\n\n<p class=\"has-text-align-justify\"><strong>Contra<\/strong> <strong>esa determinaci\u00f3n<\/strong> el quejoso interpuso recurso de <strong><mark style=\"background-color:rgba(0, 0, 0, 0)\" class=\"has-inline-color has-vivid-red-color\">queja<\/mark><\/strong>, al considerar que no proced\u00eda modificar la suspensi\u00f3n de plano concedida, <strong>hasta que le fueran proporcionados los servicios curativos y de rehabilitaci\u00f3n necesarios.<\/strong><\/p>\n\n\n\n<p>.<\/p>\n\n\n\n<p class=\"has-text-align-justify\">La<mark style=\"background-color:rgba(0, 0, 0, 0);color:#044368\" class=\"has-inline-color\"> <strong>Suprema Corte de Justicia<\/strong><\/mark><strong> <\/strong><mark style=\"background-color:rgba(0, 0, 0, 0)\" class=\"has-inline-color has-vivid-red-color\"><strong>DETERMIN\u00d3<\/strong><\/mark> que la <mark style=\"background-color:#abf2d6\" class=\"has-inline-color\"><strong>suspensi\u00f3n<\/strong> de oficio y de plano<\/mark> <strong><mark style=\"background-color:rgba(0, 0, 0, 0)\" class=\"has-inline-color has-vivid-red-color\">otorgada<\/mark><\/strong> para el <strong>efecto<\/strong> de los <mark style=\"background-color:#f7adc0\" class=\"has-inline-color\">Hospitales <strong>PRIVADOS<\/strong> <strong>proporcionen servicios m\u00e9dicos de urgencia<\/strong><\/mark>, es <strong>salvaguardar<\/strong> el <strong>derecho a la vida<\/strong> del quejoso, pero esto <mark style=\"background-color:#fb812a\" class=\"has-inline-color\"><strong>NO <\/strong>tiene el alcance de <strong>EXIGIRLES<\/strong> que lleven a cabo los <strong>tratamientos de curaci\u00f3n y rehabilitaci\u00f3n<\/strong><\/mark> una vez que el paciente est\u00e1 fuera de peligro su salud y puede ser dado de alta.<\/p>\n\n\n\n<p>.<\/p>\n\n\n\n<p>La justificaci\u00f3n de la <strong><mark style=\"background-color:rgba(0, 0, 0, 0);color:#01038c\" class=\"has-inline-color\">SCJN <\/mark><\/strong>ante lo anterior es porque la <strong>naturaleza<\/strong> de la <strong><mark style=\"background-color:#d2e1ee\" class=\"has-inline-color\">suspensi\u00f3n de oficio y de plano es de car\u00e1cter extraordinario<\/mark><\/strong> y, por lo tanto, <strong><mark style=\"background-color:#eeb1c0\" class=\"has-inline-color\">se concede ante situaciones de extrema urgencia<\/mark><\/strong>, como lo es la <strong><mark style=\"background-color:rgba(0, 0, 0, 0)\" class=\"has-inline-color has-luminous-vivid-orange-color\">atenci\u00f3n m\u00e9dica de emergencia<\/mark><\/strong>, ya que de<mark style=\"background-color:rgba(0, 0, 0, 0)\" class=\"has-inline-color has-vivid-red-color\"> <strong>no otorgarse se pondr\u00eda en peligro la integridad f\u00edsica o, incluso, la vida<\/strong> <\/mark>del quejoso; pero, al <strong><mark style=\"background-color:#d9e5f1\" class=\"has-inline-color\">momento en que est\u00e9 superada dicha situaci\u00f3n<\/mark><\/strong> y pueda ser dado de alta<strong>, <mark style=\"background-color:rgba(0, 0, 0, 0)\" class=\"has-inline-color has-vivid-red-color\">NO puede exigirse<\/mark><\/strong> v\u00e1lidamente que por haber sido vinculada como autoridad para efectos del juicio de amparo y a ra\u00edz de la medida cautelar concedida, la <mark style=\"background-color:rgba(0, 0, 0, 0)\" class=\"has-inline-color has-vivid-red-color\"><strong>instituci\u00f3n de salud privada contin\u00fae con los procedimientos de curaci\u00f3n y rehabilitaci\u00f3n<\/strong>,<\/mark> pues se rige bajo las condiciones que convenga con los usuarios, supeditada a las leyes civiles y mercantiles, es decir, <strong><mark style=\"background-color:rgba(0, 0, 0, 0);color:#a3052c\" class=\"has-inline-color\">opera con base en una contraprestaci\u00f3n pactada entre las partes<\/mark><\/strong>, por lo cual, los <strong><mark style=\"background-color:#9bfd39\" class=\"has-inline-color\">servicios de salud<\/mark><\/strong> que brinda no derivan de las funciones inherentes al Estado, las cuales son proporcionadas a trav\u00e9s de las dependencias y entidades de salud p\u00fablica de la administraci\u00f3n p\u00fablica federal y local.<\/p>\n\n\n\n<p>.<\/p>\n\n\n\n<p>Si estas en el <strong><mark style=\"background-color:rgba(0, 0, 0, 0)\" class=\"has-inline-color has-vivid-red-color\">Extranjero <\/mark><\/strong>nosotros somos tu <strong><mark style=\"background-color:rgba(0, 0, 0, 0)\" class=\"has-inline-color has-vivid-green-cyan-color\">mejor<\/mark><\/strong> alternativa para <strong><mark style=\"background-color:rgba(0, 0, 0, 0)\" class=\"has-inline-color has-luminous-vivid-orange-color\">velar<\/mark><\/strong> por tus <strong><mark style=\"background-color:rgba(0, 0, 0, 0)\" class=\"has-inline-color has-vivid-cyan-blue-color\">intereses<\/mark><\/strong>, escr\u00edbenos o ll\u00e1manos al Tel <strong>55581-11311<\/strong>. <\/p>\n\n\n\n<p>.<\/p>\n\n\n\n<p>Cuando<strong> necesites<\/strong> ayuda, <strong>asistencia<\/strong> o <strong>planeaci\u00f3n<\/strong> legal, <strong>solicita<\/strong> <strong>Cita Privada<\/strong> <a rel=\"noreferrer noopener\" href=\"mailto:bi@sm99.mx\" target=\"_blank\"><strong>Aqu\u00ed<\/strong><\/a><\/p>\n\n\n\n<p>La informaci\u00f3n que AQU\u00cd te presentamos <strong>deriva<\/strong> de los <strong>Peri\u00f3dicos Oficiales <\/strong>de la<strong> CdMx<\/strong>, <strong>Estado<\/strong> de Mex., Diario <strong>Oficial<\/strong> de la Federaci\u00f3n, Suprema Corte de<strong> Justicia<\/strong> de la Naci\u00f3n, por lo tanto es de <strong>aplicaci\u00f3n <\/strong><mark style=\"background-color:rgba(0, 0, 0, 0)\" class=\"has-inline-color has-vivid-red-color\"><strong>Obligatoria<\/strong>.<\/mark><\/p>\n\n\n\n<p id=\"block-d670f748-d45d-4f67-97f3-7b291563797e\">La <strong>informaci\u00f3n<\/strong> de hoy procede de la Gaceta del EdoMex.<\/p>\n\n\n\n<p id=\"block-6ff5b2c7-4ab6-440f-bcd1-435cf5a8fe8b\"><strong><mark style=\"background-color:rgba(0, 0, 0, 0)\" class=\"has-inline-color has-luminous-vivid-orange-color\">Ay\u00fadanos<\/mark><\/strong> para que m\u00e1s personas conozcan esta informaci\u00f3n,<strong> Compr\u00e1rtelo<\/strong> en tus redes sociales.<\/p>\n","protected":false},"excerpt":{"rendered":"<p>Views: 18 . . Este ANTECEDENTE Surge luego de que una persona que estaba internado en un hospital privado promovi\u00f3 juicios de amparo indirecto para que el hospital le proporcionara los servicios m\u00e9dicos de urgencia, con el fin de salvaguardar su vida. Pero posteriormente, la instituci\u00f3n tramit\u00f3 el incidente de modificaci\u00f3n de la medida cautelar, [&hellip;]<\/p>\n","protected":false},"author":3,"featured_media":26313,"comment_status":"closed","ping_status":"open","sticky":false,"template":"","format":"standard","meta":{"_jetpack_memberships_contains_paid_content":false,"footnotes":""},"categories":[4],"tags":[],"jetpack_sharing_enabled":true,"jetpack_featured_media_url":"http:\/\/www.salgadonoticias.com\/wp-content\/uploads\/2024\/01\/hospital.jpg","_links":{"self":[{"href":"http:\/\/www.salgadonoticias.com\/index.php?rest_route=\/wp\/v2\/posts\/26312"}],"collection":[{"href":"http:\/\/www.salgadonoticias.com\/index.php?rest_route=\/wp\/v2\/posts"}],"about":[{"href":"http:\/\/www.salgadonoticias.com\/index.php?rest_route=\/wp\/v2\/types\/post"}],"author":[{"embeddable":true,"href":"http:\/\/www.salgadonoticias.com\/index.php?rest_route=\/wp\/v2\/users\/3"}],"replies":[{"embeddable":true,"href":"http:\/\/www.salgadonoticias.com\/index.php?rest_route=%2Fwp%2Fv2%2Fcomments&post=26312"}],"version-history":[{"count":7,"href":"http:\/\/www.salgadonoticias.com\/index.php?rest_route=\/wp\/v2\/posts\/26312\/revisions"}],"predecessor-version":[{"id":26333,"href":"http:\/\/www.salgadonoticias.com\/index.php?rest_route=\/wp\/v2\/posts\/26312\/revisions\/26333"}],"wp:featuredmedia":[{"embeddable":true,"href":"http:\/\/www.salgadonoticias.com\/index.php?rest_route=\/wp\/v2\/media\/26313"}],"wp:attachment":[{"href":"http:\/\/www.salgadonoticias.com\/index.php?rest_route=%2Fwp%2Fv2%2Fmedia&parent=26312"}],"wp:term":[{"taxonomy":"category","embeddable":true,"href":"http:\/\/www.salgadonoticias.com\/index.php?rest_route=%2Fwp%2Fv2%2Fcategories&post=26312"},{"taxonomy":"post_tag","embeddable":true,"href":"http:\/\/www.salgadonoticias.com\/index.php?rest_route=%2Fwp%2Fv2%2Ftags&post=26312"}],"curies":[{"name":"wp","href":"https:\/\/api.w.org\/{rel}","templated":true}]}}