{"id":26335,"date":"2024-01-25T00:44:00","date_gmt":"2024-01-25T06:44:00","guid":{"rendered":"https:\/\/www.salgadonoticias.com\/?p=26335"},"modified":"2024-01-25T16:43:05","modified_gmt":"2024-01-25T22:43:05","slug":"cambios-a-la-ley-del-uso-de-la-fuerza","status":"publish","type":"post","link":"http:\/\/www.salgadonoticias.com\/?p=26335","title":{"rendered":"CAMBIOS a la Ley del USO de la FUERZA..!!!"},"content":{"rendered":"<p>Views: 22<\/p>\n<p>.<\/p>\n\n\n\n<figure class=\"wp-block-embed is-type-video is-provider-youtube wp-block-embed-youtube wp-embed-aspect-16-9 wp-has-aspect-ratio\"><div class=\"wp-block-embed__wrapper\">\n<iframe loading=\"lazy\" title=\"CAMBIOS a la Ley del USO dela FUERZA...\" width=\"640\" height=\"360\" src=\"https:\/\/www.youtube.com\/embed\/WvCcnoHS90Q?feature=oembed\" frameborder=\"0\" allow=\"accelerometer; autoplay; clipboard-write; encrypted-media; gyroscope; picture-in-picture; web-share\" referrerpolicy=\"strict-origin-when-cross-origin\" allowfullscreen><\/iframe>\n<\/div><\/figure>\n\n\n\n<p>.<\/p>\n\n\n\n<p class=\"has-text-align-justify\">Se reforma la <strong><mark style=\"background-color:#c2f3e0\" class=\"has-inline-color\">Ley Nacional sobre el Uso de la Fuerza<\/mark><\/strong>, ahora se <strong><mark style=\"background-color:rgba(0, 0, 0, 0);color:#9f0808\" class=\"has-inline-color\">incluyen<\/mark><\/strong> los <strong>principios<\/strong> de <strong><mark style=\"background-color:rgba(0, 0, 0, 0);color:#950606\" class=\"has-inline-color\">\u201cOportunidad\u201d y \u201cRacionalidad\u201d<\/mark><\/strong> en el USO de la<mark style=\"background-color:rgba(0, 0, 0, 0);color:#950909\" class=\"has-inline-color\">&nbsp;<strong>Fuerza P\u00fablica<\/strong><\/mark>, estos cambios entran en <strong><mark style=\"background-color:#aeecd3\" class=\"has-inline-color\">vigor a partir de hoy 25 de enero del 2024.<\/mark><\/strong><\/p>\n\n\n\n<p>.<\/p>\n\n\n\n<p>Se establece que la <strong><mark style=\"background-color:rgba(0, 0, 0, 0);color:#cf2d7a\" class=\"has-inline-color\">finalidad del uso de la fuerza<\/mark><\/strong>, es el de<mark style=\"background-color:#c1f77b\" class=\"has-inline-color\"> <strong>salvaguardar la vida, las libertades, la integridad y el patrimonio de las personas<\/strong><\/mark>, as\u00ed como<mark style=\"background-color:rgba(0, 0, 0, 0)\" class=\"has-inline-color has-vivid-red-color\"> <strong>contribuir<\/strong><\/mark> a la <strong><mark style=\"background-color:#cde0f1\" class=\"has-inline-color\"><span style=\"text-decoration: underline;\">generaci\u00f3n, preservaci\u00f3n o restablecimiento<\/span> del <span style=\"text-decoration: underline;\"><em>orden p\u00fablico, la seguridad y la paz p\u00fablica<\/em><\/span><\/mark><\/strong><span style=\"text-decoration: underline;\"><em>.<\/em><\/span> (Art. 3)<\/p>\n\n\n\n<p>.<\/p>\n\n\n\n<p class=\"has-text-align-justify\">Se <strong><mark style=\"background-color:rgba(0, 0, 0, 0);color:#8e0303\" class=\"has-inline-color\">ELIMINA<\/mark><\/strong> el <span style=\"text-decoration: underline;\">t\u00e9rmino<\/span> \u201c<strong>fuerza epiletal\u201d<\/strong>, pero CONTINUA <mark style=\"background-color:#f8cf5f\" class=\"has-inline-color\">&#8220;<strong>LESI\u00d3N GRAVE&#8221;<\/strong><\/mark> lo cual <strong>permite<\/strong> utilizar la fuerza, permitiendo el <strong><mark style=\"background-color:rgba(0, 0, 0, 0)\" class=\"has-inline-color has-vivid-red-color\">uso de armas menos letales o de fuego<\/mark><\/strong> con la&nbsp;<span style=\"text-decoration: underline;\">finalidad de neutralizar a los agresores<\/span> y <mark style=\"background-color:#c4e3f6\" class=\"has-inline-color\"><strong>protege<\/strong>r la <strong>integridad<\/strong> de la <strong>autoridad o de personas&nbsp;ajenas<\/strong><\/mark>, con alta probabilidad de da\u00f1ar gravemente al agresor. (Art. 6)<\/p>\n\n\n\n<p>.<\/p>\n\n\n\n<p class=\"has-text-align-justify\">El decreto subraya que la <strong><mark style=\"background-color:rgba(0, 0, 0, 0)\" class=\"has-inline-color has-luminous-vivid-orange-color\">racionalidad<\/mark><\/strong> es la <em><span style=\"text-decoration: underline;\">decisi\u00f3n en la que se valora el objetivo que se persigue<\/span><\/em>, <mark style=\"background-color:#fcb900\" class=\"has-inline-color\">las <em>circunstancias de la agresi\u00f3n, las caracter\u00edsticas personales y las capacidades tanto del sujeto a controlar como del integrante de las fuerzas de seguridad<\/em><\/mark><em><mark style=\"background-color:rgba(0, 0, 0, 0);color:#460881\" class=\"has-inline-color\">; lo que involucra que, seg\u00fan la existencia del acto o intenci\u00f3n hostil, es necesario la aplicaci\u00f3n del uso de la fuerza.<\/mark><\/em><\/p>\n\n\n\n<p class=\"has-text-align-justify\">Por lo que, <strong>debe procurarse<\/strong> <mark style=\"background-color:#cf2e2e\" class=\"has-inline-color\"><strong>en el momento y en el lugar en que se reduzcan al m\u00e1ximo los da\u00f1os<\/strong><\/mark> y afectaciones tanto a la <mark style=\"background-color:#ff6900\" class=\"has-inline-color\">vida como a la integridad<\/mark> de las personas involucradas y sus bienes y en general, la afectaci\u00f3n de los&nbsp;derechos de las personas.<\/p>\n\n\n\n<p>.<\/p>\n\n\n\n<p>Da click para ver comparativo..<\/p>\n\n\n\n<div data-wp-interactive=\"core\/file\" class=\"wp-block-file\"><object data-wp-bind--hidden=\"!state.hasPdfPreview\"  class=\"wp-block-file__embed\" data=\"https:\/\/www.salgadonoticias.com\/wp-content\/uploads\/2024\/01\/Comparativo-Ley-de-Uso-de-la-Fuerza.pdf\" type=\"application\/pdf\" style=\"width:100%;height:600px\" aria-label=\"Incrustado de Comparativo-Ley-de-Uso-de-la-Fuerza.\"><\/object><a id=\"wp-block-file--media-7baa448c-a7f0-4a9d-b784-752f93d6719e\" href=\"https:\/\/www.salgadonoticias.com\/wp-content\/uploads\/2024\/01\/Comparativo-Ley-de-Uso-de-la-Fuerza.pdf\">Comparativo-Ley-de-Uso-de-la-Fuerza<\/a><a href=\"https:\/\/www.salgadonoticias.com\/wp-content\/uploads\/2024\/01\/Comparativo-Ley-de-Uso-de-la-Fuerza.pdf\" class=\"wp-block-file__button wp-element-button\" download aria-describedby=\"wp-block-file--media-7baa448c-a7f0-4a9d-b784-752f93d6719e\">Descarga<\/a><\/div>\n\n\n\n<p>.<\/p>\n\n\n\n<p>.<\/p>\n\n\n\n<p class=\"wp-embed-aspect-16-9 wp-has-aspect-ratio\">Si estas en el <strong><mark style=\"background-color:rgba(0, 0, 0, 0)\" class=\"has-inline-color has-vivid-red-color\">Extranjero <\/mark><\/strong>nosotros somos tu <strong><mark style=\"background-color:rgba(0, 0, 0, 0)\" class=\"has-inline-color has-vivid-green-cyan-color\">mejor<\/mark><\/strong> alternativa para <strong><mark style=\"background-color:rgba(0, 0, 0, 0)\" class=\"has-inline-color has-luminous-vivid-orange-color\">velar<\/mark><\/strong> por tus <strong><mark style=\"background-color:rgba(0, 0, 0, 0)\" class=\"has-inline-color has-vivid-cyan-blue-color\">intereses<\/mark><\/strong>, escr\u00edbenos o ll\u00e1manos al Tel <strong>55581-11311<\/strong>.<\/p>\n\n\n\n<p>.<\/p>\n\n\n\n<p>Cuando<strong> necesites<\/strong> ayuda, <strong>asistencia<\/strong> o <strong>planeaci\u00f3n<\/strong> legal, <strong>solicita<\/strong> <strong>Cita Privada<\/strong> <a rel=\"noreferrer noopener\" href=\"mailto:bi@sm99.mx\" target=\"_blank\"><strong>Aqu\u00ed<\/strong><\/a><\/p>\n\n\n\n<p>La informaci\u00f3n que AQU\u00cd te presentamos <strong>deriva<\/strong> de los <strong>Peri\u00f3dicos Oficiales <\/strong>de la<strong> CdMx<\/strong>, <strong>Estado<\/strong> de Mex., Diario <strong>Oficial<\/strong> de la Federaci\u00f3n, Suprema Corte de<strong> Justicia<\/strong> de la Naci\u00f3n, por lo tanto es de <strong>aplicaci\u00f3n OBLIGATORIA<\/strong><\/p>\n\n\n\n<p>La <strong>informaci\u00f3n<\/strong> de hoy procede del Diario Oficial<\/p>\n\n\n\n<p><strong><mark style=\"background-color:rgba(0, 0, 0, 0)\" class=\"has-inline-color has-luminous-vivid-orange-color\">AY\u00daDANOS<\/mark><\/strong> para que m\u00e1s personas conozcan esta informaci\u00f3n, <strong>Comp\u00e1rtelo<\/strong> en tus redes sociales. <\/p>\n","protected":false},"excerpt":{"rendered":"<p>Views: 22 . . Se reforma la Ley Nacional sobre el Uso de la Fuerza, ahora se incluyen los principios de \u201cOportunidad\u201d y \u201cRacionalidad\u201d en el USO de la&nbsp;Fuerza P\u00fablica, estos cambios entran en vigor a partir de hoy 25 de enero del 2024. . Se establece que la finalidad del uso de la fuerza, [&hellip;]<\/p>\n","protected":false},"author":3,"featured_media":26336,"comment_status":"closed","ping_status":"open","sticky":false,"template":"","format":"standard","meta":{"_jetpack_memberships_contains_paid_content":false,"footnotes":""},"categories":[4],"tags":[],"jetpack_sharing_enabled":true,"jetpack_featured_media_url":"http:\/\/www.salgadonoticias.com\/wp-content\/uploads\/2024\/01\/fuerza.jpg","_links":{"self":[{"href":"http:\/\/www.salgadonoticias.com\/index.php?rest_route=\/wp\/v2\/posts\/26335"}],"collection":[{"href":"http:\/\/www.salgadonoticias.com\/index.php?rest_route=\/wp\/v2\/posts"}],"about":[{"href":"http:\/\/www.salgadonoticias.com\/index.php?rest_route=\/wp\/v2\/types\/post"}],"author":[{"embeddable":true,"href":"http:\/\/www.salgadonoticias.com\/index.php?rest_route=\/wp\/v2\/users\/3"}],"replies":[{"embeddable":true,"href":"http:\/\/www.salgadonoticias.com\/index.php?rest_route=%2Fwp%2Fv2%2Fcomments&post=26335"}],"version-history":[{"count":5,"href":"http:\/\/www.salgadonoticias.com\/index.php?rest_route=\/wp\/v2\/posts\/26335\/revisions"}],"predecessor-version":[{"id":26345,"href":"http:\/\/www.salgadonoticias.com\/index.php?rest_route=\/wp\/v2\/posts\/26335\/revisions\/26345"}],"wp:featuredmedia":[{"embeddable":true,"href":"http:\/\/www.salgadonoticias.com\/index.php?rest_route=\/wp\/v2\/media\/26336"}],"wp:attachment":[{"href":"http:\/\/www.salgadonoticias.com\/index.php?rest_route=%2Fwp%2Fv2%2Fmedia&parent=26335"}],"wp:term":[{"taxonomy":"category","embeddable":true,"href":"http:\/\/www.salgadonoticias.com\/index.php?rest_route=%2Fwp%2Fv2%2Fcategories&post=26335"},{"taxonomy":"post_tag","embeddable":true,"href":"http:\/\/www.salgadonoticias.com\/index.php?rest_route=%2Fwp%2Fv2%2Ftags&post=26335"}],"curies":[{"name":"wp","href":"https:\/\/api.w.org\/{rel}","templated":true}]}}