{"id":26355,"date":"2024-01-29T00:12:00","date_gmt":"2024-01-29T06:12:00","guid":{"rendered":"http:\/\/www.salgadonoticias.com\/?p=26355"},"modified":"2024-01-29T18:45:08","modified_gmt":"2024-01-30T00:45:08","slug":"son-validas-las-peticiones-a-la-autoridad-hechas-por-twitter-hoy-x","status":"publish","type":"post","link":"http:\/\/www.salgadonoticias.com\/?p=26355","title":{"rendered":"V\u00c1LIDAS las Peticiones A la Autoridad HECHAS por Twitter (Hoy X)\u2026!!!"},"content":{"rendered":"<p>Views: 22<\/p>\n<p>.<\/p>\n\n\n\n<figure class=\"wp-block-embed is-type-video is-provider-youtube wp-block-embed-youtube wp-embed-aspect-16-9 wp-has-aspect-ratio\"><div class=\"wp-block-embed__wrapper\">\n<iframe loading=\"lazy\" title=\"V\u00c1LIDAS las Peticiones A la Autoridad HECHAS por Twitter (Hoy X)...!!!\" width=\"640\" height=\"360\" src=\"https:\/\/www.youtube.com\/embed\/ryua8oy5n2o?feature=oembed\" frameborder=\"0\" allow=\"accelerometer; autoplay; clipboard-write; encrypted-media; gyroscope; picture-in-picture; web-share\" referrerpolicy=\"strict-origin-when-cross-origin\" allowfullscreen><\/iframe>\n<\/div><\/figure>\n\n\n\n<p>.<\/p>\n\n\n\n<p>Este <strong>ANTECEDENTE<\/strong><\/p>\n\n\n\n<p class=\"has-text-align-justify\"><strong>Surge<\/strong> luego de que a una persona se le <strong>negar\u00e1 la protecci\u00f3n de la justicia<\/strong>, despu\u00e9s de que <span style=\"text-decoration: underline;\">promovi\u00f3 un juicio de amparo<\/span> con la <strong>omisi\u00f3n y falta de respuesta por parte del ayuntamiento<\/strong> a sus <strong>peticiones<\/strong> hechas <strong>a trav\u00e9s<\/strong> de la <strong>red social Twitter<\/strong> (actualmente X), <strong><mark style=\"background-color:rgba(0, 0, 0, 0)\" class=\"has-inline-color has-vivid-red-color\">en particular<\/mark><\/strong>, <\/p>\n\n\n\n<ul>\n<li>Una solicitud de informaci\u00f3n, <\/li>\n\n\n\n<li>Una denuncia y <\/li>\n\n\n\n<li>Un pedimento para la realizaci\u00f3n de una obra p\u00fablica. <\/li>\n\n\n\n<li><\/li>\n\n\n\n<li><\/li>\n\n\n\n<li><\/li>\n\n\n\n<li>Esto porque <strong>la autoridad defendi\u00f3<\/strong> que un <strong><mark style=\"background-color:rgba(0, 0, 0, 0)\" class=\"has-inline-color has-vivid-red-color\">tuit <\/mark><mark style=\"background-color:#ff6900\" class=\"has-inline-color\">no es una petici\u00f3n formal<\/mark><\/strong> que cumpla con los extremos del art\u00edculo <strong>8o. de la Constituci\u00f3n<\/strong>, por lo que <strong><mark style=\"background-color:#cf2e2e\" class=\"has-inline-color\">resultaba imposible<\/mark><\/strong> que <strong><mark style=\"background-color:rgba(0, 0, 0, 0)\" class=\"has-inline-color has-vivid-red-color\">comentarios en las redes sociales<\/mark><\/strong> <strong><mark style=\"background-color:#fcb900\" class=\"has-inline-color\">pusieran en marcha un sistema de la administraci\u00f3n p\u00fablica destinado para atender solicitudes de particulares<\/mark><\/strong>.<\/li>\n<\/ul>\n\n\n\n<p>.<\/p>\n\n\n\n<p>La <strong>Suprema Corte de Justicia <\/strong>a trav\u00e9s de su Primera Sala <strong><mark style=\"background-color:rgba(0, 0, 0, 0);color:#a30303\" class=\"has-inline-color\">DETERMIN\u00d3<\/mark><\/strong> <strong>que las <em><mark style=\"background-color:rgba(0, 0, 0, 0);color:#4b048e\" class=\"has-inline-color\">peticiones escritas formuladas a una autoridad a partir de la plataforma Twitter<\/mark><\/em><\/strong> <mark style=\"background-color:#f1a4b8\" class=\"has-inline-color\"><strong>SON V\u00c1LIDAS <\/strong>y est\u00e1n <strong>PROTEGIDAS<\/strong><\/mark><strong> <\/strong>por el <strong>art\u00edculo 8o. constitucional<\/strong>, siempre y cuando <strong><mark style=\"background-color:rgba(0, 0, 0, 0)\" class=\"has-inline-color has-luminous-vivid-orange-color\">exista confirmaci\u00f3n<\/mark><\/strong> de que:<\/p>\n\n\n\n<ul>\n<li><mark style=\"background-color:rgba(0, 0, 0, 0);color:#071d9f\" class=\"has-inline-color\"><strong>La respectiva autoridad es titular de la cuenta a partir de la cual se formulan dichas peticiones;<\/strong><\/mark><\/li>\n\n\n\n<li><mark style=\"background-color:rgba(0, 0, 0, 0);color:#af8207\" class=\"has-inline-color\"><strong>Dicha autoridad haya habilitado normativa o institucionalmente el uso de la red social aludida como parte del ejercicio de su actuar oficial, aun si ello ocurre a partir de la pr\u00e1ctica cotidiana;<\/strong><\/mark><\/li>\n\n\n\n<li><mark style=\"background-color:rgba(0, 0, 0, 0);color:#a6029f\" class=\"has-inline-color\"><strong>Haya indicios de que el uso que la autoridad da a la plataforma, es efectivamente el de captar y, en su caso, responder peticiones, entre otros fines y no s\u00f3lo un uso medi\u00e1tico o de simple di\u00e1logo con los particulares; y,<\/strong><\/mark><\/li>\n\n\n\n<li><mark style=\"background-color:rgba(0, 0, 0, 0);color:#309406\" class=\"has-inline-color\"><strong>Lo externado por el particular implique una genuina petici\u00f3n y no s\u00f3lo un comentario u opini\u00f3n.<\/strong><\/mark><\/li>\n<\/ul>\n\n\n\n<p>.<\/p>\n\n\n\n<p>La justificaci\u00f3n de la <strong><mark style=\"background-color:rgba(0, 0, 0, 0);color:#090282\" class=\"has-inline-color\">SCJN<\/mark> <\/strong>es que las <mark style=\"background-color:#bbd5eb\" class=\"has-inline-color\"><strong>redes sociales<\/strong> <strong>forman parte de los cambios y las transformaciones de las tecnolog\u00edas de la informaci\u00f3n<\/strong><\/mark><strong>,<\/strong> lo cual incide en los factores econ\u00f3micos, sociales, pol\u00edticos y culturales del pa\u00eds. En ese sentido, una <strong><mark style=\"background-color:#f3b4c4\" class=\"has-inline-color\">interpretaci\u00f3n del art\u00edculo 8o. constitucional<\/mark><\/strong>, a la luz del principio de progresividad previsto en el art\u00edculo 1o. de la Carta Magna, <strong><mark style=\"background-color:rgba(0, 0, 0, 0)\" class=\"has-inline-color has-vivid-red-color\">permite concluir<\/mark><\/strong> que, si una <strong><mark style=\"background-color:rgba(0, 0, 0, 0);color:#07a21e\" class=\"has-inline-color\">autoridad habilita institucionalmente el uso de las redes<\/mark><\/strong> para captar <mark style=\"background-color:rgba(0, 0, 0, 0)\" class=\"has-inline-color has-luminous-vivid-orange-color\"><strong>peticiones de los particulares y darles respuesta<\/strong>, <strong>maximiza<\/strong><\/mark> en favor de la poblaci\u00f3n el ejercicio del <strong>derecho de petici\u00f3n protegido<\/strong> en el art\u00edculo 8o.<\/p>\n\n\n\n<p>Sin embargo, <strong>las peticiones recibidas<\/strong> a trav\u00e9s de dichos <strong><mark style=\"background-color:#fcb900\" class=\"has-inline-color\">medios deben cumplir con las cualidades que exige el citado art\u00edculo 8o<\/mark><\/strong>. y con los <strong>elementos<\/strong> que, en todo caso, sean <strong><mark style=\"background-color:#cf2e2e\" class=\"has-inline-color\">exigibles<\/mark><\/strong> acorde a la <strong>naturaleza y contenido<\/strong> de la <strong><mark style=\"background-color:rgba(0, 0, 0, 0)\" class=\"has-inline-color has-vivid-green-cyan-color\">petici\u00f3n formulada<\/mark><\/strong>, de conformidad con la <strong>doctrina<\/strong> que sobre el <strong><mark style=\"background-color:#abb8c3\" class=\"has-inline-color\">derecho de petici\u00f3n<\/mark><\/strong> ha desarrollado este Alto Tribunal, como podr\u00eda ser lo relativo a los <strong><mark style=\"background-color:#ff6900\" class=\"has-inline-color\">elementos m\u00ednimos de identificaci\u00f3n de la persona peticionaria<\/mark><\/strong>.<\/p>\n\n\n\n<p>.<\/p>\n\n\n\n<p>Esta <strong><mark style=\"background-color:#fcb900\" class=\"has-inline-color\">RESOLUCI\u00d3N<\/mark><\/strong> es de <strong>aplicaci\u00f3n <mark style=\"background-color:rgba(0, 0, 0, 0);color:#870404\" class=\"has-inline-color\">OBLIGATORIA<\/mark> <\/strong>en todo el pa\u00eds a partir de esta semana<\/p>\n\n\n\n<p class=\"has-small-font-size\"><strong><mark style=\"background-color:rgba(0, 0, 0, 0);color:#14b374\" class=\"has-inline-color\">Jurisprudencia Constitucional-Administrativa<\/mark><\/strong><\/p>\n\n\n\n<p>.<\/p>\n\n\n\n<p>Cuando<strong> necesites<\/strong> ayuda, <strong>asistencia<\/strong> o <strong>planeaci\u00f3n<\/strong> legal, <strong>solicita<\/strong> <strong>Cita Privada<\/strong> <a href=\"mailto:bi@sm99.mx\" target=\"_blank\" rel=\"noreferrer noopener\"><strong>Aqu\u00ed<\/strong><\/a><\/p>\n\n\n\n<p>La informaci\u00f3n que AQU\u00cd te presentamos <strong>deriva<\/strong> de los <strong>Peri\u00f3dicos Oficiales <\/strong>de la<strong> CdMx<\/strong>, <strong>Estado<\/strong> de Mex., Diario <strong>Oficial<\/strong> de la Federaci\u00f3n, Suprema Corte de<strong> Justicia<\/strong> de la Naci\u00f3n, por lo tanto es de <strong>aplicaci\u00f3n OBLIGATORIA<\/strong><\/p>\n\n\n\n<p>Esta informaci\u00f3n procede de la Suprema Corte<\/p>\n\n\n\n<p><strong><mark style=\"background-color:rgba(0, 0, 0, 0)\" class=\"has-inline-color has-luminous-vivid-orange-color\">AY\u00daDANOS<\/mark><\/strong> para que m\u00e1s personas conozcan esta informaci\u00f3n, <strong>Comp\u00e1rtelo<\/strong> en tus redes sociales<\/p>\n","protected":false},"excerpt":{"rendered":"<p>Views: 22 . . Este ANTECEDENTE Surge luego de que a una persona se le negar\u00e1 la protecci\u00f3n de la justicia, despu\u00e9s de que promovi\u00f3 un juicio de amparo con la omisi\u00f3n y falta de respuesta por parte del ayuntamiento a sus peticiones hechas a trav\u00e9s de la red social Twitter (actualmente X), en particular, [&hellip;]<\/p>\n","protected":false},"author":3,"featured_media":26359,"comment_status":"closed","ping_status":"open","sticky":false,"template":"","format":"standard","meta":{"_jetpack_memberships_contains_paid_content":false,"footnotes":""},"categories":[4],"tags":[],"jetpack_sharing_enabled":true,"jetpack_featured_media_url":"http:\/\/www.salgadonoticias.com\/wp-content\/uploads\/2024\/01\/twitter-3.jpg","_links":{"self":[{"href":"http:\/\/www.salgadonoticias.com\/index.php?rest_route=\/wp\/v2\/posts\/26355"}],"collection":[{"href":"http:\/\/www.salgadonoticias.com\/index.php?rest_route=\/wp\/v2\/posts"}],"about":[{"href":"http:\/\/www.salgadonoticias.com\/index.php?rest_route=\/wp\/v2\/types\/post"}],"author":[{"embeddable":true,"href":"http:\/\/www.salgadonoticias.com\/index.php?rest_route=\/wp\/v2\/users\/3"}],"replies":[{"embeddable":true,"href":"http:\/\/www.salgadonoticias.com\/index.php?rest_route=%2Fwp%2Fv2%2Fcomments&post=26355"}],"version-history":[{"count":9,"href":"http:\/\/www.salgadonoticias.com\/index.php?rest_route=\/wp\/v2\/posts\/26355\/revisions"}],"predecessor-version":[{"id":26397,"href":"http:\/\/www.salgadonoticias.com\/index.php?rest_route=\/wp\/v2\/posts\/26355\/revisions\/26397"}],"wp:featuredmedia":[{"embeddable":true,"href":"http:\/\/www.salgadonoticias.com\/index.php?rest_route=\/wp\/v2\/media\/26359"}],"wp:attachment":[{"href":"http:\/\/www.salgadonoticias.com\/index.php?rest_route=%2Fwp%2Fv2%2Fmedia&parent=26355"}],"wp:term":[{"taxonomy":"category","embeddable":true,"href":"http:\/\/www.salgadonoticias.com\/index.php?rest_route=%2Fwp%2Fv2%2Fcategories&post=26355"},{"taxonomy":"post_tag","embeddable":true,"href":"http:\/\/www.salgadonoticias.com\/index.php?rest_route=%2Fwp%2Fv2%2Ftags&post=26355"}],"curies":[{"name":"wp","href":"https:\/\/api.w.org\/{rel}","templated":true}]}}