{"id":26375,"date":"2024-01-30T00:47:00","date_gmt":"2024-01-30T06:47:00","guid":{"rendered":"https:\/\/www.salgadonoticias.com\/?p=26375"},"modified":"2024-01-30T16:21:38","modified_gmt":"2024-01-30T22:21:38","slug":"26375","status":"publish","type":"post","link":"http:\/\/www.salgadonoticias.com\/?p=26375","title":{"rendered":"7 NUEVOS Recursos PENALES de Apelaci\u00f3n &#8230;!!!"},"content":{"rendered":"<p>Views: 22<\/p>\n<p>.<\/p>\n\n\n\n<figure class=\"wp-block-embed is-type-video is-provider-youtube wp-block-embed-youtube wp-embed-aspect-16-9 wp-has-aspect-ratio\"><div class=\"wp-block-embed__wrapper\">\n<iframe loading=\"lazy\" title=\"7 NUEVOS Recursos PENALES de Apelaci\u00f3n...!!\" width=\"640\" height=\"360\" src=\"https:\/\/www.youtube.com\/embed\/4ndcyoIhqFU?feature=oembed\" frameborder=\"0\" allow=\"accelerometer; autoplay; clipboard-write; encrypted-media; gyroscope; picture-in-picture; web-share\" referrerpolicy=\"strict-origin-when-cross-origin\" allowfullscreen><\/iframe>\n<\/div><\/figure>\n\n\n\n<p>.<\/p>\n\n\n\n<p class=\"has-text-align-justify\">Se <strong>reforman<\/strong> a los <strong><mark style=\"background-color:rgba(0, 0, 0, 0);color:#b70b0b\" class=\"has-inline-color\">art\u00edculos 258 y 467<\/mark><\/strong> del <mark style=\"background-color:#f0c347\" class=\"has-inline-color\">C\u00f3digo Nacional de Procedimientos Penales <strong>CNPP<\/strong><\/mark>, se <strong><mark style=\"background-color:rgba(0, 0, 0, 0)\" class=\"has-inline-color has-vivid-red-color\">ampl\u00eda<\/mark><\/strong> el <strong>cat\u00e1logo<\/strong> de resoluciones en los que es procedente el <strong><mark style=\"background-color:rgba(0, 0, 0, 0);color:#980404\" class=\"has-inline-color\">recurso de apelaci\u00f3n<\/mark><\/strong>, el cual es suficientemente claro, para que los <strong><mark style=\"background-color:#7bdcb5\" class=\"has-inline-color\">Jueces<\/mark><\/strong>, al igual que las <mark style=\"background-color:#7bdcb5\" class=\"has-inline-color\"><strong>v\u00edctimas<\/strong> y <strong>ofendidos<\/strong><\/mark>, <span style=\"text-decoration: underline;\">sepan con exactitud en qu\u00e9 casos se puede<\/span> <strong>recurrir a este recurso<\/strong>.<\/p>\n\n\n\n<p>.<\/p>\n\n\n\n<p>Lo anterior dicen los legisladores es con el fin de hacer efectivo el <strong>principio de progresividad<\/strong> que rige a los <strong>derechos humanos<\/strong>, as\u00ed como el <strong>principio adversarial<\/strong> del <strong>Sistema de Justicia Penal<\/strong>.&nbsp;<\/p>\n\n\n\n<p>.<\/p>\n\n\n\n<p>El <span style=\"text-decoration: underline;\">recurso de apelaci\u00f3n<\/span>&nbsp;es un<strong> <mark style=\"background-color:rgba(0, 0, 0, 0);color:#2b4963\" class=\"has-inline-color\">medio de impugnaci\u00f3n que pueden utilizar las partes de un proceso cuando no est\u00e1n de acuerdo con una resoluci\u00f3n judicial<\/mark><\/strong>. <\/p>\n\n\n\n<p>.<\/p>\n\n\n\n<p>Estas son algunos de los <strong><mark style=\"background-color:rgba(0, 0, 0, 0);color:#950b0b\" class=\"has-inline-color\">NUEVOS recursos de apelaci\u00f3n<\/mark>:<\/strong><\/p>\n\n\n\n<ol>\n<li><strong><mark style=\"background-color:rgba(0, 0, 0, 0);color:#d30136\" class=\"has-inline-color\">Las que determinen la ilicitud o ilegalidad de alg\u00fan dato o medio de prueba,&nbsp;o la prueba, cuando&nbsp;\u00e9sta sea anticipada;<\/mark><\/strong><\/li>\n\n\n\n<li><strong><mark style=\"background-color:rgba(0, 0, 0, 0);color:#219e0a\" class=\"has-inline-color\">La que determine la legalidad o ilegalidad de la detenci\u00f3n;<\/mark><\/strong><\/li>\n\n\n\n<li><strong><mark style=\"background-color:rgba(0, 0, 0, 0)\" class=\"has-inline-color has-luminous-vivid-orange-color\">Las que determinen la incompetencia del \u00f3rgano jurisdiccional;<\/mark><\/strong><\/li>\n\n\n\n<li><strong><mark style=\"background-color:rgba(0, 0, 0, 0);color:#0711e3\" class=\"has-inline-color\">La negativa a autorizar la pr\u00f3rroga del plazo en la investigaci\u00f3n complementaria;<\/mark><\/strong><\/li>\n\n\n\n<li><strong><mark style=\"background-color:rgba(0, 0, 0, 0);color:#cf0495\" class=\"has-inline-color\">La que resuelva la solicitud de la orden de comparecencia;<\/mark><\/strong><\/li>\n\n\n\n<li><strong><mark style=\"background-color:rgba(0, 0, 0, 0);color:#4f0297\" class=\"has-inline-color\">Las que se pronuncien sobre la restituci\u00f3n de bienes, objetos, instrumentos o productos del delito,&nbsp;o<\/mark><\/strong><\/li>\n\n\n\n<li><mark style=\"background-color:rgba(0, 0, 0, 0);color:#ed520d\" class=\"has-inline-color\"><strong>La que se pronuncie sobre el no ejercicio de la acci\u00f3n penal<\/strong>.<\/mark><\/li>\n<\/ol>\n\n\n\n<p><mark style=\"background-color:#fbcb46\" class=\"has-inline-color\">Los <strong>recursos<\/strong> arriba mencionados ya est\u00e1n <strong>VIGENTES<\/strong> <strong>a partir de esta semana<\/strong>.<\/mark><\/p>\n\n\n\n<p>.<\/p>\n\n\n\n<p>Da click para ver comparativo&#8230;<\/p>\n\n\n\n<div data-wp-interactive=\"core\/file\" class=\"wp-block-file\"><object data-wp-bind--hidden=\"!state.hasPdfPreview\"  class=\"wp-block-file__embed\" data=\"https:\/\/www.salgadonoticias.com\/wp-content\/uploads\/2024\/01\/Comparativo-CCPP-2024.pdf\" type=\"application\/pdf\" style=\"width:100%;height:600px\" aria-label=\"Incrustado de Comparativo-CCPP-2024.\"><\/object><a id=\"wp-block-file--media-2a566e8d-ba13-4f3d-b07c-06bc2b0cfecd\" href=\"https:\/\/www.salgadonoticias.com\/wp-content\/uploads\/2024\/01\/Comparativo-CCPP-2024.pdf\">Comparativo-CCPP-2024<\/a><a href=\"https:\/\/www.salgadonoticias.com\/wp-content\/uploads\/2024\/01\/Comparativo-CCPP-2024.pdf\" class=\"wp-block-file__button wp-element-button\" download aria-describedby=\"wp-block-file--media-2a566e8d-ba13-4f3d-b07c-06bc2b0cfecd\">Descarga<\/a><\/div>\n\n\n\n<p>.<\/p>\n\n\n\n<p>.<\/p>\n\n\n\n<p>Cuando<strong> necesites<\/strong> ayuda, <strong>asistencia<\/strong> o <strong>planeaci\u00f3n<\/strong> legal, <strong>solicita<\/strong> <strong>Cita Privada<\/strong> <a href=\"mailto:bi@sm99.mx\" target=\"_blank\" rel=\"noreferrer noopener\"><strong>Aqu\u00ed<\/strong><\/a><\/p>\n\n\n\n<p>La informaci\u00f3n que AQU\u00cd te presentamos <strong>deriva<\/strong> de los <strong>Peri\u00f3dicos Oficiales <\/strong>de la<strong> CdMx<\/strong>, <strong>Estado<\/strong> de Mex., Diario <strong>Oficial<\/strong> de la Federaci\u00f3n, Suprema Corte de<strong> Justicia<\/strong> de la Naci\u00f3n, por lo tanto es de <strong>aplicaci\u00f3n OBLIGATORIA<\/strong><\/p>\n\n\n\n<p>Esta informaci\u00f3n procede del Diario Oficial<\/p>\n\n\n\n<p><strong><mark style=\"background-color:rgba(0, 0, 0, 0)\" class=\"has-inline-color has-luminous-vivid-orange-color\">AY\u00daDANOS<\/mark><\/strong> para que m\u00e1s personas conozcan esta informaci\u00f3n, <strong>Comp\u00e1rtelo<\/strong> en tus redes sociales<\/p>\n","protected":false},"excerpt":{"rendered":"<p>Views: 22 . . Se reforman a los art\u00edculos 258 y 467 del C\u00f3digo Nacional de Procedimientos Penales CNPP, se ampl\u00eda el cat\u00e1logo de resoluciones en los que es procedente el recurso de apelaci\u00f3n, el cual es suficientemente claro, para que los Jueces, al igual que las v\u00edctimas y ofendidos, sepan con exactitud en qu\u00e9 [&hellip;]<\/p>\n","protected":false},"author":3,"featured_media":26385,"comment_status":"closed","ping_status":"open","sticky":false,"template":"","format":"standard","meta":{"_jetpack_memberships_contains_paid_content":false,"footnotes":""},"categories":[4],"tags":[],"jetpack_sharing_enabled":true,"jetpack_featured_media_url":"http:\/\/www.salgadonoticias.com\/wp-content\/uploads\/2024\/01\/RECURSO.jpg","_links":{"self":[{"href":"http:\/\/www.salgadonoticias.com\/index.php?rest_route=\/wp\/v2\/posts\/26375"}],"collection":[{"href":"http:\/\/www.salgadonoticias.com\/index.php?rest_route=\/wp\/v2\/posts"}],"about":[{"href":"http:\/\/www.salgadonoticias.com\/index.php?rest_route=\/wp\/v2\/types\/post"}],"author":[{"embeddable":true,"href":"http:\/\/www.salgadonoticias.com\/index.php?rest_route=\/wp\/v2\/users\/3"}],"replies":[{"embeddable":true,"href":"http:\/\/www.salgadonoticias.com\/index.php?rest_route=%2Fwp%2Fv2%2Fcomments&post=26375"}],"version-history":[{"count":11,"href":"http:\/\/www.salgadonoticias.com\/index.php?rest_route=\/wp\/v2\/posts\/26375\/revisions"}],"predecessor-version":[{"id":26415,"href":"http:\/\/www.salgadonoticias.com\/index.php?rest_route=\/wp\/v2\/posts\/26375\/revisions\/26415"}],"wp:featuredmedia":[{"embeddable":true,"href":"http:\/\/www.salgadonoticias.com\/index.php?rest_route=\/wp\/v2\/media\/26385"}],"wp:attachment":[{"href":"http:\/\/www.salgadonoticias.com\/index.php?rest_route=%2Fwp%2Fv2%2Fmedia&parent=26375"}],"wp:term":[{"taxonomy":"category","embeddable":true,"href":"http:\/\/www.salgadonoticias.com\/index.php?rest_route=%2Fwp%2Fv2%2Fcategories&post=26375"},{"taxonomy":"post_tag","embeddable":true,"href":"http:\/\/www.salgadonoticias.com\/index.php?rest_route=%2Fwp%2Fv2%2Ftags&post=26375"}],"curies":[{"name":"wp","href":"https:\/\/api.w.org\/{rel}","templated":true}]}}