{"id":26413,"date":"2024-01-31T00:31:00","date_gmt":"2024-01-31T06:31:00","guid":{"rendered":"https:\/\/www.salgadonoticias.com\/?p=26413"},"modified":"2024-01-31T14:48:40","modified_gmt":"2024-01-31T20:48:40","slug":"26413","status":"publish","type":"post","link":"http:\/\/www.salgadonoticias.com\/?p=26413","title":{"rendered":"S\u00edmbolo en pagar\u00e9 EVITA Intereses Moratorios&#8230;!!!"},"content":{"rendered":"<p>Views: 17<\/p>\n<p>.<\/p>\n\n\n\n<figure class=\"wp-block-embed is-type-video is-provider-youtube wp-block-embed-youtube wp-embed-aspect-16-9 wp-has-aspect-ratio\"><div class=\"wp-block-embed__wrapper\">\n<iframe loading=\"lazy\" title=\"S\u00edmbolo en Pagar\u00e9 Evita Intereses Moratorios.!!!\" width=\"640\" height=\"360\" src=\"https:\/\/www.youtube.com\/embed\/thLQADeb3fc?start=8&#038;feature=oembed\" frameborder=\"0\" allow=\"accelerometer; autoplay; clipboard-write; encrypted-media; gyroscope; picture-in-picture; web-share\" referrerpolicy=\"strict-origin-when-cross-origin\" allowfullscreen><\/iframe>\n<\/div><\/figure>\n\n\n\n<p>.<\/p>\n\n\n\n<p>El ANTECEDENTE<\/p>\n\n\n\n<p><strong><mark style=\"background-color:rgba(0, 0, 0, 0)\" class=\"has-inline-color has-luminous-vivid-orange-color\">Surge<\/mark><\/strong> luego de que Tribunales Colegiados llegaron a criterios diferentes al analizar <strong><mark style=\"background-color:rgba(0, 0, 0, 0);color:#074f79\" class=\"has-inline-color\">juicios mercantiles<\/mark> <\/strong>donde el <strong><mark style=\"background-color:#e0edf8\" class=\"has-inline-color\">pagar\u00e9<\/mark><\/strong> base de la acci\u00f3n <strong><mark style=\"background-color:#d2e2f1\" class=\"has-inline-color\">contiene<\/mark><\/strong> la incorporaci\u00f3n repetida de un <strong><mark style=\"background-color:#d0e5f7\" class=\"has-inline-color\">s\u00edmbolo<\/mark><\/strong> o signo en el <mark style=\"background-color:#dfeefc\" class=\"has-inline-color\"><strong>apartado<\/strong> <\/mark>que corresponde a <strong><mark style=\"background-color:#dfedf8\" class=\"has-inline-color\">intereses moratorios mensuales<\/mark><\/strong>. Y mientras que uno consider\u00f3 que la integraci\u00f3n del s\u00edmbolo es un pacto expreso para <strong><mark style=\"background-color:rgba(0, 0, 0, 0)\" class=\"has-inline-color has-luminous-vivid-orange-color\">NO cobrar intereses moratorios<\/mark><\/strong> de ninguna naturaleza, el otro sostuvo que debe asumirse como ausencia de pacto expreso acerca de intereses moratorios, por lo que hace procedente el<strong> cobro del inter\u00e9s legal del 6% anual<\/strong> previsto en el art\u00edculo 362 del C\u00f3digo de Comercio.<\/p>\n\n\n\n<p>.<\/p>\n\n\n\n<p class=\"has-text-align-justify\">La <strong><mark style=\"background-color:rgba(0, 0, 0, 0);color:#030a97\" class=\"has-inline-color\">Suprema Corte de Justicia<\/mark> <\/strong>ante lo anterior <strong><mark style=\"background-color:rgba(0, 0, 0, 0);color:#820303\" class=\"has-inline-color\">DETERMIN\u00d3<\/mark><\/strong> que al <strong><mark style=\"background-color:#fcb900\" class=\"has-inline-color\">poner<\/mark><\/strong> de un <strong><mark style=\"background-color:#bfd9ee\" class=\"has-inline-color\">s\u00edmbolo o signo<\/mark><\/strong> en el <strong><mark style=\"background-color:#fcb900\" class=\"has-inline-color\">apartado<\/mark><\/strong> de los <strong><mark style=\"background-color:rgba(0, 0, 0, 0)\" class=\"has-inline-color has-vivid-red-color\">intereses moratorios<\/mark><\/strong> de un <strong>pagar\u00e9<\/strong> es <strong><mark style=\"background-color:rgba(0, 0, 0, 0)\" class=\"has-inline-color has-luminous-vivid-orange-color\">manifestaci\u00f3n<\/mark><\/strong> suficientemente <strong>entendible<\/strong> de la <span style=\"text-decoration: underline;\">voluntad de las partes<\/span> de <strong><mark style=\"background-color:rgba(0, 0, 0, 0);color:#8c0101\" class=\"has-inline-color\">NO COBRARLO<\/mark>S<\/strong>, y resulta <strong><mark style=\"background-color:#a5eace\" class=\"has-inline-color\">improcedente<\/mark><\/strong> <span style=\"text-decoration: underline;\">aplicar<\/span> lo marcado en el art\u00edculo arriba mencionado, el cual autoriza <strong><mark style=\"background-color:rgba(0, 0, 0, 0)\" class=\"has-inline-color has-luminous-vivid-orange-color\">su cobro<\/mark><\/strong> ante la ausencia de acuerdo entre las partes respecto de esta prestaci\u00f3n.<\/p>\n\n\n\n<p>.<\/p>\n\n\n\n<p class=\"has-text-align-justify\">La justificaci\u00f3n de la <strong><mark style=\"background-color:rgba(0, 0, 0, 0);color:#110277\" class=\"has-inline-color\">SCJN<\/mark><\/strong> es que el <strong>art\u00edculo 362 del C\u00f3digo de Comercio<\/strong> <strong><mark style=\"background-color:rgba(0, 0, 0, 0)\" class=\"has-inline-color has-luminous-vivid-orange-color\">establece<\/mark><\/strong> que los <strong>deudores<\/strong> que demoren en el pago de sus deudas <strong>deber\u00e1n<\/strong> <strong><mark style=\"background-color:rgba(0, 0, 0, 0)\" class=\"has-inline-color has-luminous-vivid-orange-color\">PAGAR<\/mark><\/strong>, desde el d\u00eda siguiente al del vencimiento, el <strong>inter\u00e9s pactado <\/strong>para este supuesto, o en su caso, el <strong><mark style=\"background-color:rgba(0, 0, 0, 0)\" class=\"has-inline-color has-luminous-vivid-orange-color\">seis por ciento anual<\/mark><\/strong>. <em><u>La supletoriedad de la voluntad de las partes en cuanto al pago de intereses moratorios legales<\/u><\/em> se <strong>actualiza<\/strong> en la <strong>ausencia o silencio para fijar una tasa moratoria convencional<\/strong>, como ocurre cuando las <strong><mark style=\"background-color:rgba(0, 0, 0, 0)\" class=\"has-inline-color has-luminous-vivid-orange-color\">partes no anotan la tasa en el espacio destinado para el inter\u00e9s moratorio<\/mark><\/strong>, lo que provoca que este apartado quede en blanco e indefinido y que proceda el cobro del inter\u00e9s legal. Pero <mark style=\"background-color:#87e6c3\" class=\"has-inline-color\"><strong>si<\/strong>, al <strong>insertar un s\u00edmbolo o signo para bloquear el espacio<\/strong> destinado para fijar la <strong>tasa<\/strong> de <strong>intereses moratorios<\/strong><\/mark> las partes est\u00e1n <strong>expresando su voluntad<\/strong> de <strong><mark style=\"background-color:#f8a2b8\" class=\"has-inline-color\">NO cobrarlos<\/mark><\/strong> y, en este supuesto, es improcedente aplicar la tasa legal del 6% anual.<\/p>\n\n\n\n<p>.<\/p>\n\n\n\n<p>Esta <strong><mark style=\"background-color:#fecbd7\" class=\"has-inline-color\">RESOLUCI\u00d3N<\/mark> <\/strong>es de <strong>Aplicaci\u00f3n <mark style=\"background-color:rgba(0, 0, 0, 0);color:#b00808\" class=\"has-inline-color\">OBLIGATORIA<\/mark> <\/strong>en todo el pa\u00eds a partir de esta semana.<\/p>\n\n\n\n<p class=\"has-small-font-size\"><strong><mark style=\"background-color:rgba(0, 0, 0, 0);color:#ab0270\" class=\"has-inline-color\">Jurisprudencia-Civil<\/mark><\/strong><\/p>\n\n\n\n<p>.<\/p>\n\n\n\n<p class=\"wp-embed-aspect-16-9 wp-has-aspect-ratio\">Si estas en el <strong><mark style=\"background-color:rgba(0, 0, 0, 0)\" class=\"has-inline-color has-vivid-red-color\">Extranjero <\/mark><\/strong>nosotros somos tu <strong><mark style=\"background-color:rgba(0, 0, 0, 0)\" class=\"has-inline-color has-vivid-green-cyan-color\">mejor<\/mark><\/strong> alternativa para <strong><mark style=\"background-color:rgba(0, 0, 0, 0)\" class=\"has-inline-color has-luminous-vivid-orange-color\">velar<\/mark><\/strong> por tus <strong><mark style=\"background-color:rgba(0, 0, 0, 0)\" class=\"has-inline-color has-vivid-cyan-blue-color\">intereses<\/mark><\/strong>, escr\u00edbenos o ll\u00e1manos al Tel <strong>55581-11311<\/strong>.<\/p>\n\n\n\n<p>.<\/p>\n\n\n\n<p>Cuando<strong> necesites<\/strong> ayuda, <strong>asistencia<\/strong> o <strong>planeaci\u00f3n<\/strong> legal, <strong>solicita<\/strong> <strong>Cita Privada<\/strong> <a rel=\"noreferrer noopener\" href=\"mailto:bi@sm99.mx\" target=\"_blank\"><strong>Aqu\u00ed<\/strong><\/a><\/p>\n\n\n\n<p>La informaci\u00f3n que AQU\u00cd te presentamos <strong>deriva<\/strong> de los <strong>Peri\u00f3dicos Oficiales <\/strong>de la<strong> CdMx<\/strong>, <strong>Estado<\/strong> de Mex., Diario <strong>Oficial<\/strong> de la Federaci\u00f3n, Suprema Corte de<strong> Justicia<\/strong> de la Naci\u00f3n, por lo tanto es de <strong>aplicaci\u00f3n OBLIGATORIA<\/strong><\/p>\n\n\n\n<p>La <strong>informaci\u00f3n<\/strong> de hoy procede de la Suprema Corte<\/p>\n\n\n\n<p><strong><mark style=\"background-color:rgba(0, 0, 0, 0)\" class=\"has-inline-color has-luminous-vivid-orange-color\">AY\u00daDANOS<\/mark><\/strong> para que m\u00e1s personas conozcan esta informaci\u00f3n, <strong>Comp\u00e1rtelo<\/strong> en tus redes sociales. <\/p>\n","protected":false},"excerpt":{"rendered":"<p>Views: 17 . . El ANTECEDENTE Surge luego de que Tribunales Colegiados llegaron a criterios diferentes al analizar juicios mercantiles donde el pagar\u00e9 base de la acci\u00f3n contiene la incorporaci\u00f3n repetida de un s\u00edmbolo o signo en el apartado que corresponde a intereses moratorios mensuales. Y mientras que uno consider\u00f3 que la integraci\u00f3n del s\u00edmbolo [&hellip;]<\/p>\n","protected":false},"author":3,"featured_media":26416,"comment_status":"closed","ping_status":"open","sticky":false,"template":"","format":"standard","meta":{"_jetpack_memberships_contains_paid_content":false,"footnotes":""},"categories":[4],"tags":[],"jetpack_sharing_enabled":true,"jetpack_featured_media_url":"http:\/\/www.salgadonoticias.com\/wp-content\/uploads\/2024\/01\/intereses.jpg","_links":{"self":[{"href":"http:\/\/www.salgadonoticias.com\/index.php?rest_route=\/wp\/v2\/posts\/26413"}],"collection":[{"href":"http:\/\/www.salgadonoticias.com\/index.php?rest_route=\/wp\/v2\/posts"}],"about":[{"href":"http:\/\/www.salgadonoticias.com\/index.php?rest_route=\/wp\/v2\/types\/post"}],"author":[{"embeddable":true,"href":"http:\/\/www.salgadonoticias.com\/index.php?rest_route=\/wp\/v2\/users\/3"}],"replies":[{"embeddable":true,"href":"http:\/\/www.salgadonoticias.com\/index.php?rest_route=%2Fwp%2Fv2%2Fcomments&post=26413"}],"version-history":[{"count":4,"href":"http:\/\/www.salgadonoticias.com\/index.php?rest_route=\/wp\/v2\/posts\/26413\/revisions"}],"predecessor-version":[{"id":26422,"href":"http:\/\/www.salgadonoticias.com\/index.php?rest_route=\/wp\/v2\/posts\/26413\/revisions\/26422"}],"wp:featuredmedia":[{"embeddable":true,"href":"http:\/\/www.salgadonoticias.com\/index.php?rest_route=\/wp\/v2\/media\/26416"}],"wp:attachment":[{"href":"http:\/\/www.salgadonoticias.com\/index.php?rest_route=%2Fwp%2Fv2%2Fmedia&parent=26413"}],"wp:term":[{"taxonomy":"category","embeddable":true,"href":"http:\/\/www.salgadonoticias.com\/index.php?rest_route=%2Fwp%2Fv2%2Fcategories&post=26413"},{"taxonomy":"post_tag","embeddable":true,"href":"http:\/\/www.salgadonoticias.com\/index.php?rest_route=%2Fwp%2Fv2%2Ftags&post=26413"}],"curies":[{"name":"wp","href":"https:\/\/api.w.org\/{rel}","templated":true}]}}