{"id":26423,"date":"2024-02-01T00:23:00","date_gmt":"2024-02-01T06:23:00","guid":{"rendered":"https:\/\/www.salgadonoticias.com\/?p=26423"},"modified":"2024-02-01T18:42:08","modified_gmt":"2024-02-02T00:42:08","slug":"nva-ley-gral-de-mecanismos-alternativos-de-solucion-de-controversias","status":"publish","type":"post","link":"http:\/\/www.salgadonoticias.com\/?p=26423","title":{"rendered":"NUEVA Ley Gral. de Mecanismos ALTERNATIVOS de SOLUCI\u00d3N de Controversias&#8230;!!!"},"content":{"rendered":"<p>Views: 14<\/p>\n<p>.<\/p>\n\n\n\n<figure class=\"wp-block-embed is-type-video is-provider-youtube wp-block-embed-youtube wp-embed-aspect-16-9 wp-has-aspect-ratio\"><div class=\"wp-block-embed__wrapper\">\n<iframe loading=\"lazy\" title=\"NUEVA Ley Gral. de Mecanismos ALTERNATIVO S de SOLUCIONES de Controversias...\" width=\"640\" height=\"360\" src=\"https:\/\/www.youtube.com\/embed\/Fy1oWl69628?feature=oembed\" frameborder=\"0\" allow=\"accelerometer; autoplay; clipboard-write; encrypted-media; gyroscope; picture-in-picture; web-share\" referrerpolicy=\"strict-origin-when-cross-origin\" allowfullscreen><\/iframe>\n<\/div><\/figure>\n\n\n\n<p>.<\/p>\n\n\n\n<p>\u00a0Se CREA la <strong>Ley General de Mecanismos Alternativos de Soluci\u00f3n de Controversias<\/strong>.<\/p>\n\n\n\n<p class=\"has-text-align-justify\"><strong>Cuenta con:<\/strong><\/p>\n\n\n\n<ul>\n<li><strong><mark style=\"background-color:rgba(0, 0, 0, 0);color:#980707\" class=\"has-inline-color\">144 art\u00edculos<\/mark><\/strong>, divididos en nueve cap\u00edtulos<\/li>\n\n\n\n<li><strong><mark style=\"background-color:rgba(0, 0, 0, 0);color:#080a9c\" class=\"has-inline-color\">17 transitorios<\/mark><\/strong><\/li>\n\n\n\n<li><strong>Enfocada<\/strong> en el uso de <strong><mark style=\"background-color:rgba(0, 0, 0, 0);color:#c9016e\" class=\"has-inline-color\">mecanismos alternativos de soluci\u00f3n de controversias<\/mark><\/strong> de manera enunciativa y NO limitativa, donde se puede optar por algunos de los siguientes m\u00e9todos:\n<ul>\n<li><mark style=\"background-color:#ebc86a\" class=\"has-inline-color\"><strong>NEGOCIACI\u00d3N<\/strong>: Por s\u00ed mismas con o sin intermediarios,\u00a0plantean soluciones a trav\u00e9s del di\u00e1logo, con el fin de resolver una controversia o conflicto; <\/mark><\/li>\n\n\n\n<li><mark style=\"background-color:#6af2c0\" class=\"has-inline-color\"><strong>NEGOCIACI\u00d3N COLABORATIVA.<\/strong>\u00a0Buscar la <strong>soluci\u00f3n pac\u00edfica y\u00a0equitativa<\/strong> de su conflicto, con la <strong>asesor\u00eda<\/strong> de abogados colaborativos, a trav\u00e9s del di\u00e1logo\u00a0y si es necesario, el apoyo de terceros<\/mark><\/li>\n\n\n\n<li><mark style=\"background-color:#fba7bc\" class=\"has-inline-color\"><strong>MEDIACI\u00d3N<\/strong>\u00a0Procedimiento <strong>voluntario<\/strong> en donde acuerden <strong>resolver<\/strong> una\u00a0<strong>controversia o conflicto<\/strong> en forma <strong>parcial o total<\/strong>, de manera <strong>pac\u00edfica, o prevenir uno futuro<\/strong>, siempre con  la\u00a0ayuda de la tercera imparcial denominada persona facilitadora. Se entender\u00e1 que\u00a0existe <strong>Comediaci\u00f3n<\/strong> si participan dos o m\u00e1s personas facilitadoras;<\/mark><\/li>\n\n\n\n<li><mark style=\"background-color:#a4cff4\" class=\"has-inline-color\"><strong>CONCILIACI\u00d3N.<\/strong>\u00a0<span style=\"text-decoration: underline;\"><strong>Procedimiento voluntario<\/strong><\/span> por el cual <span style=\"text-decoration: underline;\">las partes involucradas<\/span> en una controversia o\u00a0conflicto acuerdan <strong>resolver<\/strong> en forma <strong>parcial o total<\/strong>, de <span style=\"text-decoration: underline;\">manera pac\u00edfica<\/span>, o <strong>prevenir uno futuro<\/strong>, igual que en los anteriores es con \u00a0la asistencia y participaci\u00f3n activa de una persona facilitadora, y<\/mark><\/li>\n\n\n\n<li><mark style=\"background-color:#9ce89d\" class=\"has-inline-color\"><strong>ARBITRAJE<\/strong>: Proceso de <strong>soluci\u00f3n<\/strong> de <span style=\"text-decoration: underline;\">controversias o conflictos<\/span> <strong>distinto<\/strong> a la <strong>jurisdicci\u00f3n estatal<\/strong>,\u00a0mediante el cual las partes <span style=\"text-decoration: underline;\">deciden voluntariamente<\/span>, <strong>a trav\u00e9s<\/strong> de un <strong>acuerdo o cl\u00e1usula arbitral<\/strong>,\u00a0someter <em>todas o ciertas diferencias que hayan surgido o puedan surgir entre ellas, respecto de una\u00a0determinada relaci\u00f3n jur\u00eddica<\/em>, con la participaci\u00f3n de una persona tercera en este casi llamada <strong>\u00e1rbitro<\/strong> quien\u00a0<strong>dicta<\/strong> un <strong>fallo<\/strong> de conformidad a las <strong>normas<\/strong> establecidas en los <strong>C\u00f3digo de Comercio y Nacional\u00a0de Procedimientos Civiles y Familiares<\/strong>, y los Tratados Internacionales de los que el Estado\u00a0mexicano sea parte.<\/mark><\/li>\n<\/ul>\n<\/li>\n\n\n\n<li>Estos mecanismos <mark style=\"background-color:#f66b8d\" class=\"has-inline-color\"><strong>PODR\u00c1N<\/strong> <strong>TR\u00c1MITARSE<\/strong> <strong>V\u00cdA INTERNET<\/strong> o sistemas en <strong>L\u00cdNEA<\/strong><\/mark>, conforme a lo establecido en la presente Ley.<\/li>\n\n\n\n<li>Se tendr\u00e1 un <mark style=\"background-color:#cde1f1\" class=\"has-inline-color\"><strong>Registro <\/strong>las personas <strong>Facilitadoras<\/strong><\/mark><strong>.<\/strong><\/li>\n\n\n\n<li>Ser\u00e1 el <strong><mark style=\"background-color:rgba(0, 0, 0, 0)\" class=\"has-inline-color has-vivid-red-color\">Poder Judicial Federal<\/mark><\/strong> el <strong>encargado<\/strong> de <strong><mark style=\"background-color:rgba(0, 0, 0, 0)\" class=\"has-inline-color has-vivid-red-color\">otorgar, negar, suspender, revocar o renovar la certificaci\u00f3n de las personas&nbsp;facilitadoras<\/mark><\/strong><\/li>\n<\/ul>\n\n\n\n<p>.<\/p>\n\n\n\n<p>Con esta ley <span style=\"text-decoration: underline;\">promover\u00e1 la participaci\u00f3n de la ciudadan\u00eda<\/span> en la <strong><mark style=\"background-color:rgba(0, 0, 0, 0)\" class=\"has-inline-color has-luminous-vivid-orange-color\">impartici\u00f3n de la justicia v\u00eda extrajudicia<\/mark>l<\/strong>, a trav\u00e9s de la <strong><mark style=\"background-color:rgba(0, 0, 0, 0);color:#3f017a\" class=\"has-inline-color\">implementaci\u00f3n de soluciones efectivas, confiables y contundentes a sus problem\u00e1ticas<\/mark><\/strong>, con lo que se busca que las partes sean quienes solucionen sus conflictos, sin que requieran acudir a instancias jurisdiccionales y as\u00ed lograr la armonizaci\u00f3n y la homologaci\u00f3n de los procedimientos <strong><mark style=\"background-color:rgba(0, 0, 0, 0);color:#8b0909\" class=\"has-inline-color\">NO Jurisdiccionales<\/mark><\/strong> y de los diferentes <strong>mecanismos<\/strong> que en com\u00fan tienen <strong>las partes<\/strong> para <strong>gestionar<\/strong> por s\u00ed mismas <strong>la soluci\u00f3n de sus conflictos<\/strong> o con el <strong>apoyo de una tercera persona<\/strong> ajena, denominada <strong>\u201cfacilitadora\u201d<\/strong>.<\/p>\n\n\n\n<p>.<\/p>\n\n\n\n<p>En los transitorios se indica que entra en vigor a partir de esta semana, pero <strong><mark style=\"background-color:rgba(0, 0, 0, 0)\" class=\"has-inline-color has-vivid-red-color\">empezar\u00e1 aplicarse a partir del 2025.<\/mark><\/strong><\/p>\n\n\n\n<p>.<\/p>\n\n\n\n<p class=\"wp-embed-aspect-16-9 wp-has-aspect-ratio\">Si estas en el <strong><mark style=\"background-color:rgba(0, 0, 0, 0)\" class=\"has-inline-color has-vivid-red-color\">Extranjero <\/mark><\/strong>nosotros somos tu <strong><mark style=\"background-color:rgba(0, 0, 0, 0)\" class=\"has-inline-color has-vivid-green-cyan-color\">mejor<\/mark><\/strong> alternativa para <strong><mark style=\"background-color:rgba(0, 0, 0, 0)\" class=\"has-inline-color has-luminous-vivid-orange-color\">velar<\/mark><\/strong> por tus <strong><mark style=\"background-color:rgba(0, 0, 0, 0)\" class=\"has-inline-color has-vivid-cyan-blue-color\">intereses<\/mark><\/strong>, escr\u00edbenos o ll\u00e1manos al Tel <strong>55581-11311<\/strong>.<\/p>\n\n\n\n<p>.<\/p>\n\n\n\n<p>Cuando<strong> necesites<\/strong> ayuda, <strong>asistencia<\/strong> o <strong>planeaci\u00f3n<\/strong> legal, <strong>solicita<\/strong> <strong>Cita Privada<\/strong> <a rel=\"noreferrer noopener\" href=\"mailto:bi@sm99.mx\" target=\"_blank\"><strong>Aqu\u00ed<\/strong><\/a><\/p>\n\n\n\n<p>La informaci\u00f3n que AQU\u00cd te presentamos <strong>deriva<\/strong> de los <strong>Peri\u00f3dicos Oficiales <\/strong>de la<strong> CdMx<\/strong>, <strong>Estado<\/strong> de Mex., Diario <strong>Oficial<\/strong> de la Federaci\u00f3n, Suprema Corte de<strong> Justicia<\/strong> de la Naci\u00f3n, por lo tanto es de <strong>aplicaci\u00f3n OBLIGATORIA<\/strong><\/p>\n\n\n\n<p>La <strong>informaci\u00f3n<\/strong> de hoy procede del Diario Oficial<\/p>\n\n\n\n<p><strong><mark style=\"background-color:rgba(0, 0, 0, 0)\" class=\"has-inline-color has-luminous-vivid-orange-color\">AY\u00daDANOS<\/mark><\/strong> para que m\u00e1s personas conozcan esta informaci\u00f3n, <strong>Comp\u00e1rtelo<\/strong> en tus redes sociales. <\/p>\n","protected":false},"excerpt":{"rendered":"<p>Views: 14 . . \u00a0Se CREA la Ley General de Mecanismos Alternativos de Soluci\u00f3n de Controversias. Cuenta con: . Con esta ley promover\u00e1 la participaci\u00f3n de la ciudadan\u00eda en la impartici\u00f3n de la justicia v\u00eda extrajudicial, a trav\u00e9s de la implementaci\u00f3n de soluciones efectivas, confiables y contundentes a sus problem\u00e1ticas, con lo que se busca [&hellip;]<\/p>\n","protected":false},"author":3,"featured_media":26429,"comment_status":"closed","ping_status":"open","sticky":false,"template":"","format":"standard","meta":{"_jetpack_memberships_contains_paid_content":false,"footnotes":""},"categories":[4],"tags":[],"jetpack_sharing_enabled":true,"jetpack_featured_media_url":"http:\/\/www.salgadonoticias.com\/wp-content\/uploads\/2024\/02\/justicia.jpg","_links":{"self":[{"href":"http:\/\/www.salgadonoticias.com\/index.php?rest_route=\/wp\/v2\/posts\/26423"}],"collection":[{"href":"http:\/\/www.salgadonoticias.com\/index.php?rest_route=\/wp\/v2\/posts"}],"about":[{"href":"http:\/\/www.salgadonoticias.com\/index.php?rest_route=\/wp\/v2\/types\/post"}],"author":[{"embeddable":true,"href":"http:\/\/www.salgadonoticias.com\/index.php?rest_route=\/wp\/v2\/users\/3"}],"replies":[{"embeddable":true,"href":"http:\/\/www.salgadonoticias.com\/index.php?rest_route=%2Fwp%2Fv2%2Fcomments&post=26423"}],"version-history":[{"count":8,"href":"http:\/\/www.salgadonoticias.com\/index.php?rest_route=\/wp\/v2\/posts\/26423\/revisions"}],"predecessor-version":[{"id":26441,"href":"http:\/\/www.salgadonoticias.com\/index.php?rest_route=\/wp\/v2\/posts\/26423\/revisions\/26441"}],"wp:featuredmedia":[{"embeddable":true,"href":"http:\/\/www.salgadonoticias.com\/index.php?rest_route=\/wp\/v2\/media\/26429"}],"wp:attachment":[{"href":"http:\/\/www.salgadonoticias.com\/index.php?rest_route=%2Fwp%2Fv2%2Fmedia&parent=26423"}],"wp:term":[{"taxonomy":"category","embeddable":true,"href":"http:\/\/www.salgadonoticias.com\/index.php?rest_route=%2Fwp%2Fv2%2Fcategories&post=26423"},{"taxonomy":"post_tag","embeddable":true,"href":"http:\/\/www.salgadonoticias.com\/index.php?rest_route=%2Fwp%2Fv2%2Ftags&post=26423"}],"curies":[{"name":"wp","href":"https:\/\/api.w.org\/{rel}","templated":true}]}}