{"id":26465,"date":"2024-02-05T00:37:00","date_gmt":"2024-02-05T06:37:00","guid":{"rendered":"http:\/\/www.salgadonoticias.com\/?p=26465"},"modified":"2024-02-06T07:32:01","modified_gmt":"2024-02-06T13:32:01","slug":"alerta-amber-debe-activarse-aun-cuando-el-padre-fue-quien-sustrajo-al-menor","status":"publish","type":"post","link":"http:\/\/www.salgadonoticias.com\/?p=26465","title":{"rendered":"Alerta Amber&#8230;Debe Activarse a\u00fan cuando el Padre fue quien sustrajo al menor&#8230;!!!"},"content":{"rendered":"<p>Views: 35<\/p>\n<p>.<\/p>\n\n\n\n<p>El ANTECEDENTE<\/p>\n\n\n\n<p class=\"has-text-align-justify\"><strong>Surge <\/strong>despu\u00e9s de que una madre de una ni\u00f1a present\u00f3 una demanda en contra el padre de \u00e9sta por el delito de sustracci\u00f3n de menores, se inici\u00f3 una carpeta de investigaci\u00f3n, la cual fue judicializada y se gir\u00f3 la respectiva orden de aprehensi\u00f3n. pero al no haber \u00e9xito en su localizaci\u00f3n se solicit\u00f3 la activaci\u00f3n de la Alerta Amber para la b\u00fasqueda y recuperaci\u00f3n de la infante; pero esta fue Negada por  el responsable de la Unidad de Alerta Amber y Atenci\u00f3n Ciudadana de la Fiscal\u00eda General de Justicia al considerar que dicha solicitud no se cumpl\u00edan los lineamientos correspondientes para emitirla y activarla, argumentando que este programa &#8220;no interviene en disputas familiares&#8221;,  ya que no se encontraba en calidad de desaparecida, sino con su progenitor.<\/p>\n\n\n\n<p>.<\/p>\n\n\n\n<p class=\"has-text-align-justify\">La <strong>Suprema Corte de Justicia, <\/strong>a trav\u00e9s de sus Tribunal Colegiado de Circuito, <strong><mark style=\"background-color:rgba(0, 0, 0, 0);color:#a90808\" class=\"has-inline-color\">DETERMIN\u00d3<\/mark> <\/strong>que la activaci\u00f3n de la <mark style=\"background-color:#9dedcd\" class=\"has-inline-color\"><strong>Alerta Amber<\/strong> <strong>NO <\/strong>debe <strong>negarse<\/strong> para la <strong>b\u00fasqueda y recuperaci\u00f3n<\/strong> de un menor de edad<\/mark> <strong>v\u00edctima del delito de sustracci\u00f3n<\/strong>, cuando el <strong><mark style=\"background-color:rgba(0, 0, 0, 0)\" class=\"has-inline-color has-vivid-red-color\">imputado es su progenitor<\/mark><\/strong>, <span style=\"text-decoration: underline;\">argumentando que ese programa<\/span> <strong><mark style=\"background-color:rgba(0, 0, 0, 0);color:#1307e3\" class=\"has-inline-color\">&#8220;no interviene en disputas familiares&#8221;<\/mark><\/strong>; ya que la <strong>Alerta Amber<\/strong> es una herramienta para la b\u00fasqueda y pronta recuperaci\u00f3n de ni\u00f1as, ni\u00f1os y adolescentes que se encuentren en riesgo inminente de sufrir da\u00f1o grave a su integridad, por cualquier circunstancia donde se presuma la comisi\u00f3n de un il\u00edcito ocurrido en territorio nacional. <\/p>\n\n\n\n<p>.<\/p>\n\n\n\n<p class=\"has-text-align-justify\">La justificaci\u00f3n de la <strong><em><mark style=\"background-color:rgba(0, 0, 0, 0);color:#2d077b\" class=\"has-inline-color\">SCJN<\/mark><\/em><\/strong> es que los requisitos para la <strong><mark style=\"background-color:rgba(0, 0, 0, 0)\" class=\"has-inline-color has-vivid-red-color\">activaci\u00f3n<\/mark><\/strong> de la <strong>Alerta Amber<\/strong> se colman si la persona a <strong>buscar es menor de dieciocho a\u00f1os<\/strong> y se <strong>encuentra en riesgo<\/strong> inminente de <strong>sufrir<\/strong> <span style=\"text-decoration: underline;\">da\u00f1o grave a su integridad personal<\/span> por motivo de:<\/p>\n\n\n\n<ul>\n<li><strong><mark style=\"background-color:rgba(0, 0, 0, 0)\" class=\"has-inline-color has-luminous-vivid-orange-color\">Ausencia, <\/mark><\/strong><\/li>\n\n\n\n<li><mark style=\"background-color:rgba(0, 0, 0, 0);color:#44077d\" class=\"has-inline-color\"><strong>Desaparici\u00f3n, <\/strong><\/mark><\/li>\n\n\n\n<li><mark style=\"background-color:rgba(0, 0, 0, 0);color:#072fe3\" class=\"has-inline-color\"><strong>Extrav\u00edo, <\/strong><\/mark><\/li>\n\n\n\n<li><mark style=\"background-color:rgba(0, 0, 0, 0)\" class=\"has-inline-color has-vivid-red-color\"><strong>Privaci\u00f3n ilegal de la libertad, <\/strong><\/mark><\/li>\n\n\n\n<li><strong>No localizaci\u00f3n o cualquier circunstancia que presuma la comisi\u00f3n de un il\u00edcito. <\/strong><\/li>\n<\/ul>\n\n\n\n<p class=\"has-text-align-justify\">De ah\u00ed que lo decidido por la autoridad responsable de negar su activaci\u00f3n porque el programa &#8220;no interviene en disputas familiares&#8221;, se apoya en prejuicios claramente superados al soslayar que la violencia debe ser combatida en todos los aspectos y \u00e1mbitos sociales, por ser una responsabilidad del Estado Mexicano a trav\u00e9s de sus autoridades. Adem\u00e1s, en t\u00e9rminos del segundo p\u00e1rrafo del art\u00edculo 17 de la Constituci\u00f3n, las <strong>autoridades<\/strong> quedan <strong>vinculadas a cumplir<\/strong>, en el \u00e1mbito de su competencia, <strong><mark style=\"background-color:rgba(0, 0, 0, 0)\" class=\"has-inline-color has-luminous-vivid-orange-color\">con su obligaci\u00f3n de realizar las acciones necesarias para velar por el inter\u00e9s superior del infante<\/mark><\/strong>, procurando los mecanismos para dar celeridad a su ubicaci\u00f3n y localizaci\u00f3n, garantizando la convivencia con ambos progenitores y no s\u00f3lo con uno de ellos, lo que resulta una condici\u00f3n prioritaria para el bienestar y desarrollo psicoemocional del menor. Adem\u00e1s de que debe lograrse lo m\u00e1s pronto posible la restituci\u00f3n al domicilio jurisdiccionalmente fijado para su custodia.<\/p>\n\n\n\n<p>.<\/p>\n\n\n\n<p><strong>Esta RESOLUCI\u00d3N es de aplicaci\u00f3n para quien la conozca<\/strong><\/p>\n\n\n\n<p><strong>Tesis Penal<\/strong><\/p>\n\n\n\n<p>.<\/p>\n\n\n\n<p class=\"wp-embed-aspect-16-9 wp-has-aspect-ratio\">Si estas en el <strong><mark style=\"background-color:rgba(0, 0, 0, 0)\" class=\"has-inline-color has-vivid-red-color\">Extranjero <\/mark><\/strong>nosotros somos tu <strong><mark style=\"background-color:rgba(0, 0, 0, 0)\" class=\"has-inline-color has-vivid-green-cyan-color\">mejor<\/mark><\/strong> alternativa para <strong><mark style=\"background-color:rgba(0, 0, 0, 0)\" class=\"has-inline-color has-luminous-vivid-orange-color\">velar<\/mark><\/strong> por tus <strong><mark style=\"background-color:rgba(0, 0, 0, 0)\" class=\"has-inline-color has-vivid-cyan-blue-color\">intereses<\/mark><\/strong>, escr\u00edbenos o ll\u00e1manos al Tel <strong>55581-11311<\/strong>.<\/p>\n\n\n\n<p>.<\/p>\n\n\n\n<p>Cuando<strong> necesites<\/strong> ayuda, <strong>asistencia<\/strong> o <strong>planeaci\u00f3n<\/strong> legal, <strong>solicita<\/strong> <strong>Cita Privada<\/strong> <a rel=\"noreferrer noopener\" href=\"mailto:bi@sm99.mx\" target=\"_blank\"><strong>Aqu\u00ed<\/strong><\/a><\/p>\n\n\n\n<p>La informaci\u00f3n que AQU\u00cd te presentamos <strong>deriva<\/strong> de los <strong>Peri\u00f3dicos Oficiales <\/strong>de la<strong> CdMx<\/strong>, <strong>Estado<\/strong> de Mex., Diario <strong>Oficial<\/strong> de la Federaci\u00f3n, Suprema Corte de<strong> Justicia<\/strong> de la Naci\u00f3n, por lo tanto es de <strong>aplicaci\u00f3n OBLIGATORIA<\/strong><\/p>\n\n\n\n<p>La <strong>informaci\u00f3n<\/strong> de hoy procede de la Suprema Corte de Justicia.<\/p>\n\n\n\n<p><strong><mark style=\"background-color:rgba(0, 0, 0, 0)\" class=\"has-inline-color has-luminous-vivid-orange-color\">AY\u00daDANOS<\/mark><\/strong> para que m\u00e1s personas conozcan esta informaci\u00f3n, <strong>Comp\u00e1rtelo<\/strong> en tus redes sociales. <\/p>\n\n\n\n<p><\/p>\n","protected":false},"excerpt":{"rendered":"<p>Views: 35 . El ANTECEDENTE Surge despu\u00e9s de que una madre de una ni\u00f1a present\u00f3 una demanda en contra el padre de \u00e9sta por el delito de sustracci\u00f3n de menores, se inici\u00f3 una carpeta de investigaci\u00f3n, la cual fue judicializada y se gir\u00f3 la respectiva orden de aprehensi\u00f3n. pero al no haber \u00e9xito en su [&hellip;]<\/p>\n","protected":false},"author":3,"featured_media":26466,"comment_status":"closed","ping_status":"open","sticky":false,"template":"","format":"standard","meta":{"_jetpack_memberships_contains_paid_content":false,"footnotes":""},"categories":[4],"tags":[],"jetpack_sharing_enabled":true,"jetpack_featured_media_url":"http:\/\/www.salgadonoticias.com\/wp-content\/uploads\/2024\/02\/amber-scaled.jpg","_links":{"self":[{"href":"http:\/\/www.salgadonoticias.com\/index.php?rest_route=\/wp\/v2\/posts\/26465"}],"collection":[{"href":"http:\/\/www.salgadonoticias.com\/index.php?rest_route=\/wp\/v2\/posts"}],"about":[{"href":"http:\/\/www.salgadonoticias.com\/index.php?rest_route=\/wp\/v2\/types\/post"}],"author":[{"embeddable":true,"href":"http:\/\/www.salgadonoticias.com\/index.php?rest_route=\/wp\/v2\/users\/3"}],"replies":[{"embeddable":true,"href":"http:\/\/www.salgadonoticias.com\/index.php?rest_route=%2Fwp%2Fv2%2Fcomments&post=26465"}],"version-history":[{"count":4,"href":"http:\/\/www.salgadonoticias.com\/index.php?rest_route=\/wp\/v2\/posts\/26465\/revisions"}],"predecessor-version":[{"id":26480,"href":"http:\/\/www.salgadonoticias.com\/index.php?rest_route=\/wp\/v2\/posts\/26465\/revisions\/26480"}],"wp:featuredmedia":[{"embeddable":true,"href":"http:\/\/www.salgadonoticias.com\/index.php?rest_route=\/wp\/v2\/media\/26466"}],"wp:attachment":[{"href":"http:\/\/www.salgadonoticias.com\/index.php?rest_route=%2Fwp%2Fv2%2Fmedia&parent=26465"}],"wp:term":[{"taxonomy":"category","embeddable":true,"href":"http:\/\/www.salgadonoticias.com\/index.php?rest_route=%2Fwp%2Fv2%2Fcategories&post=26465"},{"taxonomy":"post_tag","embeddable":true,"href":"http:\/\/www.salgadonoticias.com\/index.php?rest_route=%2Fwp%2Fv2%2Ftags&post=26465"}],"curies":[{"name":"wp","href":"https:\/\/api.w.org\/{rel}","templated":true}]}}