{"id":26472,"date":"2024-02-06T07:27:01","date_gmt":"2024-02-06T13:27:01","guid":{"rendered":"http:\/\/www.salgadonoticias.com\/?p=26472"},"modified":"2024-02-06T10:44:03","modified_gmt":"2024-02-06T16:44:03","slug":"20-reformas-constitucionales","status":"publish","type":"post","link":"http:\/\/www.salgadonoticias.com\/?p=26472","title":{"rendered":"20 REFORMAS Constitucionales PROPUESTAS&#8230;!!!"},"content":{"rendered":"<p>Views: 12<\/p>\n<p>.<\/p>\n\n\n\n<p>En al marco del <strong>aniversario<\/strong> de la <strong><mark style=\"background-color:rgba(0, 0, 0, 0)\" class=\"has-inline-color has-vivid-red-color\">Constituci\u00f3n mexicana<\/mark><\/strong>, fue presentado el paquete de <strong><mark style=\"background-color:#ff6900\" class=\"has-inline-color\">Reformas Constitucionales<\/mark><\/strong>&#8230;<\/p>\n\n\n\n<ul>\n<li><strong><mark style=\"background-color:rgba(0, 0, 0, 0)\" class=\"has-inline-color has-vivid-red-color\">Reconocer a los pueblos ind\u00edgenas<\/mark><\/strong> y afromexicanos como sujetos de derecho p\u00fablico.<\/li>\n\n\n\n<li><strong>Derecho a pensiones a adultos mayores<\/strong>\u00a0a partir de los 65 a\u00f1os y aumentar el monto cada a\u00f1o; adem\u00e1s de un apoyo universal para las personas con <strong>discapacidad<\/strong>.<\/li>\n\n\n\n<li><strong><mark style=\"background-color:rgba(0, 0, 0, 0)\" class=\"has-inline-color has-vivid-red-color\">Becas a estudiantes de familias pobres<\/mark><\/strong> en todos los niveles de escolaridad.<\/li>\n\n\n\n<li>Atenci\u00f3n <strong>m\u00e9dica universal gratuita<\/strong>.<\/li>\n\n\n\n<li>Que los <strong>trabajadores y familias puedan ser due\u00f1os de sus viviendas<\/strong>.<\/li>\n\n\n\n<li><strong><mark style=\"background-color:rgba(0, 0, 0, 0)\" class=\"has-inline-color has-vivid-red-color\">No otorgar concesiones para miner\u00eda a cielo abierto <\/mark><\/strong>y prohibir el\u00a0<em>fracking\u00a0<\/em>para la extracci\u00f3n de hidrocarburos<\/li>\n\n\n\n<li>Hacer respetar las <strong>zonas con escasez de agua <\/strong>y solo autorizar en ellas concesiones para uso dom\u00e9stico.<\/li>\n\n\n\n<li><strong><mark style=\"background-color:rgba(0, 0, 0, 0)\" class=\"has-inline-color has-vivid-red-color\">Prohibir el comercio de vapeadores<\/mark><\/strong> y de drogas qu\u00edmicas como el fentanilo.<\/li>\n\n\n\n<li><strong>No permitir <\/strong>que el <strong>aumento del salario m\u00ednimo sea menor a la inflaci\u00f3n<\/strong> anual.<\/li>\n\n\n\n<li>El salario m\u00ednimo para <strong><mark style=\"background-color:rgba(0, 0, 0, 0)\" class=\"has-inline-color has-vivid-red-color\">maestros de educaci\u00f3n b\u00e1sica de tiempo completo, de polic\u00edas, guardias nacionales, soldados, marinos, m\u00e9dicos y enfermeras<\/mark><\/strong> no sea menor a lo que perciben los trabajadores afiliados al seguro social.<\/li>\n\n\n\n<li><strong>Revertir las reformas de pensiones<\/strong>, tanto la de 1997 como la de 2007. Ya que seg\u00fan el presidente \u201cafectan injustamente a trabajadores del seguro social y del ISSSTE pues les impiden jubilarse con el 100% de su salario\u201d. Para ello <strong>propuso la creaci\u00f3n de un fondo semilla que se ir\u00e1 incrementando,<\/strong> al tiempo que se utilizar\u00e1 para compensar a los trabajadores afectados por la legislaci\u00f3n actual que data de 1997 y la reforma de una d\u00e9cada m\u00e1s tarde, a las que llam\u00f3 \u201creformas antilaborales del periodo neoliberal\u201d.<\/li>\n\n\n\n<li><strong>Garantizar a los mexicanos el derecho a la educaci\u00f3n y al trabajo<\/strong>. <\/li>\n\n\n\n<li><strong><mark style=\"background-color:rgba(0, 0, 0, 0)\" class=\"has-inline-color has-vivid-red-color\">Mejorar las condiciones de los campesinos<\/mark><\/strong> a trav\u00e9s de \u201cun jornal justo y permanente\u201d, como una extensi\u00f3n del programa Sembrando Vida. <\/li>\n\n\n\n<li><strong>Utilizar para trenes de pasajeros los 18.000 kil\u00f3metros de v\u00edas f\u00e9rreas concesionados<\/strong> y destinados al transporte de carga. El Estado tambi\u00e9n estar\u00e1 obligado a garantizar el derecho a los servicios de internet, ya sea con una empresa p\u00fablica o concesiones a particulares. <\/li>\n\n\n\n<li><strong><mark style=\"background-color:rgba(0, 0, 0, 0);color:#a10505\" class=\"has-inline-color\">Una nueva iniciativa de reforma electoral<\/mark><\/strong>, la cual contempla la <strong><mark style=\"background-color:rgba(0, 0, 0, 0)\" class=\"has-inline-color has-vivid-red-color\">reducci\u00f3n de los gastos destinados a campa\u00f1as y partidos pol\u00edticos,<\/mark><\/strong> adem\u00e1s de disminuir el n\u00famero de regidores en ayuntamientos. La reforma tambi\u00e9n contempla eliminar las candidaturas plurinominales y sobre todo, reducir el Congreso de 500 a 300 diputados y de 128 a 64 senadores. <strong>Adem\u00e1s<\/strong>, el presidente propuso que<strong> tanto los consejeros como los magistrados de los organismos electorales sean electos por el voto directo de la ciudadan\u00eda<\/strong>.<\/li>\n\n\n\n<li><strong><mark style=\"background-color:rgba(0, 0, 0, 0);color:#d3016c\" class=\"has-inline-color\">Los jueces, magistrados y ministros del Poder Judicial<\/mark><\/strong>, en vez de ser propuestos por el Ejecutivo y nombrados por legisladores, ser\u00e1n <strong><mark style=\"background-color:rgba(0, 0, 0, 0);color:#d80a65\" class=\"has-inline-color\">electos de manera directa por el pueblo<\/mark><\/strong>.<\/li>\n\n\n\n<li>Que la <strong><mark style=\"background-color:rgba(0, 0, 0, 0);color:#1b07e3\" class=\"has-inline-color\">Guardia Nacional se Traspase a la Sedena<\/mark><\/strong> como un mecanismo para, asegur\u00f3, \u201cevitar que [la Guardia Nacional] se corrompa como la antigua Polic\u00eda Federal\u201d.<\/li>\n\n\n\n<li>Convertir en <strong>pol\u00edtica de Estado la austeridad republicana<\/strong>. <\/li>\n\n\n\n<li><strong>Eliminar <\/strong>todas las dependencias y <strong><mark style=\"background-color:rgba(0, 0, 0, 0)\" class=\"has-inline-color has-vivid-red-color\">organismos<\/mark><\/strong> onerosos y elitistas \u201csupuestamente <strong><mark style=\"background-color:rgba(0, 0, 0, 0)\" class=\"has-inline-color has-vivid-red-color\">aut\u00f3nomos<\/mark><\/strong>\u201d.<\/li>\n<\/ul>\n\n\n\n<p>.<\/p>\n\n\n\n<p class=\"wp-embed-aspect-16-9 wp-has-aspect-ratio\">Si estas en el <strong><mark style=\"background-color:rgba(0, 0, 0, 0)\" class=\"has-inline-color has-vivid-red-color\">Extranjero <\/mark><\/strong>nosotros somos tu <strong><mark style=\"background-color:rgba(0, 0, 0, 0)\" class=\"has-inline-color has-vivid-green-cyan-color\">mejor<\/mark><\/strong> alternativa para <strong><mark style=\"background-color:rgba(0, 0, 0, 0)\" class=\"has-inline-color has-luminous-vivid-orange-color\">velar<\/mark><\/strong> por tus <strong><mark style=\"background-color:rgba(0, 0, 0, 0)\" class=\"has-inline-color has-vivid-cyan-blue-color\">intereses<\/mark><\/strong>, escr\u00edbenos o ll\u00e1manos al Tel <strong>55581-11311<\/strong>.<\/p>\n\n\n\n<p>.<\/p>\n\n\n\n<p>Cuando<strong> necesites<\/strong> ayuda, <strong>asistencia<\/strong> o <strong>planeaci\u00f3n<\/strong> legal, <strong>solicita<\/strong> <strong>Cita Privada<\/strong> <a rel=\"noreferrer noopener\" href=\"mailto:bi@sm99.mx\" target=\"_blank\"><strong>Aqu\u00ed<\/strong><\/a><\/p>\n\n\n\n<p>La informaci\u00f3n que AQU\u00cd te presentamos <strong>deriva<\/strong> de los <strong>Peri\u00f3dicos Oficiales <\/strong>de la<strong> CdMx<\/strong>, <strong>Estado<\/strong> de Mex., Diario <strong>Oficial<\/strong> de la Federaci\u00f3n, Suprema Corte de<strong> Justicia<\/strong> de la Naci\u00f3n, por lo tanto es de <strong>aplicaci\u00f3n OBLIGATORIA<\/strong><\/p>\n\n\n\n<p><strong><mark style=\"background-color:rgba(0, 0, 0, 0)\" class=\"has-inline-color has-luminous-vivid-orange-color\">AY\u00daDANOS<\/mark><\/strong> para que m\u00e1s personas conozcan esta informaci\u00f3n, <strong>Comp\u00e1rtelo<\/strong> en tus redes sociales. <\/p>\n\n\n\n<p><\/p>\n","protected":false},"excerpt":{"rendered":"<p>Views: 12 . En al marco del aniversario de la Constituci\u00f3n mexicana, fue presentado el paquete de Reformas Constitucionales&#8230; . Si estas en el Extranjero nosotros somos tu mejor alternativa para velar por tus intereses, escr\u00edbenos o ll\u00e1manos al Tel 55581-11311. . Cuando necesites ayuda, asistencia o planeaci\u00f3n legal, solicita Cita Privada Aqu\u00ed La informaci\u00f3n [&hellip;]<\/p>\n","protected":false},"author":3,"featured_media":26473,"comment_status":"closed","ping_status":"open","sticky":false,"template":"","format":"standard","meta":{"_jetpack_memberships_contains_paid_content":false,"footnotes":""},"categories":[4],"tags":[],"jetpack_sharing_enabled":true,"jetpack_featured_media_url":"http:\/\/www.salgadonoticias.com\/wp-content\/uploads\/2024\/02\/reformas.webp","_links":{"self":[{"href":"http:\/\/www.salgadonoticias.com\/index.php?rest_route=\/wp\/v2\/posts\/26472"}],"collection":[{"href":"http:\/\/www.salgadonoticias.com\/index.php?rest_route=\/wp\/v2\/posts"}],"about":[{"href":"http:\/\/www.salgadonoticias.com\/index.php?rest_route=\/wp\/v2\/types\/post"}],"author":[{"embeddable":true,"href":"http:\/\/www.salgadonoticias.com\/index.php?rest_route=\/wp\/v2\/users\/3"}],"replies":[{"embeddable":true,"href":"http:\/\/www.salgadonoticias.com\/index.php?rest_route=%2Fwp%2Fv2%2Fcomments&post=26472"}],"version-history":[{"count":6,"href":"http:\/\/www.salgadonoticias.com\/index.php?rest_route=\/wp\/v2\/posts\/26472\/revisions"}],"predecessor-version":[{"id":26490,"href":"http:\/\/www.salgadonoticias.com\/index.php?rest_route=\/wp\/v2\/posts\/26472\/revisions\/26490"}],"wp:featuredmedia":[{"embeddable":true,"href":"http:\/\/www.salgadonoticias.com\/index.php?rest_route=\/wp\/v2\/media\/26473"}],"wp:attachment":[{"href":"http:\/\/www.salgadonoticias.com\/index.php?rest_route=%2Fwp%2Fv2%2Fmedia&parent=26472"}],"wp:term":[{"taxonomy":"category","embeddable":true,"href":"http:\/\/www.salgadonoticias.com\/index.php?rest_route=%2Fwp%2Fv2%2Fcategories&post=26472"},{"taxonomy":"post_tag","embeddable":true,"href":"http:\/\/www.salgadonoticias.com\/index.php?rest_route=%2Fwp%2Fv2%2Ftags&post=26472"}],"curies":[{"name":"wp","href":"https:\/\/api.w.org\/{rel}","templated":true}]}}