{"id":26482,"date":"2024-02-06T08:00:00","date_gmt":"2024-02-06T14:00:00","guid":{"rendered":"http:\/\/www.salgadonoticias.com\/?p=26482"},"modified":"2024-02-06T11:02:07","modified_gmt":"2024-02-06T17:02:07","slug":"26482","status":"publish","type":"post","link":"http:\/\/www.salgadonoticias.com\/?p=26482","title":{"rendered":"Mas Hijos&#8230;No IMPLICA Reducci\u00f3n de PENSI\u00d3N Alimentaria&#8230;!!!"},"content":{"rendered":"<p>Views: 19<\/p>\n<p>.<\/p>\n\n\n\n<p>Esta Determinaci\u00f3n surge luego de que <strong><mark style=\"background-color:rgba(0, 0, 0, 0)\" class=\"has-inline-color has-vivid-red-color\">un Juez consider\u00f3 que el deudor alimentario acreditara tener dos hijos m\u00e1s<\/mark><\/strong>, menores de edad, y <strong><mark style=\"background-color:#ff6900\" class=\"has-inline-color\">esto era insuficiente para reducir el monto de la pensi\u00f3n<\/mark><\/strong> alimenticia provisional que se le fij\u00f3, ya que para ello se <strong>requer\u00eda que demostrara estar cumpliendo con la obligaci\u00f3n de proporcionar alimentos a dichos infantes<\/strong>.<\/p>\n\n\n\n<p>.<\/p>\n\n\n\n<p class=\"has-text-align-justify\">La <strong>Suprema Corte de Justicia <\/strong> a trav\u00e9s de su Tribunal Colegiado <strong><mark style=\"background-color:rgba(0, 0, 0, 0);color:#9c0404\" class=\"has-inline-color\">DETERMINO<\/mark><\/strong> que para disminuir el monto de la pensi\u00f3n alimenticia provisional, <strong>\u00a1\u00a1&#8221;<mark style=\"background-color:rgba(0, 0, 0, 0);color:#bf4646\" class=\"has-inline-color\">NO basta<\/mark> que el deudor alimentario pruebe que tiene otros acreedores&#8221;!!<\/strong>, sino que debe demostrar, aunque sea <strong>indiciariamente<\/strong>, sus ingresos, para poder determinar la <strong><mark style=\"background-color:#fcb900\" class=\"has-inline-color\">proporcionalidad<\/mark><\/strong> de los alimentos.<\/p>\n\n\n\n<p>.<\/p>\n\n\n\n<p class=\"has-text-align-justify\">La Justificaci\u00f3n de la <strong>SCJN <\/strong>es que si bien al resolver la <strong>reclamaci\u00f3n contra la medida provisional<\/strong> <strong>de alimentos<\/strong> es <strong>factible<\/strong> tomar en cuenta la <strong>existencia de diversos acreedores menores de edad,<\/strong> aunque el <strong>deudor<\/strong> <strong>no haya probado que cumple con la obligaci\u00f3n de proporcionarlos<\/strong> a \u00e9stos, dada la celeridad con que se resuelve dicho medio de defensa, conforme al tr\u00e1mite establecido en el art\u00edculo 210 del C\u00f3digo de Procedimientos Civiles en este caso del Edo de Veracruz, lo cierto es que <strong>esta circunstancia <mark style=\"background-color:#f78da7\" class=\"has-inline-color has-black-color\">NO BASTA para disminuir el monto de la pensi\u00f3n alimenticia provisional fijada<\/mark><\/strong>, ya que para decidir respecto de su proporcionalidad, de acuerdo con el art\u00edculo 242 del C\u00f3digo Civil local <strong><mark style=\"background-color:#d1e1ef\" class=\"has-inline-color\">es necesario conocer, aunque sea indiciariamente, el monto de los ingresos del deudor alimentario<\/mark><\/strong>, <strong><mark style=\"background-color:#fcb900\" class=\"has-inline-color\">a efecto de determinar si la existencia de otros acreedores merma su capacidad econ\u00f3mica<\/mark><\/strong>.<\/p>\n\n\n\n<p>.<\/p>\n\n\n\n<p>Esta <strong>RESOLUCI\u00d3N<\/strong> es aplicable para quien la haga valer.<\/p>\n\n\n\n<p>Tesis Civil<\/p>\n\n\n\n<p><\/p>\n\n\n\n<p>.<\/p>\n\n\n\n<p class=\"wp-embed-aspect-16-9 wp-has-aspect-ratio\">Si estas en el <strong><mark style=\"background-color:rgba(0, 0, 0, 0)\" class=\"has-inline-color has-vivid-red-color\">Extranjero <\/mark><\/strong>nosotros somos tu <strong><mark style=\"background-color:rgba(0, 0, 0, 0)\" class=\"has-inline-color has-vivid-green-cyan-color\">mejor<\/mark><\/strong> alternativa para <strong><mark style=\"background-color:rgba(0, 0, 0, 0)\" class=\"has-inline-color has-luminous-vivid-orange-color\">velar<\/mark><\/strong> por tus <strong><mark style=\"background-color:rgba(0, 0, 0, 0)\" class=\"has-inline-color has-vivid-cyan-blue-color\">intereses<\/mark><\/strong>, escr\u00edbenos o ll\u00e1manos al Tel <strong>55581-11311<\/strong>.<\/p>\n\n\n\n<p>.<\/p>\n\n\n\n<p>Cuando<strong> necesites<\/strong> ayuda, <strong>asistencia<\/strong> o <strong>planeaci\u00f3n<\/strong> legal, <strong>solicita<\/strong> <strong>Cita Privada<\/strong> <a rel=\"noreferrer noopener\" href=\"mailto:bi@sm99.mx\" target=\"_blank\"><strong>Aqu\u00ed<\/strong><\/a><\/p>\n\n\n\n<p>La informaci\u00f3n que AQU\u00cd te presentamos <strong>deriva<\/strong> de los <strong>Peri\u00f3dicos Oficiales <\/strong>de la<strong> CdMx<\/strong>, <strong>Estado<\/strong> de Mex., Diario <strong>Oficial<\/strong> de la Federaci\u00f3n, Suprema Corte de<strong> Justicia<\/strong> de la Naci\u00f3n, por lo tanto es de <strong>aplicaci\u00f3n OBLIGATORIA<\/strong><\/p>\n\n\n\n<p>La <strong>informaci\u00f3n<\/strong> de hoy procede de la Suprema Corte de Justicia.<\/p>\n\n\n\n<p><strong><mark style=\"background-color:rgba(0, 0, 0, 0)\" class=\"has-inline-color has-luminous-vivid-orange-color\">AY\u00daDANOS<\/mark><\/strong> para que m\u00e1s personas conozcan esta informaci\u00f3n, <strong>Comp\u00e1rtelo<\/strong> en tus redes sociales. <\/p>\n\n\n\n<p><\/p>\n","protected":false},"excerpt":{"rendered":"<p>Views: 19 . Esta Determinaci\u00f3n surge luego de que un Juez consider\u00f3 que el deudor alimentario acreditara tener dos hijos m\u00e1s, menores de edad, y esto era insuficiente para reducir el monto de la pensi\u00f3n alimenticia provisional que se le fij\u00f3, ya que para ello se requer\u00eda que demostrara estar cumpliendo con la obligaci\u00f3n de [&hellip;]<\/p>\n","protected":false},"author":3,"featured_media":26486,"comment_status":"closed","ping_status":"open","sticky":false,"template":"","format":"standard","meta":{"_jetpack_memberships_contains_paid_content":false,"footnotes":""},"categories":[4],"tags":[],"jetpack_sharing_enabled":true,"jetpack_featured_media_url":"http:\/\/www.salgadonoticias.com\/wp-content\/uploads\/2024\/02\/redccion.jpg","_links":{"self":[{"href":"http:\/\/www.salgadonoticias.com\/index.php?rest_route=\/wp\/v2\/posts\/26482"}],"collection":[{"href":"http:\/\/www.salgadonoticias.com\/index.php?rest_route=\/wp\/v2\/posts"}],"about":[{"href":"http:\/\/www.salgadonoticias.com\/index.php?rest_route=\/wp\/v2\/types\/post"}],"author":[{"embeddable":true,"href":"http:\/\/www.salgadonoticias.com\/index.php?rest_route=\/wp\/v2\/users\/3"}],"replies":[{"embeddable":true,"href":"http:\/\/www.salgadonoticias.com\/index.php?rest_route=%2Fwp%2Fv2%2Fcomments&post=26482"}],"version-history":[{"count":3,"href":"http:\/\/www.salgadonoticias.com\/index.php?rest_route=\/wp\/v2\/posts\/26482\/revisions"}],"predecessor-version":[{"id":26492,"href":"http:\/\/www.salgadonoticias.com\/index.php?rest_route=\/wp\/v2\/posts\/26482\/revisions\/26492"}],"wp:featuredmedia":[{"embeddable":true,"href":"http:\/\/www.salgadonoticias.com\/index.php?rest_route=\/wp\/v2\/media\/26486"}],"wp:attachment":[{"href":"http:\/\/www.salgadonoticias.com\/index.php?rest_route=%2Fwp%2Fv2%2Fmedia&parent=26482"}],"wp:term":[{"taxonomy":"category","embeddable":true,"href":"http:\/\/www.salgadonoticias.com\/index.php?rest_route=%2Fwp%2Fv2%2Fcategories&post=26482"},{"taxonomy":"post_tag","embeddable":true,"href":"http:\/\/www.salgadonoticias.com\/index.php?rest_route=%2Fwp%2Fv2%2Ftags&post=26482"}],"curies":[{"name":"wp","href":"https:\/\/api.w.org\/{rel}","templated":true}]}}