{"id":26494,"date":"2024-02-07T00:48:00","date_gmt":"2024-02-07T06:48:00","guid":{"rendered":"http:\/\/www.salgadonoticias.com\/?p=26494"},"modified":"2024-02-07T16:43:41","modified_gmt":"2024-02-07T22:43:41","slug":"26494","status":"publish","type":"post","link":"http:\/\/www.salgadonoticias.com\/?p=26494","title":{"rendered":"NO es Necesario Notificar PERSONALMENTE la CONTESTACI\u00d3N de Demanda Laboral\u2026!!!"},"content":{"rendered":"<p>Views: 18<\/p>\n<p>.<\/p>\n\n\n\n<figure class=\"wp-block-embed is-type-video is-provider-youtube wp-block-embed-youtube wp-embed-aspect-16-9 wp-has-aspect-ratio\"><div class=\"wp-block-embed__wrapper\">\n<iframe loading=\"lazy\" title=\"NO es Necesario Notificar PERSONALMENTE la CONTESTACI\u00d3N de Demanda Laboral\" width=\"640\" height=\"360\" src=\"https:\/\/www.youtube.com\/embed\/fhkPDzD09ow?feature=oembed\" frameborder=\"0\" allow=\"accelerometer; autoplay; clipboard-write; encrypted-media; gyroscope; picture-in-picture; web-share\" referrerpolicy=\"strict-origin-when-cross-origin\" allowfullscreen><\/iframe>\n<\/div><\/figure>\n\n\n\n<p>.<\/p>\n\n\n\n<p>El ANTECEDENTE<\/p>\n\n\n\n<p class=\"has-text-align-justify\"><strong>Surge <\/strong>luego de que <strong>\u00f3rganos jurisdiccionales contendientes<\/strong> tuvieron <strong>posturas <mark style=\"background-color:rgba(0, 0, 0, 0)\" class=\"has-inline-color has-vivid-red-color\">diferentes<\/mark><\/strong> al analizar si el acuerdo por el que se ordena correr traslado a la parte actora con el escrito de contestaci\u00f3n de demanda y sus anexos, debe <mark style=\"background-color:rgba(0, 0, 0, 0)\" class=\"has-inline-color has-luminous-vivid-orange-color\"><em><u>ser notificado<\/u><\/em> <strong>personalmente o no<\/strong><\/mark>, para que formule su r\u00e9plica y ofrezca las pruebas correspondientes, esto conforme al art\u00edculo 873-B de la Ley Federal del Trabajo.<\/p>\n\n\n\n<p>.<\/p>\n\n\n\n<p class=\"has-text-align-justify\">La <strong><mark style=\"background-color:rgba(0, 0, 0, 0);color:#050772\" class=\"has-inline-color\">Suprema Corte de Justicia<\/mark> <\/strong>a trav\u00e9s de su Segunda Sala, <strong><mark style=\"background-color:rgba(0, 0, 0, 0);color:#870303\" class=\"has-inline-color\">DETERMIN\u00d3<\/mark><\/strong> que <mark style=\"background-color:#f3becb\" class=\"has-inline-color\"><strong>NO deben hacerse Personalmente <\/strong>las <strong>Notificaciones<\/strong><\/mark> <strong><mark style=\"background-color:rgba(0, 0, 0, 0);color:#41047a\" class=\"has-inline-color\">cuando se ordena correr traslado a la actora con la copia de la contestaci\u00f3n de la demanda y sus anexos<\/mark><\/strong>, para que en un <mark style=\"background-color:#d2e3f1\" class=\"has-inline-color\">plazo de <strong>ocho <\/strong>d\u00edas<\/mark> objete las pruebas de su contraparte y a su vez formule su r\u00e9plica y ofrezca sus pruebas.<\/p>\n\n\n\n<p>.<\/p>\n\n\n\n<p class=\"has-text-align-justify\">La justificaci\u00f3n de la <strong><mark style=\"background-color:rgba(0, 0, 0, 0);color:#07038f\" class=\"has-inline-color\">SCJN<\/mark><\/strong> es que el t\u00e9rmino <strong><mark style=\"background-color:rgba(0, 0, 0, 0)\" class=\"has-inline-color has-luminous-vivid-orange-color\">&#8220;correr traslado&#8221;<\/mark> <\/strong>a que hace referencia el art\u00edculo 873-B citado debe entenderse de conformidad con lo dispuesto en el art\u00edculo 3 Ter, fracc VII, de la ley en cita, esto es, que la acci\u00f3n de <strong>&#8220;poner a disposici\u00f3n de alguna de las partes alg\u00fan documento o documentos en el local del Tribunal, salvo los casos previstos en esta Ley&#8221;,<\/strong> sin que pueda d\u00e1rsele a dicho t\u00e9rmino un significado distinto ni equipararlo a la obligaci\u00f3n de realizar su notificaci\u00f3n personal. Adem\u00e1s, <strong>este supuesto <mark style=\"background-color:#e7d6a5\" class=\"has-inline-color\">no se encuentra dentro de los autos o las resoluciones que deben ser notificados personalmente<\/mark><\/strong> de conformidad con lo que dispone la legislaci\u00f3n laboral en su <strong>art\u00edculo 742<\/strong>, <strong>establece<\/strong> claramente <strong>cu\u00e1les son las notificaciones que deben realizarse de modo personal<\/strong>.<\/p>\n\n\n\n<p class=\"has-text-align-justify\">Asimismo, el hecho de <strong><mark style=\"background-color:rgba(0, 0, 0, 0)\" class=\"has-inline-color has-vivid-red-color\">delimitar las notificaciones personales<\/mark><\/strong> s\u00f3lo a los supuestos se\u00f1alados en la legislaci\u00f3n responde a las finalidades de la reforma en materia laboral, en la que se plantea que el procedimiento laboral debe brindar a las partes, entre otras cuestiones, agilidad procesal a fin de solucionar los conflictos en un menor tiempo a fin de <strong><mark style=\"background-color:#ff6900\" class=\"has-inline-color\">EVITAR<\/mark><\/strong> que los <strong>juicios se prolonguen<\/strong> de manera excesiva, como ocurr\u00eda anteriormente, <strong>ante la grave <mark style=\"background-color:#7bdcb5\" class=\"has-inline-color\">DEMORA<\/mark> que implicaba el gran c\u00famulo de notificaciones personales que deb\u00edan realizarse<\/strong>. Al respecto, se previ\u00f3 un sistema de notificaciones en el que se incorporaron, adem\u00e1s de las notificaciones personales, por oficio, por bolet\u00edn o lista impresa, la posibilidad de <strong><mark style=\"background-color:rgba(0, 0, 0, 0);color:#07527d\" class=\"has-inline-color\">notificar de manera electr\u00f3nica y por buz\u00f3n electr\u00f3nico<\/mark><\/strong> (cuando las partes expresamente as\u00ed lo soliciten, y previamente hayan obtenido la firma electr\u00f3nica), a efecto de que las partes puedan conocer de manera inmediata los acuerdos y las resoluciones que se dicten, privilegiando el uso de las tecnolog\u00edas de la informaci\u00f3n, atendiendo al principio constitucional de tutela judicial efectiva. Consecuentemente, en t\u00e9rminos de lo que dispone el art\u00edculo 873-B de la referida legislaci\u00f3n laboral, el acuerdo que ordena correr traslado a la parte actora con la contestaci\u00f3n de demanda y sus anexos no debe notificarse personalmente, al no existir una obligaci\u00f3n legal para ello.<\/p>\n\n\n\n<p><\/p>\n\n\n\n<p>.<\/p>\n\n\n\n<p>Esta <strong><mark style=\"background-color:#adecd3\" class=\"has-inline-color\">RESOLUCI\u00d3N<\/mark><\/strong> es de <strong>aplicaci\u00f3n<\/strong> <strong><mark style=\"background-color:rgba(0, 0, 0, 0);color:#7a0505\" class=\"has-inline-color\">OBLIGATORIA<\/mark> <\/strong>en todo el pa\u00eds a partir de esta semana.<\/p>\n\n\n\n<p class=\"has-small-font-size\"><strong><mark style=\"background-color:rgba(0, 0, 0, 0);color:#016440\" class=\"has-inline-color\">Jurisprudencia Laboral<\/mark><\/strong><\/p>\n\n\n\n<p><\/p>\n\n\n\n<p>.<\/p>\n\n\n\n<p class=\"wp-embed-aspect-16-9 wp-has-aspect-ratio\">Si estas en el <strong><mark style=\"background-color:rgba(0, 0, 0, 0)\" class=\"has-inline-color has-vivid-red-color\">Extranjero <\/mark><\/strong>nosotros somos tu <strong><mark style=\"background-color:rgba(0, 0, 0, 0)\" class=\"has-inline-color has-vivid-green-cyan-color\">mejor<\/mark><\/strong> alternativa para <strong><mark style=\"background-color:rgba(0, 0, 0, 0)\" class=\"has-inline-color has-luminous-vivid-orange-color\">velar<\/mark><\/strong> por tus <strong><mark style=\"background-color:rgba(0, 0, 0, 0)\" class=\"has-inline-color has-vivid-cyan-blue-color\">intereses<\/mark><\/strong>, escr\u00edbenos o ll\u00e1manos al Tel <strong>55581-11311<\/strong>.<\/p>\n\n\n\n<p>.<\/p>\n\n\n\n<p>Cuando<strong> necesites<\/strong> ayuda, <strong>asistencia<\/strong> o <strong>planeaci\u00f3n<\/strong> legal, <strong>solicita<\/strong> <strong>Cita Privada<\/strong> <a rel=\"noreferrer noopener\" href=\"mailto:bi@sm99.mx\" target=\"_blank\"><strong>Aqu\u00ed<\/strong><\/a><\/p>\n\n\n\n<p>La informaci\u00f3n que AQU\u00cd te presentamos <strong>deriva<\/strong> de los <strong>Peri\u00f3dicos Oficiales <\/strong>de la<strong> CdMx<\/strong>, <strong>Estado<\/strong> de Mex., Diario <strong>Oficial<\/strong> de la Federaci\u00f3n, Suprema Corte de<strong> Justicia<\/strong> de la Naci\u00f3n, por lo tanto es de <strong>aplicaci\u00f3n OBLIGATORIA<\/strong><\/p>\n\n\n\n<p>La <strong>informaci\u00f3n<\/strong> de hoy procede de la Suprema Corte de Justicia.<\/p>\n\n\n\n<p><strong><mark style=\"background-color:rgba(0, 0, 0, 0)\" class=\"has-inline-color has-luminous-vivid-orange-color\">AY\u00daDANOS<\/mark><\/strong> para que m\u00e1s personas conozcan esta informaci\u00f3n, <strong>Comp\u00e1rtelo<\/strong> en tus redes sociales. <\/p>\n\n\n\n<p><\/p>\n","protected":false},"excerpt":{"rendered":"<p>Views: 18 . . El ANTECEDENTE Surge luego de que \u00f3rganos jurisdiccionales contendientes tuvieron posturas diferentes al analizar si el acuerdo por el que se ordena correr traslado a la parte actora con el escrito de contestaci\u00f3n de demanda y sus anexos, debe ser notificado personalmente o no, para que formule su r\u00e9plica y ofrezca [&hellip;]<\/p>\n","protected":false},"author":3,"featured_media":26500,"comment_status":"closed","ping_status":"open","sticky":false,"template":"","format":"standard","meta":{"_jetpack_memberships_contains_paid_content":false,"footnotes":""},"categories":[4],"tags":[],"jetpack_sharing_enabled":true,"jetpack_featured_media_url":"http:\/\/www.salgadonoticias.com\/wp-content\/uploads\/2024\/02\/notificacion.webp","_links":{"self":[{"href":"http:\/\/www.salgadonoticias.com\/index.php?rest_route=\/wp\/v2\/posts\/26494"}],"collection":[{"href":"http:\/\/www.salgadonoticias.com\/index.php?rest_route=\/wp\/v2\/posts"}],"about":[{"href":"http:\/\/www.salgadonoticias.com\/index.php?rest_route=\/wp\/v2\/types\/post"}],"author":[{"embeddable":true,"href":"http:\/\/www.salgadonoticias.com\/index.php?rest_route=\/wp\/v2\/users\/3"}],"replies":[{"embeddable":true,"href":"http:\/\/www.salgadonoticias.com\/index.php?rest_route=%2Fwp%2Fv2%2Fcomments&post=26494"}],"version-history":[{"count":8,"href":"http:\/\/www.salgadonoticias.com\/index.php?rest_route=\/wp\/v2\/posts\/26494\/revisions"}],"predecessor-version":[{"id":26520,"href":"http:\/\/www.salgadonoticias.com\/index.php?rest_route=\/wp\/v2\/posts\/26494\/revisions\/26520"}],"wp:featuredmedia":[{"embeddable":true,"href":"http:\/\/www.salgadonoticias.com\/index.php?rest_route=\/wp\/v2\/media\/26500"}],"wp:attachment":[{"href":"http:\/\/www.salgadonoticias.com\/index.php?rest_route=%2Fwp%2Fv2%2Fmedia&parent=26494"}],"wp:term":[{"taxonomy":"category","embeddable":true,"href":"http:\/\/www.salgadonoticias.com\/index.php?rest_route=%2Fwp%2Fv2%2Fcategories&post=26494"},{"taxonomy":"post_tag","embeddable":true,"href":"http:\/\/www.salgadonoticias.com\/index.php?rest_route=%2Fwp%2Fv2%2Ftags&post=26494"}],"curies":[{"name":"wp","href":"https:\/\/api.w.org\/{rel}","templated":true}]}}