{"id":26533,"date":"2024-02-09T00:40:00","date_gmt":"2024-02-09T06:40:00","guid":{"rendered":"https:\/\/www.salgadonoticias.com\/?p=26533"},"modified":"2024-02-09T18:02:34","modified_gmt":"2024-02-10T00:02:34","slug":"escuelas-privadas-no-pueden-negar-inscripcion-bajo-el-argumento-del-derecho-de-admision","status":"publish","type":"post","link":"http:\/\/www.salgadonoticias.com\/?p=26533","title":{"rendered":"NO esta permitido que Escuelas Privadas se reserven el Derecho de Admisi\u00f3n&#8230;!!!"},"content":{"rendered":"<p>Views: 16<\/p>\n<p>.<\/p>\n\n\n\n<figure class=\"wp-block-embed is-type-video is-provider-youtube wp-block-embed-youtube wp-embed-aspect-16-9 wp-has-aspect-ratio\"><div class=\"wp-block-embed__wrapper\">\n<iframe loading=\"lazy\" title=\"No est\u00e1 permitido que Escuelas Privadas se Reserven el Derecho de admisi\u00f3n.\" width=\"640\" height=\"360\" src=\"https:\/\/www.youtube.com\/embed\/DUTHVHTE00Y?feature=oembed\" frameborder=\"0\" allow=\"accelerometer; autoplay; clipboard-write; encrypted-media; gyroscope; picture-in-picture; web-share\" referrerpolicy=\"strict-origin-when-cross-origin\" allowfullscreen><\/iframe>\n<\/div><\/figure>\n\n\n\n<p>.<\/p>\n\n\n\n<p>El ANTECEDENTE\u2026<\/p>\n\n\n\n<p><strong>Surge, <\/strong>luego de que padres de familia, en representaci\u00f3n de sus hijos y por derecho propio, promovieron un <strong>amparo<\/strong> directo contra una escuela privada que, reserv\u00e1ndose el derecho de admisi\u00f3n, les neg\u00f3 la inscripci\u00f3n y reinscripci\u00f3n.<\/p>\n\n\n\n<p>.<\/p>\n\n\n\n<p class=\"has-text-align-justify\">La <strong><mark style=\"background-color:rgba(0, 0, 0, 0);color:#06107a\" class=\"has-inline-color\">Suprema Corte de Justicia<\/mark> <\/strong>a trav\u00e9s de su Primera Sala <strong><mark style=\"background-color:rgba(0, 0, 0, 0);color:#a80505\" class=\"has-inline-color\">DETERMIN\u00d3<\/mark> <\/strong>que <strong><mark style=\"background-color:#f0d382\" class=\"has-inline-color\">NO es V\u00e1lido<\/mark>, <\/strong>en ning\u00fan caso, que las <strong><mark style=\"background-color:rgba(0, 0, 0, 0);color:#268007\" class=\"has-inline-color\">Escuelas Particulares<\/mark><\/strong> del nivel b\u00e1sico <strong><mark style=\"background-color:rgba(0, 0, 0, 0)\" class=\"has-inline-color has-luminous-vivid-orange-color\">adopten<\/mark><\/strong> posturas normativas, <strong>publicitarias, contractuales o de facto<\/strong>, en las que se <strong>RESERVEN<\/strong> de forma <strong>abierta y arbitraria<\/strong> el <strong><mark style=\"background-color:#fcb900\" class=\"has-inline-color\">DERECHO DE ADMISI\u00d3N<\/mark><\/strong> de los educandos para la prestaci\u00f3n de servicios educativos.<\/p>\n\n\n\n<p>.<\/p>\n\n\n\n<p class=\"has-text-align-justify\">La justificaci\u00f3n de la <strong><mark style=\"background-color:rgba(0, 0, 0, 0);color:#0709e3\" class=\"has-inline-color\">SCJN<\/mark><\/strong> es que la <strong><mark style=\"background-color:#c8d6e2\" class=\"has-inline-color\">prestaci\u00f3n de servicios educativos<\/mark><\/strong> est\u00e1 <strong><mark style=\"background-color:rgba(0, 0, 0, 0);color:#a70367\" class=\"has-inline-color\">sujeta<\/mark><\/strong> a las <mark style=\"background-color:rgba(0, 0, 0, 0);color:#ac0264\" class=\"has-inline-color\"><strong>norma<\/strong>s<\/mark> generales que <strong><mark style=\"background-color:#e8a7cf\" class=\"has-inline-color\">protegen a los consumidores<\/mark><\/strong> y, de forma especial, el <strong>art\u00edculo 58<\/strong> de la Ley Federal de Protecci\u00f3n al Consumidor que <strong>establece<\/strong> una <strong>cl\u00e1usula especial que <mark style=\"background-color:rgba(0, 0, 0, 0);color:#8d0404\" class=\"has-inline-color\">PROH\u00cdBE<\/mark><\/strong>, en lo general, que los <strong>proveedores de bienes o servicios<\/strong> se <strong><mark style=\"background-color:rgba(0, 0, 0, 0);color:#920d0d\" class=\"has-inline-color\">reserven<\/mark> <\/strong>el<strong> <\/strong><mark style=\"background-color:#fcb900\" class=\"has-inline-color\"><strong>DERECHO DE ADMISI\u00d3N<\/strong>.<\/mark><\/p>\n\n\n\n<p>La disposici\u00f3n <strong><mark style=\"background-color:rgba(0, 0, 0, 0)\" class=\"has-inline-color has-vivid-red-color\">si acepta distinciones<\/mark><\/strong> en la clientela de servicios ofrecidos al p\u00fablico en general, <strong><mark style=\"background-color:rgba(0, 0, 0, 0)\" class=\"has-inline-color has-vivid-red-color\">\u00fanicamente<\/mark><\/strong> en <strong>dos supuestos<\/strong>:<\/p>\n\n\n\n<ul>\n<li><strong><mark style=\"background-color:rgba(0, 0, 0, 0);color:#078758\" class=\"has-inline-color\">Por causas que afecten la seguridad o tranquilidad del establecimiento, de sus clientes o de las personas discapacitadas; y &nbsp;<\/mark><\/strong><\/li>\n\n\n\n<li><strong><mark style=\"background-color:rgba(0, 0, 0, 0)\" class=\"has-inline-color has-luminous-vivid-orange-color\">Por causas que se funden en disposiciones expresas de ordenamientos legales.<\/mark><\/strong><\/li>\n<\/ul>\n\n\n\n<p>En cualquier caso, se trata de <strong>condiciones verdaderamente objetivas<\/strong> que como excepci\u00f3n <strong>tendr\u00edan que justificarse y ser razonables<\/strong>, por lo que <strong>no bastar\u00eda<\/strong> que un establecimiento <strong>decida<\/strong> de forma arbitraria <strong>rechazar y\/o negarle<\/strong> a una persona la <strong>prestaci\u00f3n de un servicio<\/strong>, s\u00f3lo porque presume que \u00e9sta afectar\u00e1 la seguridad o tranquilidad del establecimiento. Esto es, un establecimiento <strong>podr\u00eda reservarse el derecho de admisi\u00f3n<\/strong>, por ejemplo, las <strong>personas que porten armas de fuego<\/strong> \u2013aun con licencia\u2013, advertirlo en su reglamentaci\u00f3n y hacerlo visible en sus accesos; sin embargo, no podr\u00eda incluir un aviso gen\u00e9rico de reserva de admisi\u00f3n que le permita seleccionar arbitraria o discrecionalmente a su clientela.<\/p>\n\n\n\n<p class=\"has-text-align-justify\">En el caso de un <strong>establecimiento educativo particular del tipo b\u00e1sico<\/strong>, la <strong>violaci\u00f3n de reglas acad\u00e9micas o disciplinarias<\/strong> podr\u00eda eventualmente <strong>condicionar la permanencia del estudiante<\/strong> en la instituci\u00f3n educativa, <strong>siempre<\/strong> y cuando dichas <strong>reglas resultaren constitucionalmente aceptables<\/strong> y en tanto se apliquen por el plantel privado aquellas normas m\u00ednimas de orden p\u00fablico necesarias que permitan al educando concluir el grado escolar o transitar a otro establecimiento educativo. Lo que <strong>no resulta v\u00e1lido<\/strong> en ning\u00fan caso es que los planteles educativos particulares del tipo b\u00e1sico <strong>adopten<\/strong> posturas normativas, publicitarias, contractuales o de facto, en las que se reserven de forma abierta y arbitraria el<strong><mark style=\"background-color:rgba(0, 0, 0, 0)\" class=\"has-inline-color has-vivid-red-color\"> derecho de admisi\u00f3n<\/mark><\/strong> de los educandos o familias que soliciten su incorporaci\u00f3n a una comunidad educativa determinada. Esto es importante, precisamente, por la repercusi\u00f3n social que tiene una reserva de admisi\u00f3n en la esfera de la ense\u00f1anza, pues ello <strong><mark style=\"background-color:rgba(0, 0, 0, 0);color:#8e0606\" class=\"has-inline-color\">IMPACTA<\/mark><\/strong> en el <strong><em><mark style=\"background-color:#e6adbc\" class=\"has-inline-color\">derecho a la educaci\u00f3n (protegido por el art\u00edculo 3o. constitucional) y en el derecho del inter\u00e9s superior de la ni\u00f1ez, por tratarse de educaci\u00f3n en un nivel b\u00e1sico protegido por el art\u00edculo 4o. constitucional.<\/mark><\/em><\/strong><\/p>\n\n\n\n<p> .<\/p>\n\n\n\n<p>Esta <strong><mark style=\"background-color:#bdd3e6\" class=\"has-inline-color\">RESOLUCI\u00d3N<\/mark> <\/strong>es de <strong>aplicaci\u00f3n <mark style=\"background-color:rgba(0, 0, 0, 0);color:#970909\" class=\"has-inline-color\">OBLIGATORIA<\/mark> <\/strong>en todo el pa\u00eds a partir de esta semana.<\/p>\n\n\n\n<p class=\"has-small-font-size\"><strong><mark style=\"background-color:rgba(0, 0, 0, 0);color:#0a5ca8\" class=\"has-inline-color\">Jurisprudencia-Administrativa Constitucional<\/mark><\/strong><\/p>\n\n\n\n<p>.<\/p>\n\n\n\n<p>.<\/p>\n\n\n\n<p class=\"wp-embed-aspect-16-9 wp-has-aspect-ratio\">Si estas en el <strong><mark style=\"background-color:rgba(0, 0, 0, 0)\" class=\"has-inline-color has-vivid-red-color\">Extranjero <\/mark><\/strong>nosotros somos tu <strong><mark style=\"background-color:rgba(0, 0, 0, 0)\" class=\"has-inline-color has-vivid-green-cyan-color\">mejor<\/mark><\/strong> alternativa para <strong><mark style=\"background-color:rgba(0, 0, 0, 0)\" class=\"has-inline-color has-luminous-vivid-orange-color\">velar<\/mark><\/strong> por tus <strong><mark style=\"background-color:rgba(0, 0, 0, 0)\" class=\"has-inline-color has-vivid-cyan-blue-color\">intereses<\/mark><\/strong>, escr\u00edbenos o ll\u00e1manos al Tel <strong>55581-11311<\/strong>.<\/p>\n\n\n\n<p>.<\/p>\n\n\n\n<p>Cuando<strong> necesites<\/strong> ayuda, <strong>asistencia<\/strong> o <strong>planeaci\u00f3n<\/strong> legal, <strong>solicita<\/strong> <strong>Cita Privada<\/strong> <a rel=\"noreferrer noopener\" href=\"mailto:bi@sm99.mx\" target=\"_blank\"><strong>Aqu\u00ed<\/strong><\/a><\/p>\n\n\n\n<p>La informaci\u00f3n que AQU\u00cd te presentamos <strong>deriva<\/strong> de los <strong>Peri\u00f3dicos Oficiales <\/strong>de la<strong> CdMx<\/strong>, <strong>Estado<\/strong> de Mex., Diario <strong>Oficial<\/strong> de la Federaci\u00f3n, Suprema Corte de<strong> Justicia<\/strong> de la Naci\u00f3n, por lo tanto es de <strong>aplicaci\u00f3n OBLIGATORIA<\/strong><\/p>\n\n\n\n<p>La <strong>informaci\u00f3n<\/strong> de hoy procede de la Gaceta de la CdMx.<\/p>\n\n\n\n<p><strong><mark style=\"background-color:rgba(0, 0, 0, 0)\" class=\"has-inline-color has-luminous-vivid-orange-color\">AY\u00daDANOS<\/mark><\/strong> para que m\u00e1s personas conozcan esta informaci\u00f3n, <strong>Comp\u00e1rtelo<\/strong> en tus redes sociales. <\/p>\n","protected":false},"excerpt":{"rendered":"<p>Views: 16 . . El ANTECEDENTE\u2026 Surge, luego de que padres de familia, en representaci\u00f3n de sus hijos y por derecho propio, promovieron un amparo directo contra una escuela privada que, reserv\u00e1ndose el derecho de admisi\u00f3n, les neg\u00f3 la inscripci\u00f3n y reinscripci\u00f3n. . La Suprema Corte de Justicia a trav\u00e9s de su Primera Sala DETERMIN\u00d3 [&hellip;]<\/p>\n","protected":false},"author":3,"featured_media":26538,"comment_status":"closed","ping_status":"open","sticky":false,"template":"","format":"standard","meta":{"_jetpack_memberships_contains_paid_content":false,"footnotes":""},"categories":[4],"tags":[],"jetpack_sharing_enabled":true,"jetpack_featured_media_url":"http:\/\/www.salgadonoticias.com\/wp-content\/uploads\/2024\/02\/ADMINISION.jpg","_links":{"self":[{"href":"http:\/\/www.salgadonoticias.com\/index.php?rest_route=\/wp\/v2\/posts\/26533"}],"collection":[{"href":"http:\/\/www.salgadonoticias.com\/index.php?rest_route=\/wp\/v2\/posts"}],"about":[{"href":"http:\/\/www.salgadonoticias.com\/index.php?rest_route=\/wp\/v2\/types\/post"}],"author":[{"embeddable":true,"href":"http:\/\/www.salgadonoticias.com\/index.php?rest_route=\/wp\/v2\/users\/3"}],"replies":[{"embeddable":true,"href":"http:\/\/www.salgadonoticias.com\/index.php?rest_route=%2Fwp%2Fv2%2Fcomments&post=26533"}],"version-history":[{"count":5,"href":"http:\/\/www.salgadonoticias.com\/index.php?rest_route=\/wp\/v2\/posts\/26533\/revisions"}],"predecessor-version":[{"id":26555,"href":"http:\/\/www.salgadonoticias.com\/index.php?rest_route=\/wp\/v2\/posts\/26533\/revisions\/26555"}],"wp:featuredmedia":[{"embeddable":true,"href":"http:\/\/www.salgadonoticias.com\/index.php?rest_route=\/wp\/v2\/media\/26538"}],"wp:attachment":[{"href":"http:\/\/www.salgadonoticias.com\/index.php?rest_route=%2Fwp%2Fv2%2Fmedia&parent=26533"}],"wp:term":[{"taxonomy":"category","embeddable":true,"href":"http:\/\/www.salgadonoticias.com\/index.php?rest_route=%2Fwp%2Fv2%2Fcategories&post=26533"},{"taxonomy":"post_tag","embeddable":true,"href":"http:\/\/www.salgadonoticias.com\/index.php?rest_route=%2Fwp%2Fv2%2Ftags&post=26533"}],"curies":[{"name":"wp","href":"https:\/\/api.w.org\/{rel}","templated":true}]}}