{"id":26552,"date":"2024-02-12T00:13:00","date_gmt":"2024-02-12T06:13:00","guid":{"rendered":"https:\/\/www.salgadonoticias.com\/?p=26552"},"modified":"2024-02-12T17:00:15","modified_gmt":"2024-02-12T23:00:15","slug":"26552","status":"publish","type":"post","link":"http:\/\/www.salgadonoticias.com\/?p=26552","title":{"rendered":"Necesaria Constancia de Otorgamiento o Negativa de Pensi\u00f3n para promover Juicio&#8230;!!!"},"content":{"rendered":"<p>Views: 24<\/p>\n<p>.<\/p>\n\n\n\n<figure class=\"wp-block-embed is-type-video is-provider-youtube wp-block-embed-youtube wp-embed-aspect-16-9 wp-has-aspect-ratio\"><div class=\"wp-block-embed__wrapper\">\n<iframe loading=\"lazy\" title=\"Necesaria Constancia de Otorgamiento o Negativa de Pensi\u00f3n para promover Juicio.\" width=\"640\" height=\"360\" src=\"https:\/\/www.youtube.com\/embed\/lO-jMNV3FsQ?feature=oembed\" frameborder=\"0\" allow=\"accelerometer; autoplay; clipboard-write; encrypted-media; gyroscope; picture-in-picture; web-share\" referrerpolicy=\"strict-origin-when-cross-origin\" allowfullscreen><\/iframe>\n<\/div><\/figure>\n\n\n\n<p>.<\/p>\n\n\n\n<p>Este <strong>ANTECEDENTE<\/strong><\/p>\n\n\n\n<p class=\"has-text-align-justify\"><strong>Surge<\/strong>, despu\u00e9s de que Tribunales Colegiados de Circuito <strong><mark style=\"background-color:rgba(0, 0, 0, 0)\" class=\"has-inline-color has-vivid-red-color\">contendientes<\/mark><\/strong> emitieron criterios diferentes respecto a si la <strong>constancia de otorgamiento o negativa de pensi\u00f3n<\/strong> expedida por el IMSS, <span style=\"text-decoration: underline;\">es un <strong>requisito<\/strong> para promover un conflicto individual de seguridad socia<\/span>l en el que se <strong>reclama<\/strong>, entre otras prestaciones, el <strong>pago <\/strong>de una <strong>pensi\u00f3n<\/strong> con motivo de un <strong>riesgo de trabajo<\/strong>.<\/p>\n\n\n\n<p>.<\/p>\n\n\n\n<p class=\"has-text-align-justify\">La <strong><mark style=\"background-color:rgba(0, 0, 0, 0);color:#080266\" class=\"has-inline-color\">Suprema Corte de Justicia<\/mark>, <\/strong>a trav\u00e9s de su Segunda Sala <strong><mark style=\"background-color:rgba(0, 0, 0, 0);color:#9d0808\" class=\"has-inline-color\">DETERMIN\u00d3<\/mark><\/strong> que es<mark style=\"background-color:#ffffff\" class=\"has-inline-color\"> <\/mark><strong><mark style=\"background-color:#fcb900\" class=\"has-inline-color\">Necesario PRESENTAR<\/mark><\/strong><mark style=\"background-color:#ffffff\" class=\"has-inline-color\"> <\/mark>la <strong><mark style=\"background-color:#fcb900\" class=\"has-inline-color\">constancia de otorgamiento o negativa<\/mark><\/strong> de <strong><span style=\"text-decoration: underline;\">pensi\u00f3n por parte del<\/span> IMSS<\/strong>, para poder <strong><mark style=\"background-color:rgba(0, 0, 0, 0)\" class=\"has-inline-color has-vivid-red-color\">reclamar<\/mark><\/strong> el otorgamiento de una <strong><mark style=\"background-color:rgba(0, 0, 0, 0)\" class=\"has-inline-color has-vivid-red-color\">pensi\u00f3n<\/mark><\/strong> de la rama del seguro de <strong><mark style=\"background-color:rgba(0, 0, 0, 0);color:#8c0202\" class=\"has-inline-color\">riesgos de trabajo<\/mark><\/strong>, la acci\u00f3n debe declararse improcedente.<\/p>\n\n\n\n<p>.<\/p>\n\n\n\n<p class=\"has-text-align-justify\">La justificaci\u00f3n de la <strong><mark style=\"background-color:rgba(0, 0, 0, 0);color:#1d1a4a\" class=\"has-inline-color\">SCJN<\/mark><\/strong> es que se ha<strong> <mark style=\"background-color:#ff6900\" class=\"has-inline-color\">establecido<\/mark><\/strong> en diversos criterios que los <strong><mark style=\"background-color:#bef0dc\" class=\"has-inline-color\">requisitos exigidos<\/mark><\/strong> en el <strong>art\u00edculo 899-C<\/strong> de la <span style=\"text-decoration: underline;\">Ley Federal del Trabajo<\/span> constituyen presupuestos necesarios para el <mark style=\"background-color:#d3e6f7\" class=\"has-inline-color\"><strong>ejercicio de la acci\u00f3n<\/strong>;<\/mark> en el caso, si se promueve un conflicto individual de seguridad social en el que se <strong><mark style=\"background-color:#c2daee\" class=\"has-inline-color\">reclama una pensi\u00f3n<\/mark><\/strong> de la rama de seguro de <strong><mark style=\"background-color:rgba(0, 0, 0, 0);color:#8e0707\" class=\"has-inline-color\">riesgos de trabajo SIN EXHIBIR la constancia de otorgamiento o negativa de pensi\u00f3n<\/mark><\/strong> a que se refiere la fracci\u00f3n VI de ese numeral, la <mark style=\"background-color:rgba(0, 0, 0, 0);color:#730505\" class=\"has-inline-color\"><strong>acci\u00f3n intentada es improcedente<\/strong>,<\/mark> dado que la determinaci\u00f3n del <strong><mark style=\"background-color:#f78da7\" class=\"has-inline-color has-black-color\">IMSS<\/mark><\/strong> es la base para <strong>establecer la litis<\/strong>, porque es el ente asegurador a quien le <strong><mark style=\"background-color:#f78da7\" class=\"has-inline-color\">corresponde evaluar las causas y consecuencias del riesgo de trabajo sufrido por el asegurado<\/mark><\/strong>. <\/p>\n\n\n\n<p class=\"has-text-align-justify\">Esto sin perjuicio que de conformidad con el art\u00edculo 873 de la LFT, la <mark style=\"background-color:rgba(0, 0, 0, 0);color:#450382\" class=\"has-inline-color\"><strong>autoridad laboral<\/strong> <\/mark>pueda <strong>prevenir <\/strong>a la parte <strong><mark style=\"background-color:rgba(0, 0, 0, 0);color:#39036b\" class=\"has-inline-color\">actora<\/mark><\/strong> para que <strong><mark style=\"background-color:rgba(0, 0, 0, 0)\" class=\"has-inline-color has-vivid-red-color\">exhiba la constancia<\/mark><\/strong> y, de <strong><mark style=\"background-color:rgba(0, 0, 0, 0)\" class=\"has-inline-color has-vivid-red-color\">no hacerlo<\/mark><\/strong>, proceda a <strong><mark style=\"background-color:rgba(0, 0, 0, 0);color:#41037b\" class=\"has-inline-color\">declarar improcedente la acci\u00f3n.<\/mark><\/strong><\/p>\n\n\n\n<p>.<\/p>\n\n\n\n<p>Esta <strong><mark style=\"background-color:#ceeadf\" class=\"has-inline-color\">RESOLUCI\u00d3N<\/mark> <\/strong>es de <strong>aplicaci\u00f3n <mark style=\"background-color:rgba(0, 0, 0, 0);color:#a80a0a\" class=\"has-inline-color\">OBLIGATORIA<\/mark><\/strong> en todo el pa\u00eds a partir de esta semana.<\/p>\n\n\n\n<p class=\"has-small-font-size\"><mark style=\"background-color:rgba(0, 0, 0, 0);color:#2a07e3\" class=\"has-inline-color\">Jurisprudencia Laboral<\/mark><\/p>\n\n\n\n<p>.<\/p>\n\n\n\n<p class=\"wp-embed-aspect-16-9 wp-has-aspect-ratio\">Si estas en el <strong><mark style=\"background-color:rgba(0, 0, 0, 0)\" class=\"has-inline-color has-vivid-red-color\">Extranjero <\/mark><\/strong>nosotros somos tu <strong><mark style=\"background-color:rgba(0, 0, 0, 0)\" class=\"has-inline-color has-vivid-green-cyan-color\">mejor<\/mark><\/strong> alternativa para <strong><mark style=\"background-color:rgba(0, 0, 0, 0)\" class=\"has-inline-color has-luminous-vivid-orange-color\">velar<\/mark><\/strong> por tus <strong><mark style=\"background-color:rgba(0, 0, 0, 0)\" class=\"has-inline-color has-vivid-cyan-blue-color\">intereses<\/mark><\/strong>, escr\u00edbenos o ll\u00e1manos al Tel <strong>55581-11311<\/strong>.<\/p>\n\n\n\n<p>.<\/p>\n\n\n\n<p>Cuando<strong> necesites<\/strong> ayuda, <strong>asistencia<\/strong> o <strong>planeaci\u00f3n<\/strong> legal, <strong>solicita<\/strong> <strong>Cita Privada<\/strong> <a rel=\"noreferrer noopener\" href=\"mailto:bi@sm99.mx\" target=\"_blank\"><strong>Aqu\u00ed<\/strong><\/a><\/p>\n\n\n\n<p>La informaci\u00f3n que AQU\u00cd te presentamos <strong>deriva<\/strong> de los <strong>Peri\u00f3dicos Oficiales <\/strong>de la<strong> CdMx<\/strong>, <strong>Estado<\/strong> de Mex., Diario <strong>Oficial<\/strong> de la Federaci\u00f3n, Suprema Corte de<strong> Justicia<\/strong> de la Naci\u00f3n, por lo tanto es de <strong>aplicaci\u00f3n OBLIGATORIA<\/strong><\/p>\n\n\n\n<p>La <strong>informaci\u00f3n<\/strong> de hoy procede de la Suprema Corte<\/p>\n\n\n\n<p><strong><mark style=\"background-color:rgba(0, 0, 0, 0)\" class=\"has-inline-color has-luminous-vivid-orange-color\">AY\u00daDANOS<\/mark><\/strong> para que m\u00e1s personas conozcan esta informaci\u00f3n, <strong>Comp\u00e1rtelo<\/strong> en tus redes sociales. <\/p>\n\n\n\n<p><\/p>\n","protected":false},"excerpt":{"rendered":"<p>Views: 24 . . Este ANTECEDENTE Surge, despu\u00e9s de que Tribunales Colegiados de Circuito contendientes emitieron criterios diferentes respecto a si la constancia de otorgamiento o negativa de pensi\u00f3n expedida por el IMSS, es un requisito para promover un conflicto individual de seguridad social en el que se reclama, entre otras prestaciones, el pago de [&hellip;]<\/p>\n","protected":false},"author":3,"featured_media":26562,"comment_status":"closed","ping_status":"open","sticky":false,"template":"","format":"standard","meta":{"_jetpack_memberships_contains_paid_content":false,"footnotes":""},"categories":[4],"tags":[],"jetpack_sharing_enabled":true,"jetpack_featured_media_url":"http:\/\/www.salgadonoticias.com\/wp-content\/uploads\/2024\/02\/PENSION.jpg","_links":{"self":[{"href":"http:\/\/www.salgadonoticias.com\/index.php?rest_route=\/wp\/v2\/posts\/26552"}],"collection":[{"href":"http:\/\/www.salgadonoticias.com\/index.php?rest_route=\/wp\/v2\/posts"}],"about":[{"href":"http:\/\/www.salgadonoticias.com\/index.php?rest_route=\/wp\/v2\/types\/post"}],"author":[{"embeddable":true,"href":"http:\/\/www.salgadonoticias.com\/index.php?rest_route=\/wp\/v2\/users\/3"}],"replies":[{"embeddable":true,"href":"http:\/\/www.salgadonoticias.com\/index.php?rest_route=%2Fwp%2Fv2%2Fcomments&post=26552"}],"version-history":[{"count":7,"href":"http:\/\/www.salgadonoticias.com\/index.php?rest_route=\/wp\/v2\/posts\/26552\/revisions"}],"predecessor-version":[{"id":26567,"href":"http:\/\/www.salgadonoticias.com\/index.php?rest_route=\/wp\/v2\/posts\/26552\/revisions\/26567"}],"wp:featuredmedia":[{"embeddable":true,"href":"http:\/\/www.salgadonoticias.com\/index.php?rest_route=\/wp\/v2\/media\/26562"}],"wp:attachment":[{"href":"http:\/\/www.salgadonoticias.com\/index.php?rest_route=%2Fwp%2Fv2%2Fmedia&parent=26552"}],"wp:term":[{"taxonomy":"category","embeddable":true,"href":"http:\/\/www.salgadonoticias.com\/index.php?rest_route=%2Fwp%2Fv2%2Fcategories&post=26552"},{"taxonomy":"post_tag","embeddable":true,"href":"http:\/\/www.salgadonoticias.com\/index.php?rest_route=%2Fwp%2Fv2%2Ftags&post=26552"}],"curies":[{"name":"wp","href":"https:\/\/api.w.org\/{rel}","templated":true}]}}