{"id":26568,"date":"2024-02-13T00:33:00","date_gmt":"2024-02-13T06:33:00","guid":{"rendered":"https:\/\/www.salgadonoticias.com\/?p=26568"},"modified":"2024-02-13T16:16:13","modified_gmt":"2024-02-13T22:16:13","slug":"26568","status":"publish","type":"post","link":"http:\/\/www.salgadonoticias.com\/?p=26568","title":{"rendered":"En Sentencias SIN pena de LIBERTAD, 15 d\u00edas y NO 8 a\u00f1os para Promover Amparo&#8230;!!!"},"content":{"rendered":"<p>Views: 20<\/p>\n<p>.<\/p>\n\n\n\n<figure class=\"wp-block-embed is-type-video is-provider-youtube wp-block-embed-youtube wp-embed-aspect-16-9 wp-has-aspect-ratio\"><div class=\"wp-block-embed__wrapper\">\n<iframe loading=\"lazy\" title=\"En Sentencias SIN pena de LIBERTAD, 15 d\u00edas y NO 8 a\u00f1os para Promover Amparo...\" width=\"640\" height=\"360\" src=\"https:\/\/www.youtube.com\/embed\/MiYlPb2v8K0?feature=oembed\" frameborder=\"0\" allow=\"accelerometer; autoplay; clipboard-write; encrypted-media; gyroscope; picture-in-picture; web-share\" referrerpolicy=\"strict-origin-when-cross-origin\" allowfullscreen><\/iframe>\n<\/div><\/figure>\n\n\n\n<p>.<\/p>\n\n\n\n<p>Este <strong>ANTECEDENTE.<\/strong><\/p>\n\n\n\n<p class=\"has-text-align-justify\">Surge luego de que una <strong>demanda de <mark style=\"background-color:rgba(0, 0, 0, 0)\" class=\"has-inline-color has-vivid-red-color\">amparo<\/mark><\/strong> directo donde se <strong>reclam\u00f3<\/strong> una <span style=\"text-decoration: underline;\">sentencia definitiva condenatoria que <strong><mark style=\"background-color:#ff6900\" class=\"has-inline-color\">no impuso una pena privativa de la libertad<\/mark><\/strong><\/span>; <strong>fue presentada <mark style=\"background-color:rgba(0, 0, 0, 0)\" class=\"has-inline-color has-vivid-red-color\">despu\u00e9s<\/mark><\/strong> del plazo de 15 d\u00edas previsto en el art\u00edculo 17 de la Ley de Amparo.<\/p>\n\n\n\n<p>.<\/p>\n\n\n\n<p class=\"has-text-align-justify\">La <strong><mark style=\"background-color:rgba(0, 0, 0, 0);color:#0c07e3\" class=\"has-inline-color\">Suprema Corte de Justicia<\/mark> <\/strong>a trav\u00e9s de su Tribunal Colegiado de Circuito, <strong>DETERMIN\u00d3<\/strong> que el <strong><mark style=\"background-color:#f6cf63\" class=\"has-inline-color\">plazo de ocho a\u00f1os para promover el juicio de amparo directo en materia penal,<\/mark><\/strong> establecido en la fracci\u00f3n II del art\u00edculo 17 de la Ley de Amparo, <strong><mark style=\"background-color:rgba(0, 0, 0, 0);color:#ab0808\" class=\"has-inline-color\">NO es inaplicable<\/mark><\/strong> cuando se <strong><mark style=\"background-color:rgba(0, 0, 0, 0)\" class=\"has-inline-color has-luminous-vivid-orange-color\">reclama<\/mark><\/strong> una <strong><mark style=\"background-color:#9edb7b\" class=\"has-inline-color has-black-color\">sentencia definitiva condenatoria que no impuso pena privativa de libertad.<\/mark><\/strong><br>.<\/p>\n\n\n\n<p class=\"has-text-align-justify\">La justificaci\u00f3n de la <strong>SCJN <\/strong>es que el art\u00edculo 17, fracci\u00f3n II, de la Ley de Amparo <strong>prev\u00e9<\/strong> que <span style=\"text-decoration: underline;\">podr\u00e1 presentarse la demanda de amparo directo en un plazo de hasta ocho a\u00f1os<\/span> cuando se <strong>reclame la sentencia definitiva condenatoria<\/strong> en un proceso penal <strong><mark style=\"background-color:#ff6900\" class=\"has-inline-color\">que imponga pena de prisi\u00f3n<\/mark><\/strong>. <\/p>\n\n\n\n<p class=\"has-text-align-justify\">En ese sentido, la acci\u00f3n constitucional ejercida contra una sentencia definitiva condenatoria que <strong>no impone la privaci\u00f3n de la libertad<\/strong> debe <strong>sujetarse<\/strong> al plazo de <strong><mark style=\"background-color:#cf2e2e\" class=\"has-inline-color has-black-color\">QUINCE d\u00edas<\/mark><mark style=\"background-color:rgba(0, 0, 0, 0);color:#a20808\" class=\"has-inline-color\"> previsto en el p\u00e1rrafo primero de dicho art\u00edculo<\/mark><\/strong>, pues aunque se trate de una sentencia definitiva y condenatoria, <strong><mark style=\"background-color:#fcb900\" class=\"has-inline-color\">no contiene pena privativa de la libertad<\/mark><\/strong> que haga aplicable el lapso se\u00f1alado de hasta ocho a\u00f1os, que debe entenderse <strong><mark style=\"background-color:rgba(0, 0, 0, 0)\" class=\"has-inline-color has-vivid-red-color\">reservado al quejoso sancionado con pena de prisi\u00f3n<\/mark><\/strong>, por ser \u00e9sta la condici\u00f3n sine qua non que justifica la diferencia en el tratamiento de la oportunidad de acceder a la jurisdicci\u00f3n federal en un plazo mayor y distinto a la regla general de quince d\u00edas.<\/p>\n\n\n\n<p><\/p>\n\n\n\n<p>,<\/p>\n\n\n\n<p>Esta <strong><mark style=\"background-color:#adecd3\" class=\"has-inline-color\">RESOLUCI\u00d3N<\/mark><\/strong> esta <strong>disponible<\/strong> a partir de esta semana para <strong>quien la haga valer<\/strong>.<\/p>\n\n\n\n<p class=\"has-small-font-size\"><strong><mark style=\"background-color:rgba(0, 0, 0, 0);color:#016440\" class=\"has-inline-color\">Tesis Penal-Com\u00fan<\/mark><\/strong><\/p>\n\n\n\n<p>.<\/p>\n\n\n\n<p class=\"wp-embed-aspect-16-9 wp-has-aspect-ratio\">Si estas en el <strong><mark style=\"background-color:rgba(0, 0, 0, 0)\" class=\"has-inline-color has-vivid-red-color\">Extranjero <\/mark><\/strong>nosotros somos tu <strong><mark style=\"background-color:rgba(0, 0, 0, 0)\" class=\"has-inline-color has-vivid-green-cyan-color\">mejor<\/mark><\/strong> alternativa para <strong><mark style=\"background-color:rgba(0, 0, 0, 0)\" class=\"has-inline-color has-luminous-vivid-orange-color\">velar<\/mark><\/strong> por tus <strong><mark style=\"background-color:rgba(0, 0, 0, 0)\" class=\"has-inline-color has-vivid-cyan-blue-color\">intereses<\/mark><\/strong>, escr\u00edbenos o ll\u00e1manos al Tel <strong>55581-11311<\/strong>.<\/p>\n\n\n\n<p>.<\/p>\n\n\n\n<p>Cuando<strong> necesites<\/strong> ayuda, <strong>asistencia<\/strong> o <strong>planeaci\u00f3n<\/strong> legal, <strong>solicita<\/strong> <strong>Cita Privada<\/strong> <a rel=\"noreferrer noopener\" href=\"mailto:bi@sm99.mx\" target=\"_blank\"><strong>Aqu\u00ed<\/strong><\/a><\/p>\n\n\n\n<p>La informaci\u00f3n que AQU\u00cd te presentamos <strong>deriva<\/strong> de los <strong>Peri\u00f3dicos Oficiales <\/strong>de la<strong> CdMx<\/strong>, <strong>Estado<\/strong> de Mex., Diario <strong>Oficial<\/strong> de la Federaci\u00f3n, Suprema Corte de<strong> Justicia<\/strong> de la Naci\u00f3n, por lo tanto es de <strong>aplicaci\u00f3n OBLIGATORIA<\/strong><\/p>\n\n\n\n<p>La <strong>informaci\u00f3n<\/strong> de hoy procede de la Suprema Corte<\/p>\n\n\n\n<p><strong><mark style=\"background-color:rgba(0, 0, 0, 0)\" class=\"has-inline-color has-luminous-vivid-orange-color\">AY\u00daDANOS<\/mark><\/strong> para que m\u00e1s personas conozcan esta informaci\u00f3n, <strong>Comp\u00e1rtelo<\/strong> en tus redes sociales. <\/p>\n","protected":false},"excerpt":{"rendered":"<p>Views: 20 . . Este ANTECEDENTE. Surge luego de que una demanda de amparo directo donde se reclam\u00f3 una sentencia definitiva condenatoria que no impuso una pena privativa de la libertad; fue presentada despu\u00e9s del plazo de 15 d\u00edas previsto en el art\u00edculo 17 de la Ley de Amparo. . La Suprema Corte de Justicia [&hellip;]<\/p>\n","protected":false},"author":3,"featured_media":26572,"comment_status":"closed","ping_status":"open","sticky":false,"template":"","format":"standard","meta":{"_jetpack_memberships_contains_paid_content":false,"footnotes":""},"categories":[4],"tags":[],"jetpack_sharing_enabled":true,"jetpack_featured_media_url":"http:\/\/www.salgadonoticias.com\/wp-content\/uploads\/2024\/02\/RELOJ.jpg","_links":{"self":[{"href":"http:\/\/www.salgadonoticias.com\/index.php?rest_route=\/wp\/v2\/posts\/26568"}],"collection":[{"href":"http:\/\/www.salgadonoticias.com\/index.php?rest_route=\/wp\/v2\/posts"}],"about":[{"href":"http:\/\/www.salgadonoticias.com\/index.php?rest_route=\/wp\/v2\/types\/post"}],"author":[{"embeddable":true,"href":"http:\/\/www.salgadonoticias.com\/index.php?rest_route=\/wp\/v2\/users\/3"}],"replies":[{"embeddable":true,"href":"http:\/\/www.salgadonoticias.com\/index.php?rest_route=%2Fwp%2Fv2%2Fcomments&post=26568"}],"version-history":[{"count":12,"href":"http:\/\/www.salgadonoticias.com\/index.php?rest_route=\/wp\/v2\/posts\/26568\/revisions"}],"predecessor-version":[{"id":26599,"href":"http:\/\/www.salgadonoticias.com\/index.php?rest_route=\/wp\/v2\/posts\/26568\/revisions\/26599"}],"wp:featuredmedia":[{"embeddable":true,"href":"http:\/\/www.salgadonoticias.com\/index.php?rest_route=\/wp\/v2\/media\/26572"}],"wp:attachment":[{"href":"http:\/\/www.salgadonoticias.com\/index.php?rest_route=%2Fwp%2Fv2%2Fmedia&parent=26568"}],"wp:term":[{"taxonomy":"category","embeddable":true,"href":"http:\/\/www.salgadonoticias.com\/index.php?rest_route=%2Fwp%2Fv2%2Fcategories&post=26568"},{"taxonomy":"post_tag","embeddable":true,"href":"http:\/\/www.salgadonoticias.com\/index.php?rest_route=%2Fwp%2Fv2%2Ftags&post=26568"}],"curies":[{"name":"wp","href":"https:\/\/api.w.org\/{rel}","templated":true}]}}