{"id":26600,"date":"2024-02-14T00:16:00","date_gmt":"2024-02-14T06:16:00","guid":{"rendered":"http:\/\/www.salgadonoticias.com\/?p=26600"},"modified":"2024-02-14T16:08:36","modified_gmt":"2024-02-14T22:08:36","slug":"26600","status":"publish","type":"post","link":"http:\/\/www.salgadonoticias.com\/?p=26600","title":{"rendered":"Constancia de NO Conciliaci\u00f3n, NO sustituye FIRMA del trabajador&#8230;!!!"},"content":{"rendered":"<p>Views: 16<\/p>\n<p>.<\/p>\n\n\n\n<figure class=\"wp-block-embed is-type-video is-provider-youtube wp-block-embed-youtube wp-embed-aspect-16-9 wp-has-aspect-ratio\"><div class=\"wp-block-embed__wrapper\">\n<iframe loading=\"lazy\" title=\"Constancia de NO Conciliaci\u00f3n, NO sustituye FIRMA del trabajador...\" width=\"640\" height=\"360\" src=\"https:\/\/www.youtube.com\/embed\/NFF3GWapLk0?feature=oembed\" frameborder=\"0\" allow=\"accelerometer; autoplay; clipboard-write; encrypted-media; gyroscope; picture-in-picture; web-share\" referrerpolicy=\"strict-origin-when-cross-origin\" allowfullscreen><\/iframe>\n<\/div><\/figure>\n\n\n\n<p>.<\/p>\n\n\n\n<p>Este <strong>ANTECEDENTE<\/strong>:<\/p>\n\n\n\n<p class=\"has-text-align-justify\">Se da luego de que en un <strong>juicio <mark style=\"background-color:rgba(0, 0, 0, 0)\" class=\"has-inline-color has-vivid-red-color\">laboral<\/mark><\/strong>, el Juez <strong>determin\u00f3<\/strong> que el <em><span style=\"text-decoration: underline;\"><mark style=\"background-color:#eed3c0\" class=\"has-inline-color\">escrito inicial de demanda fuera devuelto<\/mark><\/span><\/em> debido a que <strong>no estaba firmado por el trabajador<\/strong> y <strong><mark style=\"background-color:#ff6900\" class=\"has-inline-color\">tampoco present\u00f3 carta poder firmada por \u00e9l<\/mark><\/strong>, de tal modo que no cumpl\u00eda con lo estipulado en el <em><span style=\"text-decoration: underline;\">art\u00edculo 872, apartado A, de la Ley Federal del Trabajo<\/span><\/em>; <strong>ante dicha determinaci\u00f3n<\/strong> del juez <strong><mark style=\"background-color:rgba(0, 0, 0, 0)\" class=\"has-inline-color has-vivid-red-color\">se promovi\u00f3 juicio de amparo<\/mark><\/strong> directo.<\/p>\n\n\n\n<p>.<\/p>\n\n\n\n<p class=\"has-text-align-justify\">La <strong><mark style=\"background-color:rgba(0, 0, 0, 0);color:#0727e3\" class=\"has-inline-color\">Suprema Corte de Justicia<\/mark> <\/strong>ante lo anterior <strong><mark style=\"background-color:rgba(0, 0, 0, 0);color:#b00606\" class=\"has-inline-color\">DETERMIN\u00d3<\/mark><\/strong> que la <mark style=\"background-color:#f5ced8\" class=\"has-inline-color\"><strong>FALTA<\/strong> de <strong>FIRMA<\/strong><\/mark> del actor en la <strong><mark style=\"background-color:rgba(0, 0, 0, 0)\" class=\"has-inline-color has-luminous-vivid-orange-color\">DEMANDA<\/mark><\/strong> o la <mark style=\"background-color:#aeead2\" class=\"has-inline-color\"><strong>ausencia<\/strong> de <strong>carta poder<\/strong> <span style=\"text-decoration: underline;\">firmada por \u00e9<\/span><\/mark><span style=\"text-decoration: underline;\">l<\/span>, <mark style=\"background-color:rgba(0, 0, 0, 0);color:#950540\" class=\"has-inline-color\"><strong>NO<\/strong> se <strong>CONVALIDA <\/strong>y\/o <strong>RATIFICA<\/strong><\/mark> con la <strong><mark style=\"background-color:rgba(0, 0, 0, 0);color:#aa05c2\" class=\"has-inline-color\">Constancia de No Conciliaci\u00f3n<\/mark><\/strong> emitida por el Centro de Conciliaci\u00f3n Laboral.<\/p>\n\n\n\n<p>.<\/p>\n\n\n\n<p class=\"has-text-align-justify\">La justificaci\u00f3n de la <strong><mark style=\"background-color:rgba(0, 0, 0, 0);color:#14088a\" class=\"has-inline-color\">SCJN<\/mark><\/strong> es que en el nuevo modelo de <strong><mark style=\"background-color:#fcb900\" class=\"has-inline-color\">justicia laboral<\/mark><\/strong> se <strong><mark style=\"background-color:rgba(0, 0, 0, 0)\" class=\"has-inline-color has-vivid-red-color\">divide<\/mark><\/strong> en <strong><mark style=\"background-color:#fcb900\" class=\"has-inline-color\">dos etapas<\/mark><\/strong> aut\u00f3nomas, consistentes en una fase<strong> <mark style=\"background-color:#abb8c3\" class=\"has-inline-color has-black-color\">administrativa<\/mark><\/strong> ante los <span style=\"text-decoration: underline;\">organismos descentralizados<\/span> que llevan a cabo la c<strong>onciliaci\u00f3n<\/strong> y otra <strong><mark style=\"background-color:#8ed1fc\" class=\"has-inline-color\">jurisdiccional<\/mark><\/strong> ante los <span style=\"text-decoration: underline;\">Tribunales Laborales<\/span>. <\/p>\n\n\n\n<p><\/p>\n\n\n\n<p class=\"has-text-align-justify\">Y para el inicio de la segunda, la <strong><mark style=\"background-color:rgba(0, 0, 0, 0)\" class=\"has-inline-color has-vivid-red-color\">voluntad<\/mark><\/strong> del accionante se <strong><mark style=\"background-color:#cf2e2e\" class=\"has-inline-color\">externa<\/mark><\/strong> generalmente mediante signos distintivos, como es la <strong><mark style=\"background-color:#77d100\" class=\"has-inline-color\">firma aut\u00f3grafa del interesado<\/mark><\/strong> o la impresi\u00f3n de una huella digital con la respectiva firma al ruego, en algunos casos, con lo cual se acredita la autenticidad del documento que se suscribe. <\/p>\n\n\n\n<p class=\"has-text-align-justify\">En ese sentido, <strong>si en la demanda laboral <mark style=\"background-color:#ff6900\" class=\"has-inline-color\">no se colma dicho requisito<\/mark> ni se exhibe carta poder firmada por el poderdante<\/strong>, implica que <strong>fue omiso en manifestar su intenci\u00f3n para dar inicio al proceso laboral<\/strong>. <\/p>\n\n\n\n<p class=\"has-text-align-justify\">Ahora, si bien las <span style=\"text-decoration: underline;\">presunciones dotan al juzgador de <strong><mark style=\"background-color:#ff6900\" class=\"has-inline-color\">consecuencias conjeturales a partir de hechos conocidos<\/mark><\/strong> para acceder a otros desconocidos<\/span>, ello <strong><mark style=\"background-color:#f9d3cc\" class=\"has-inline-color\">no implica que las constancias surgidas en sede administrativa convaliden la ausencia de firma en la demanda<\/mark><\/strong>, esto porque su <strong>prop\u00f3sito <\/strong>\u00fanicamente estriba en <strong>demostrar<\/strong> ante el Juez que las <strong>partes<\/strong> en conflicto previamente <strong>acudieron a la sede administrativa para conciliar y evitar que el asunto se judicialice<\/strong>.<\/p>\n\n\n\n<p class=\"has-text-align-justify\">En tal sentido, <strong>no puede realizarse una inferencia <\/strong>partiendo de dicho hecho conocido para averiguar otro desconocido \u2013voluntad del promovente\u2013 <strong>ya que para ser leg\u00edtima debe sujetarse a las reglas de la l\u00f3gica;<\/strong> <\/p>\n\n\n\n<p class=\"has-text-align-justify\">M\u00e1xime cuando el art\u00edculo <strong>685<\/strong> de la LFT <strong><mark style=\"background-color:#fcb900\" class=\"has-inline-color\">establece en qu\u00e9 casos el tribunal puede subsanar la demanda cuando sea incompleta<\/mark><\/strong>, esto es, <strong><mark style=\"background-color:#cf2e2e\" class=\"has-inline-color\">no comprenda todas las prestaciones que de acuerdo con la ley deriven de la acci\u00f3n intentada o procedente, conforme a los hechos expuestos por el trabajador<\/mark><\/strong>; <strong>tambi\u00e9n cuando sea<\/strong> <strong><mark style=\"background-color:rgba(0, 0, 0, 0)\" class=\"has-inline-color has-vivid-red-color\">oscura o vaga<\/mark><\/strong>, pues en esos casos se proceder\u00e1 en los t\u00e9rminos previstos en el art\u00edculo 873 del propio ordenamiento, <strong><mark style=\"background-color:rgba(0, 0, 0, 0)\" class=\"has-inline-color has-vivid-red-color\">pero en ninguna de estas hip\u00f3tesis se faculta al Tribunal Laboral a prevenir al actor para que subsane la demanda ante la ausencia de su firma<\/mark><\/strong>.<\/p>\n\n\n\n<p>.<\/p>\n\n\n\n<p>Esta <strong><mark style=\"background-color:rgba(0, 0, 0, 0);color:#0618a0\" class=\"has-inline-color\">RESOLUCI\u00d3N<\/mark> <\/strong>est\u00e1 <strong><mark style=\"background-color:#dbecfb\" class=\"has-inline-color\">disponible para quien la haga valer<\/mark><\/strong> a partir de esta semana.<\/p>\n\n\n\n<p class=\"has-small-font-size\"><strong><mark style=\"background-color:rgba(0, 0, 0, 0)\" class=\"has-inline-color has-luminous-vivid-orange-color\">Tesis Laboral<\/mark><\/strong><\/p>\n\n\n\n<p>.<\/p>\n\n\n\n<p class=\"wp-embed-aspect-16-9 wp-has-aspect-ratio\">Si estas en el <strong><mark style=\"background-color:rgba(0, 0, 0, 0)\" class=\"has-inline-color has-vivid-red-color\">Extranjero <\/mark><\/strong>nosotros somos tu <strong><mark style=\"background-color:rgba(0, 0, 0, 0)\" class=\"has-inline-color has-vivid-green-cyan-color\">mejor<\/mark><\/strong> alternativa para <strong><mark style=\"background-color:rgba(0, 0, 0, 0)\" class=\"has-inline-color has-luminous-vivid-orange-color\">velar<\/mark><\/strong> por tus <strong><mark style=\"background-color:rgba(0, 0, 0, 0)\" class=\"has-inline-color has-vivid-cyan-blue-color\">intereses<\/mark><\/strong>, escr\u00edbenos o ll\u00e1manos al Tel <strong>55581-11311<\/strong>.<\/p>\n\n\n\n<p>.<\/p>\n\n\n\n<p>Cuando<strong> necesites<\/strong> ayuda, <strong>asistencia<\/strong> o <strong>planeaci\u00f3n<\/strong> legal, <strong>solicita<\/strong> <strong>Cita Privada<\/strong> <a rel=\"noreferrer noopener\" href=\"mailto:bi@sm99.mx\" target=\"_blank\"><strong>Aqu\u00ed<\/strong><\/a><\/p>\n\n\n\n<p>La informaci\u00f3n que AQU\u00cd te presentamos <strong>deriva<\/strong> de los <strong>Peri\u00f3dicos Oficiales <\/strong>de la<strong> CdMx<\/strong>, <strong>Estado<\/strong> de Mex., Diario <strong>Oficial<\/strong> de la Federaci\u00f3n, Suprema Corte de<strong> Justicia<\/strong> de la Naci\u00f3n, por lo tanto es de <strong>aplicaci\u00f3n OBLIGATORIA<\/strong><\/p>\n\n\n\n<p>La <strong>informaci\u00f3n<\/strong> de hoy procede de la Suprema Corte<\/p>\n\n\n\n<p><strong><mark style=\"background-color:rgba(0, 0, 0, 0)\" class=\"has-inline-color has-luminous-vivid-orange-color\">AY\u00daDANOS<\/mark><\/strong> para que m\u00e1s personas conozcan esta informaci\u00f3n, <strong>Comp\u00e1rtelo<\/strong> en tus redes sociales. <\/p>\n","protected":false},"excerpt":{"rendered":"<p>Views: 16 . . Este ANTECEDENTE: Se da luego de que en un juicio laboral, el Juez determin\u00f3 que el escrito inicial de demanda fuera devuelto debido a que no estaba firmado por el trabajador y tampoco present\u00f3 carta poder firmada por \u00e9l, de tal modo que no cumpl\u00eda con lo estipulado en el art\u00edculo [&hellip;]<\/p>\n","protected":false},"author":3,"featured_media":26604,"comment_status":"closed","ping_status":"open","sticky":false,"template":"","format":"standard","meta":{"_jetpack_memberships_contains_paid_content":false,"footnotes":""},"categories":[4],"tags":[],"jetpack_sharing_enabled":true,"jetpack_featured_media_url":"http:\/\/www.salgadonoticias.com\/wp-content\/uploads\/2024\/02\/FIRMA.webp","_links":{"self":[{"href":"http:\/\/www.salgadonoticias.com\/index.php?rest_route=\/wp\/v2\/posts\/26600"}],"collection":[{"href":"http:\/\/www.salgadonoticias.com\/index.php?rest_route=\/wp\/v2\/posts"}],"about":[{"href":"http:\/\/www.salgadonoticias.com\/index.php?rest_route=\/wp\/v2\/types\/post"}],"author":[{"embeddable":true,"href":"http:\/\/www.salgadonoticias.com\/index.php?rest_route=\/wp\/v2\/users\/3"}],"replies":[{"embeddable":true,"href":"http:\/\/www.salgadonoticias.com\/index.php?rest_route=%2Fwp%2Fv2%2Fcomments&post=26600"}],"version-history":[{"count":6,"href":"http:\/\/www.salgadonoticias.com\/index.php?rest_route=\/wp\/v2\/posts\/26600\/revisions"}],"predecessor-version":[{"id":26632,"href":"http:\/\/www.salgadonoticias.com\/index.php?rest_route=\/wp\/v2\/posts\/26600\/revisions\/26632"}],"wp:featuredmedia":[{"embeddable":true,"href":"http:\/\/www.salgadonoticias.com\/index.php?rest_route=\/wp\/v2\/media\/26604"}],"wp:attachment":[{"href":"http:\/\/www.salgadonoticias.com\/index.php?rest_route=%2Fwp%2Fv2%2Fmedia&parent=26600"}],"wp:term":[{"taxonomy":"category","embeddable":true,"href":"http:\/\/www.salgadonoticias.com\/index.php?rest_route=%2Fwp%2Fv2%2Fcategories&post=26600"},{"taxonomy":"post_tag","embeddable":true,"href":"http:\/\/www.salgadonoticias.com\/index.php?rest_route=%2Fwp%2Fv2%2Ftags&post=26600"}],"curies":[{"name":"wp","href":"https:\/\/api.w.org\/{rel}","templated":true}]}}