{"id":26635,"date":"2024-02-15T00:36:00","date_gmt":"2024-02-15T06:36:00","guid":{"rendered":"https:\/\/www.salgadonoticias.com\/?p=26635"},"modified":"2024-02-15T14:33:59","modified_gmt":"2024-02-15T20:33:59","slug":"edictos-deben-publicarse-cada-7-dias-habiles-no-naturales","status":"publish","type":"post","link":"http:\/\/www.salgadonoticias.com\/?p=26635","title":{"rendered":"Edictos Deben PUBLICARSE en d\u00edas H\u00c1BILES y No Naturales&#8230;!!!"},"content":{"rendered":"<p>Views: 132<\/p>\n<p>.<\/p>\n\n\n\n<figure class=\"wp-block-embed is-type-video is-provider-youtube wp-block-embed-youtube wp-embed-aspect-16-9 wp-has-aspect-ratio\"><div class=\"wp-block-embed__wrapper\">\n<iframe loading=\"lazy\" title=\"Edictos Deben PUBLICARSE en d\u00edas H\u00c1BILES No Naturales\" width=\"640\" height=\"360\" src=\"https:\/\/www.youtube.com\/embed\/thU8LRGIf24?feature=oembed\" frameborder=\"0\" allow=\"accelerometer; autoplay; clipboard-write; encrypted-media; gyroscope; picture-in-picture; web-share\" referrerpolicy=\"strict-origin-when-cross-origin\" allowfullscreen><\/iframe>\n<\/div><\/figure>\n\n\n\n<p>.<\/p>\n\n\n\n<p>Este <strong>ANTECEDENTE<\/strong><\/p>\n\n\n\n<p>Surge de que en un <strong>juicio de <mark style=\"background-color:rgba(0, 0, 0, 0)\" class=\"has-inline-color has-vivid-red-color\">amparo<\/mark><\/strong> indirecto se orden\u00f3 mediante <strong>edictos,<\/strong> <strong><mark style=\"background-color:#ff6900\" class=\"has-inline-color\">emplazar al tercero interesado<\/mark><\/strong>, dichas publicaciones se hicieron <strong>por <mark style=\"background-color:rgba(0, 0, 0, 0)\" class=\"has-inline-color has-vivid-red-color\">tres veces<\/mark> en el Diario Oficial de la Federaci\u00f3n<\/strong>, mediando siete d\u00edas <strong>h\u00e1biles<\/strong> entre cada una de ellas, pero <strong>no as\u00ed<\/strong> en el peri\u00f3dico de mayor circulaci\u00f3n, pues en \u00e9ste se hicieron de 7 en 7 d\u00edas <strong>naturales<\/strong>.<\/p>\n\n\n\n<p>.<\/p>\n\n\n\n<p class=\"has-text-align-justify\">Por lo que la <strong><mark style=\"background-color:rgba(0, 0, 0, 0);color:#061584\" class=\"has-inline-color\">Suprema Corte de Justicia<\/mark><\/strong> a trav\u00e9s de su Tribunal Colegiado, <strong><mark style=\"background-color:rgba(0, 0, 0, 0);color:#840303\" class=\"has-inline-color\">DETERMIN\u00d3<\/mark><\/strong> que las <strong><mark style=\"background-color:rgba(0, 0, 0, 0)\" class=\"has-inline-color has-vivid-red-color\">publicaciones<\/mark><\/strong> de <strong><mark style=\"background-color:#fcb900\" class=\"has-inline-color\">EDICTOS<\/mark> DEBEN<\/strong> <strong>hacerse<\/strong> en ambos medios de comunicaci\u00f3n por <strong><mark style=\"background-color:#eb9c63\" class=\"has-inline-color\">tres veces, de siete en siete d\u00edas H\u00c1BLES y NO naturales.<\/mark><\/strong><\/p>\n\n\n\n<p>.<\/p>\n\n\n\n<p class=\"has-text-align-justify\">La justificaci\u00f3n de la <strong><mark style=\"background-color:rgba(0, 0, 0, 0);color:#1e0587\" class=\"has-inline-color\">SCJN<\/mark><\/strong> es <strong>conforme<\/strong> al <em><u>art\u00edculo 19 de la Ley de Amparo<\/u><\/em>, que indica: son <strong>d\u00edas h\u00e1bile<\/strong>s para la promoci\u00f3n, sustanciaci\u00f3n y resoluci\u00f3n de los juicios de amparo <strong>todos los del a\u00f1o<\/strong>, con la <strong>excepci\u00f3n<\/strong> de los <strong>s\u00e1bados y domingos<\/strong>, as\u00ed como los d\u00edas a que se refiere dicho precepto; mientras que en t\u00e9rminos del art\u00edculo 22 del referido ordenamiento, los plazos se contar\u00e1n por d\u00edas h\u00e1biles.<\/p>\n\n\n\n<p>.<\/p>\n\n\n\n<p class=\"has-text-align-justify\">Asimismo, el <em><u>art\u00edculo 281 del C\u00f3digo Federal de Procedimientos Civiles<\/u><\/em> establece que las actuaciones judiciales se practicar\u00e1n en d\u00edas y horas h\u00e1biles.<\/p>\n\n\n\n<p class=\"has-text-align-justify\">Por consecuente, el <strong><mark style=\"background-color:rgba(0, 0, 0, 0)\" class=\"has-inline-color has-vivid-red-color\">emplazar al tercero interesado por EDICTOS<\/mark><\/strong>, esto en t\u00e9rminos del art\u00edculo 27, fracc. III, inciso b), 2do. p\u00e1rrafo, de la Ley de Amparo, en relaci\u00f3n con el diverso 315 del C\u00f3digo Federal de Procedimientos Civiles, la <strong>notificaci\u00f3n<\/strong> se har\u00e1 por edictos que se <strong><mark style=\"background-color:#f78da7\" class=\"has-inline-color\">publicar\u00e1n por tres veces, de siete en siete d\u00edas h\u00e1biles<\/mark><\/strong>, tanto en el <strong>Diario Oficial<\/strong> y en uno de los <strong>Peri\u00f3dicos<\/strong> diarios de <strong>mayor circulaci\u00f3n<\/strong> en la Rep\u00fablica, <mark style=\"background-color:#cae0f3\" class=\"has-inline-color\"><strong>no<\/strong> as\u00ed de <strong>siete en siete d\u00edas naturales<\/strong><\/mark>.<\/p>\n\n\n\n<p>.<\/p>\n\n\n\n<p><mark style=\"background-color:#a8d7f3\" class=\"has-inline-color\">Esta <strong>RESOLUCI\u00d3N <\/strong>est\u00e1 <strong>disponible para quien la haga Valer.<\/strong><\/mark><\/p>\n\n\n\n<p class=\"has-small-font-size\"><mark style=\"background-color:rgba(0, 0, 0, 0);color:#016a44\" class=\"has-inline-color\">Tesis Com\u00fan<\/mark><\/p>\n\n\n\n<p>.<\/p>\n\n\n\n<p class=\"wp-embed-aspect-16-9 wp-has-aspect-ratio\">Si estas en el <strong><mark style=\"background-color:rgba(0, 0, 0, 0)\" class=\"has-inline-color has-vivid-red-color\">Extranjero <\/mark><\/strong>nosotros somos tu <strong><mark style=\"background-color:rgba(0, 0, 0, 0)\" class=\"has-inline-color has-vivid-green-cyan-color\">mejor<\/mark><\/strong> alternativa para <strong><mark style=\"background-color:rgba(0, 0, 0, 0)\" class=\"has-inline-color has-luminous-vivid-orange-color\">velar<\/mark><\/strong> por tus <strong><mark style=\"background-color:rgba(0, 0, 0, 0)\" class=\"has-inline-color has-vivid-cyan-blue-color\">intereses<\/mark><\/strong>, escr\u00edbenos o ll\u00e1manos al Tel <strong>55581-11311<\/strong>.<\/p>\n\n\n\n<p>.<\/p>\n\n\n\n<p>Cuando<strong> necesites<\/strong> ayuda, <strong>asistencia<\/strong> o <strong>planeaci\u00f3n<\/strong> legal, <strong>solicita<\/strong> <strong>Cita Privada<\/strong> <a rel=\"noreferrer noopener\" href=\"mailto:bi@sm99.mx\" target=\"_blank\"><strong>Aqu\u00ed<\/strong><\/a><\/p>\n\n\n\n<p>La informaci\u00f3n que AQU\u00cd te presentamos <strong>deriva<\/strong> de los <strong>Peri\u00f3dicos Oficiales <\/strong>de la<strong> CdMx<\/strong>, <strong>Estado<\/strong> de Mex., Diario <strong>Oficial<\/strong> de la Federaci\u00f3n, Suprema Corte de<strong> Justicia<\/strong> de la Naci\u00f3n, por lo tanto es de <strong>aplicaci\u00f3n OBLIGATORIA<\/strong><\/p>\n\n\n\n<p>La <strong>informaci\u00f3n<\/strong> de hoy procede de la Suprema Corte<\/p>\n\n\n\n<p><strong><mark style=\"background-color:rgba(0, 0, 0, 0)\" class=\"has-inline-color has-luminous-vivid-orange-color\">AY\u00daDANOS<\/mark><\/strong> para que m\u00e1s personas conozcan esta informaci\u00f3n, <strong>Comp\u00e1rtelo<\/strong> en tus redes sociales. <\/p>\n","protected":false},"excerpt":{"rendered":"<p>Views: 132 . . Este ANTECEDENTE Surge de que en un juicio de amparo indirecto se orden\u00f3 mediante edictos, emplazar al tercero interesado, dichas publicaciones se hicieron por tres veces en el Diario Oficial de la Federaci\u00f3n, mediando siete d\u00edas h\u00e1biles entre cada una de ellas, pero no as\u00ed en el peri\u00f3dico de mayor circulaci\u00f3n, [&hellip;]<\/p>\n","protected":false},"author":3,"featured_media":26636,"comment_status":"closed","ping_status":"open","sticky":false,"template":"","format":"standard","meta":{"_jetpack_memberships_contains_paid_content":false,"footnotes":""},"categories":[4],"tags":[],"jetpack_sharing_enabled":true,"jetpack_featured_media_url":"http:\/\/www.salgadonoticias.com\/wp-content\/uploads\/2024\/02\/edictos-periodico.jpg","_links":{"self":[{"href":"http:\/\/www.salgadonoticias.com\/index.php?rest_route=\/wp\/v2\/posts\/26635"}],"collection":[{"href":"http:\/\/www.salgadonoticias.com\/index.php?rest_route=\/wp\/v2\/posts"}],"about":[{"href":"http:\/\/www.salgadonoticias.com\/index.php?rest_route=\/wp\/v2\/types\/post"}],"author":[{"embeddable":true,"href":"http:\/\/www.salgadonoticias.com\/index.php?rest_route=\/wp\/v2\/users\/3"}],"replies":[{"embeddable":true,"href":"http:\/\/www.salgadonoticias.com\/index.php?rest_route=%2Fwp%2Fv2%2Fcomments&post=26635"}],"version-history":[{"count":5,"href":"http:\/\/www.salgadonoticias.com\/index.php?rest_route=\/wp\/v2\/posts\/26635\/revisions"}],"predecessor-version":[{"id":26646,"href":"http:\/\/www.salgadonoticias.com\/index.php?rest_route=\/wp\/v2\/posts\/26635\/revisions\/26646"}],"wp:featuredmedia":[{"embeddable":true,"href":"http:\/\/www.salgadonoticias.com\/index.php?rest_route=\/wp\/v2\/media\/26636"}],"wp:attachment":[{"href":"http:\/\/www.salgadonoticias.com\/index.php?rest_route=%2Fwp%2Fv2%2Fmedia&parent=26635"}],"wp:term":[{"taxonomy":"category","embeddable":true,"href":"http:\/\/www.salgadonoticias.com\/index.php?rest_route=%2Fwp%2Fv2%2Fcategories&post=26635"},{"taxonomy":"post_tag","embeddable":true,"href":"http:\/\/www.salgadonoticias.com\/index.php?rest_route=%2Fwp%2Fv2%2Ftags&post=26635"}],"curies":[{"name":"wp","href":"https:\/\/api.w.org\/{rel}","templated":true}]}}