{"id":27965,"date":"2024-05-20T00:40:00","date_gmt":"2024-05-20T05:40:00","guid":{"rendered":"https:\/\/www.salgadonoticias.com\/?p=27965"},"modified":"2024-05-21T12:10:07","modified_gmt":"2024-05-21T17:10:07","slug":"trabajadores-de-confianza-sin-derecho-a-pago-de-salarios-caidos","status":"publish","type":"post","link":"http:\/\/www.salgadonoticias.com\/?p=27965","title":{"rendered":"Trabajadores de CONFIANZA&#8230;Sin derecho a PAGO de Salarios CA\u00cdDOS&#8230;!!!"},"content":{"rendered":"<p>Views: 8<\/p>\n<p>.<\/p>\n\n\n\n<p>El <strong>ANTECEDENTE<\/strong><\/p>\n\n\n\n<p class=\"has-text-align-justify\"><strong>Surge<\/strong> luego de que Tribunales Colegiados de Circuito, llegaron a <strong>criterios <mark style=\"background-color:rgba(0, 0, 0, 0)\" class=\"has-inline-color has-vivid-red-color\">diferentes<\/mark><\/strong> al analizar si procede, el <strong><mark style=\"background-color:rgba(0, 0, 0, 0)\" class=\"has-inline-color has-vivid-red-color\">pago<\/mark><\/strong> de salarios ca\u00eddos a los <strong><mark style=\"background-color:#ff6900\" class=\"has-inline-color\">trabajadores de confianza<\/mark><\/strong> de las sociedades nacionales de cr\u00e9dito, <strong>desde<\/strong> la fecha de su despido <strong>hasta<\/strong> el cumplimiento de su sentencia. <\/p>\n\n\n\n<p class=\"has-text-align-justify\">Uno estableci\u00f3 que es <strong><mark style=\"background-color:#abb8c3\" class=\"has-inline-color\">improcedente<\/mark><\/strong> el pago, aun cuando su despido fue injustificado y el otro sostuvo que <strong>s\u00ed <mark style=\"background-color:#abb8c3\" class=\"has-inline-color has-black-color\">procede<\/mark><\/strong> cuando hayan sido despedidos injustificadamente.<\/p>\n\n\n\n<p>.<\/p>\n\n\n\n<p class=\"has-text-align-justify\">La <strong><mark style=\"background-color:rgba(0, 0, 0, 0);color:#061987\" class=\"has-inline-color\">Suprema Corte de Justicia <\/mark><\/strong>ante lo anterior <strong><mark style=\"background-color:rgba(0, 0, 0, 0);color:#6f0303\" class=\"has-inline-color\">DETERMIN\u00d3<\/mark> <\/strong>que los <strong><mark style=\"background-color:#ccdae6\" class=\"has-inline-color\">Trabajadores de CONFIANZA<\/mark><\/strong> de las <span style=\"text-decoration: underline;\"><strong><mark style=\"background-color:#cf2e2e\" class=\"has-inline-color\">sociedades nacionales de cr\u00e9dito<\/mark><\/strong><\/span> <strong><mark style=\"background-color:rgba(0, 0, 0, 0);color:#880707\" class=\"has-inline-color\">NO tiene Derecho al Pago de Salarios Ca\u00eddos<\/mark><\/strong>, <span style=\"text-decoration: underline;\">a<\/span><mark style=\"background-color:#f3d990\" class=\"has-inline-color\"><span style=\"text-decoration: underline;\">un cuando hubieran sido <strong>despedidos Injustificadamente,<\/strong> esto es por causas distintas a las previstas en el art. 20 de la Ley Reglamentaria de la Fracc. XIII Bis \u00a0Apartado B, del Art\u00edculo 123 de la Constituci\u00f3n<\/span>.<\/mark><\/p>\n\n\n\n<p>.<\/p>\n\n\n\n<p class=\"has-text-align-justify\">La justificaci\u00f3n de la <strong><mark style=\"background-color:rgba(0, 0, 0, 0);color:#1b07e3\" class=\"has-inline-color\">SCJN<\/mark><\/strong> es que el <span style=\"text-decoration: underline;\">art\u00edculo 123 constitucional<\/span> <mark style=\"background-color:rgba(0, 0, 0, 0);color:#7e015b\" class=\"has-inline-color\"><strong>no prev\u00e9 el pago de salarios vencidos<\/strong> cuando se <strong>reclama el despido o la separaci\u00f3n injustificada del cargo<\/strong><\/mark>, <mark style=\"background-color:#a3f14a\" class=\"has-inline-color\"><strong>S\u00d3LO<\/strong> establece el <strong>derecho<\/strong> de los afectados para optar entre la <strong>reinstalaci\u00f3n o el pago de una indemnizaci\u00f3n<\/strong><\/mark>. <\/p>\n\n\n\n<p class=\"has-text-align-justify\">Por tanto, de estar contemplados en la <strong>norma <mark style=\"background-color:rgba(0, 0, 0, 0)\" class=\"has-inline-color has-vivid-red-color\">secundaria<\/mark><\/strong>, los salarios vencidos tienen rango legal, como lo determin\u00f3 el Tribunal Pleno este alto Tribunal en la acci\u00f3n de inconstitucionalidad 32\/2013. <\/p>\n\n\n\n<p class=\"has-text-align-justify\">De acuerdo con la ley reglamentaria mencionada, los <mark style=\"background-color:#f4d785\" class=\"has-inline-color\"><strong>trabajadores de confianza<\/strong> \u00daNICAMENTE tienen <strong>derecho<\/strong> a las medidas de <strong>protecci\u00f3n al salario<\/strong> y a los beneficios de la <strong>seguridad social<\/strong>.<\/mark><\/p>\n\n\n\n<p class=\"has-text-align-justify\">Tambi\u00e9n se contempla que, en el \u00e1mbito internacional, el art\u00edculo 7, inciso d), del Protocolo Adicional a la Convenci\u00f3n Americana Sobre Derechos Humanos en Materia de Derechos Econ\u00f3micos, Sociales y Culturales <mark style=\"background-color:#f8b4c5\" class=\"has-inline-color\">(Protocolo de San Salvador), establece la posibilidad pero <strong>\u2013no la obligaci\u00f3n\u2013<\/strong> de que los <strong>Estados otorguen prestaciones adicionales a la reinstalaci\u00f3n<\/strong><\/mark> <span style=\"text-decoration: underline;\">para hacer efectivo el contrato laboral o la indemnizaci\u00f3n compensatoria del da\u00f1o provocado a la persona trabajadora por el incumplimiento de las obligaciones pactadas<\/span>. Pero como los <strong><mark style=\"background-color:#d1adf3\" class=\"has-inline-color\">salarios vencidos no configuran una prerrogativa otorgada constitucionalmente a favor de los trabajadores<\/mark><\/strong> ni un derecho de rango legal, los <strong>trabajadores de confianza<\/strong> de las sociedades nacionales de cr\u00e9dito que sean removidos de su empleo por cualquier causa, <strong><mark style=\"background-color:#8ed7ee\" class=\"has-inline-color\">no tienen derecho a ese pago<\/mark><\/strong>, aun cuando hubieran sido separados de manera injustificada.<\/p>\n\n\n\n<p class=\"has-text-align-justify\">Adem\u00e1s, en este tema <strong><mark style=\"background-color:rgba(0, 0, 0, 0);color:#aa0707\" class=\"has-inline-color\">no puede aplicarse supletoriamente la Ley Federal del Trabajo<\/mark><\/strong>, <span style=\"text-decoration: underline;\">pues se est\u00e1 ante un trato diferenciado entre trabajadores de confianza y de base, que tiene rango constitucional,<\/span> por lo que no puede considerarse como una cuesti\u00f3n soslayada o imprevista por el legislador que pueda ser materia de suplencia.<\/p>\n\n\n\n<p>.<\/p>\n\n\n\n<p>Esta <strong><mark style=\"background-color:#acc6eb\" class=\"has-inline-color\">RESOLUCI\u00d3N<\/mark> <\/strong>es de <strong>aplicaci\u00f3n <mark style=\"background-color:rgba(0, 0, 0, 0);color:#8c0707\" class=\"has-inline-color\">OBLIGATORIA<\/mark> <\/strong>en todo el pa\u00eds a partir de esta semana.<\/p>\n\n\n\n<p><strong><mark style=\"background-color:rgba(0, 0, 0, 0);color:#41057a\" class=\"has-inline-color\">Jurisprudencia Laboral<\/mark><\/strong><\/p>\n\n\n\n<p>.<\/p>\n\n\n\n<p>.<\/p>\n\n\n\n<p>Si estas en el <strong><mark><mark style=\"background-color:#ffffff\" class=\"has-inline-color has-vivid-red-color\">Extranjero<\/mark><mark style=\"background-color:#ffffff\" class=\"has-inline-color\"> <\/mark><\/mark><\/strong>nosotros somos tu<mark style=\"background-color:rgba(0, 0, 0, 0)\" class=\"has-inline-color has-vivid-green-cyan-color\"> <strong>mejor<\/strong><\/mark><mark style=\"background-color:#ffffff\" class=\"has-inline-color\"> alternativa para <\/mark><strong><mark style=\"background-color:#ffffff\" class=\"has-inline-color has-luminous-vivid-orange-color\">velar<\/mark><\/strong><mark style=\"background-color:#ffffff\" class=\"has-inline-color\"> por tus <\/mark><strong><mark style=\"background-color:#ffffff;color:#0c74b0\" class=\"has-inline-color\">intereses<\/mark><\/strong>, escr\u00edbenos o ll\u00e1manos al Tel <strong>55581-11311<\/strong>.<\/p>\n\n\n\n<p class=\"wp-embed-aspect-16-9 wp-has-aspect-ratio\" id=\"block-0be85f9b-a54a-48a5-8974-f500a542213b\">Cuando<strong> necesites<\/strong> ayuda, <strong>asistencia<\/strong> o <strong>planeaci\u00f3n<\/strong> legal, <strong>solicita<\/strong> <strong>Cita Privada<\/strong> <a href=\"mailto:bi@sm99.mx\" target=\"_blank\" rel=\"noreferrer noopener\"><strong>Aqu\u00ed<\/strong><\/a><\/p>\n\n\n\n<p class=\"wp-embed-aspect-16-9 wp-has-aspect-ratio\" id=\"block-53241420-9292-48b8-993b-967038d0604a\">La informaci\u00f3n que AQU\u00cd te presentamos <strong>deriva<\/strong> de los <strong>Peri\u00f3dicos Oficiales <\/strong>de la<strong> CdMx<\/strong>, <strong>Estado<\/strong> de Mex., Diario <strong>Oficial<\/strong> de la Federaci\u00f3n, Suprema Corte de<strong> Justicia<\/strong> de la Naci\u00f3n, por lo tanto es de <strong>aplicaci\u00f3n OBLIGATORIA<\/strong>.<\/p>\n\n\n\n<p class=\"wp-embed-aspect-16-9 wp-has-aspect-ratio\" id=\"block-3ea95020-128c-4e7d-9308-d73669c4f2be\">La <strong>informaci\u00f3n<\/strong> de hoy procede de la Suprema Corte de Justicia<\/p>\n\n\n\n<p>.<\/p>\n\n\n\n<p class=\"wp-embed-aspect-16-9 wp-has-aspect-ratio\" id=\"block-3ea95020-128c-4e7d-9308-d73669c4f2be\"><strong><mark style=\"background-color:rgba(0, 0, 0, 0);color:#d9610b\" class=\"has-inline-color\">AYUDANOS<\/mark> <\/strong>para que m\u00e1s personas conozcan esta informaci\u00f3n, comp\u00e1rtela en tus redes sociales.<\/p>\n","protected":false},"excerpt":{"rendered":"<p>Views: 8 . El ANTECEDENTE Surge luego de que Tribunales Colegiados de Circuito, llegaron a criterios diferentes al analizar si procede, el pago de salarios ca\u00eddos a los trabajadores de confianza de las sociedades nacionales de cr\u00e9dito, desde la fecha de su despido hasta el cumplimiento de su sentencia. Uno estableci\u00f3 que es improcedente el [&hellip;]<\/p>\n","protected":false},"author":3,"featured_media":27969,"comment_status":"closed","ping_status":"open","sticky":false,"template":"","format":"standard","meta":{"_jetpack_memberships_contains_paid_content":false,"footnotes":""},"categories":[4],"tags":[],"jetpack_sharing_enabled":true,"jetpack_featured_media_url":"http:\/\/www.salgadonoticias.com\/wp-content\/uploads\/2024\/05\/salario-ofe.jpg","_links":{"self":[{"href":"http:\/\/www.salgadonoticias.com\/index.php?rest_route=\/wp\/v2\/posts\/27965"}],"collection":[{"href":"http:\/\/www.salgadonoticias.com\/index.php?rest_route=\/wp\/v2\/posts"}],"about":[{"href":"http:\/\/www.salgadonoticias.com\/index.php?rest_route=\/wp\/v2\/types\/post"}],"author":[{"embeddable":true,"href":"http:\/\/www.salgadonoticias.com\/index.php?rest_route=\/wp\/v2\/users\/3"}],"replies":[{"embeddable":true,"href":"http:\/\/www.salgadonoticias.com\/index.php?rest_route=%2Fwp%2Fv2%2Fcomments&post=27965"}],"version-history":[{"count":3,"href":"http:\/\/www.salgadonoticias.com\/index.php?rest_route=\/wp\/v2\/posts\/27965\/revisions"}],"predecessor-version":[{"id":27993,"href":"http:\/\/www.salgadonoticias.com\/index.php?rest_route=\/wp\/v2\/posts\/27965\/revisions\/27993"}],"wp:featuredmedia":[{"embeddable":true,"href":"http:\/\/www.salgadonoticias.com\/index.php?rest_route=\/wp\/v2\/media\/27969"}],"wp:attachment":[{"href":"http:\/\/www.salgadonoticias.com\/index.php?rest_route=%2Fwp%2Fv2%2Fmedia&parent=27965"}],"wp:term":[{"taxonomy":"category","embeddable":true,"href":"http:\/\/www.salgadonoticias.com\/index.php?rest_route=%2Fwp%2Fv2%2Fcategories&post=27965"},{"taxonomy":"post_tag","embeddable":true,"href":"http:\/\/www.salgadonoticias.com\/index.php?rest_route=%2Fwp%2Fv2%2Ftags&post=27965"}],"curies":[{"name":"wp","href":"https:\/\/api.w.org\/{rel}","templated":true}]}}