{"id":28022,"date":"2024-05-23T00:50:00","date_gmt":"2024-05-23T05:50:00","guid":{"rendered":"https:\/\/www.salgadonoticias.com\/?p=28022"},"modified":"2024-05-23T15:23:29","modified_gmt":"2024-05-23T20:23:29","slug":"28022","status":"publish","type":"post","link":"http:\/\/www.salgadonoticias.com\/?p=28022","title":{"rendered":"Visitadores DEBEN Identificarse S\u00d3LO al Iniciar la Visita domiciliaria&#8230;!!!"},"content":{"rendered":"<p>Views: 12<\/p>\n<p>.<\/p>\n\n\n\n<p>El ANTECEDENTE:<\/p>\n\n\n\n<p>Surge despu\u00e9s de que Tribunales Colegiados de Circuito llegaron a criterios contradictorios al analizar si los visitadores tienen la OBLIGACI\u00d3N de identificarse previamente al ingresar al inmueble en el que pretende practicarse la visita domiciliaria. Uno consider\u00f3 que la norma <strong>no exige que se identifiquen<\/strong> ante cualquier persona ni de forma previa a ingresar al domicilio, el otro <strong>estim\u00f3 que el art\u00edculo 16 constitucional los obliga a identificarse antes de entrar al inmueble<\/strong>, para acreditar que pueden entrar y, de ese modo, salvaguardar la inviolabilidad del domicilio.<\/p>\n\n\n\n<p>.<\/p>\n\n\n\n<p>La <mark style=\"background-color:rgba(0, 0, 0, 0);color:#1b047d\" class=\"has-inline-color\"><strong>Suprema Corte de Justicia <\/strong>a<\/mark> trav\u00e9s del su pleno regional en materias administrativa y Civil, <strong><mark style=\"background-color:rgba(0, 0, 0, 0);color:#750404\" class=\"has-inline-color\">DETERMIN\u00d3<\/mark> <\/strong>que los <mark style=\"background-color:#fcb900\" class=\"has-inline-color\"><strong>Visitadores DEBEN Identificarse, SOLAMENTE <\/strong>al <strong>Inicio de la Visita Domiciliaria<\/strong><\/mark><strong> <mark style=\"background-color:rgba(0, 0, 0, 0);color:#011c2c\" class=\"has-inline-color\">ANTE<\/mark><\/strong> el <em><strong><mark style=\"background-color:#b1e4d0\" class=\"has-inline-color\">contribuyente, su representante o el tercero con quien se entienda<\/mark><\/strong><\/em> (Art. 44 fracc III del C.F), pero <strong><mark style=\"background-color:rgba(0, 0, 0, 0);color:#c85707\" class=\"has-inline-color\">no tiene la obligaci\u00f3n de identificarse previamente<\/mark><\/strong>, al ingresar al inmueble en el que se encuentra el domicilio fiscal del contribuyente buscado.<\/p>\n\n\n\n<p>.<\/p>\n\n\n\n<p>La justificaci\u00f3n de la <mark style=\"background-color:rgba(0, 0, 0, 0);color:#0f056d\" class=\"has-inline-color\"><strong>SCJN<\/strong> <\/mark>es que, para garantizar el derecho a la inviolabilidad del domicilio reconocido por el art\u00edculo 16 constitucional, <mark style=\"background-color:#b6d1e7\" class=\"has-inline-color\"><strong>los visitadores deben cumplir con las formalidades establecidas en la legislaci\u00f3n tributaria<\/strong>.<\/mark> La fracci\u00f3n III, del art\u00edculo 44 mencionado dispone que, <strong>a<\/strong><mark style=\"background-color:#afceea\" class=\"has-inline-color\"><strong>l INICIO de la visita deben identificarse con quien se entienda la diligencia<\/strong>, <strong>siendo \u00e9sta la \u00fanica identificaci\u00f3n que se establece a su cargo<\/strong>.<\/mark><\/p>\n\n\n\n<p>La Segunda Sala del Alto Tribunal, al resolver la contradicci\u00f3n de tesis 167\/2017, determin\u00f3 que esa <strong><mark style=\"background-color:rgba(0, 0, 0, 0)\" class=\"has-inline-color has-vivid-red-color\">identificaci\u00f3n solamente debe realizarse ante el contribuyente, su representante o el tercero<\/mark><\/strong> con quien se entienda la visita domiciliaria, y no con cualquier persona que pueda atender a los visitadores hasta que \u00e9stos localicen a los directamente interesados y puedan iniciar la visita. Por tanto, en <mark style=\"background-color:#bdf096\" class=\"has-inline-color\"><strong>las visitas domiciliarias no debe cumplirse alguna identificaci\u00f3n adicional a la prevista en el referido art\u00edculo 44, fracci\u00f3n III<\/strong>.<\/mark><\/p>\n\n\n\n<p>Sin que lo anterior constituya una autorizaci\u00f3n para los visitadores para actuar con arbitrariedad en el ejercicio de sus funciones, pues en todo caso, el personal actuante deber\u00e1 desarrollar su funci\u00f3n conforme se lo encomienden las normas constitucionales, legales y reglamentarias a las que se encuentre sujeto.<\/p>\n\n\n\n<p>.<\/p>\n\n\n\n<p>.<\/p>\n\n\n\n<p>Esta <strong><mark style=\"background-color:#e79caf\" class=\"has-inline-color\">RESOLUCI\u00d3N<\/mark> <\/strong>es de <strong>aplicaci\u00f3n <mark style=\"background-color:rgba(0, 0, 0, 0);color:#960606\" class=\"has-inline-color\">OBLIGATORIA<\/mark><\/strong> en todo el pa\u00eds a partir de esta semana.<\/p>\n\n\n\n<p class=\"has-small-font-size\"><mark style=\"background-color:rgba(0, 0, 0, 0);color:#84013f\" class=\"has-inline-color\"><strong>Jurisprudencia Administrativa<\/strong>.<\/mark><\/p>\n\n\n\n<p>.<\/p>\n\n\n\n<p>Si estas en el <strong><mark><mark style=\"background-color:#ffffff\" class=\"has-inline-color has-vivid-red-color\">Extranjero<\/mark><mark style=\"background-color:#ffffff\" class=\"has-inline-color\"> <\/mark><\/mark><\/strong>nosotros somos tu<mark style=\"background-color:rgba(0, 0, 0, 0)\" class=\"has-inline-color has-vivid-green-cyan-color\"> <strong>mejor<\/strong><\/mark><mark style=\"background-color:#ffffff\" class=\"has-inline-color\"> alternativa para <\/mark><strong><mark style=\"background-color:#ffffff\" class=\"has-inline-color has-luminous-vivid-orange-color\">velar<\/mark><\/strong><mark style=\"background-color:#ffffff\" class=\"has-inline-color\"> por tus <\/mark><strong><mark style=\"background-color:#ffffff;color:#0c74b0\" class=\"has-inline-color\">intereses<\/mark><\/strong>, escr\u00edbenos o ll\u00e1manos al Tel <strong>55581-11311<\/strong>.<\/p>\n\n\n\n<p class=\"wp-embed-aspect-16-9 wp-has-aspect-ratio\" id=\"block-0be85f9b-a54a-48a5-8974-f500a542213b\">Cuando<strong> necesites<\/strong> ayuda, <strong>asistencia<\/strong> o <strong>planeaci\u00f3n<\/strong> legal, <strong>solicita<\/strong> <strong>Cita Privada<\/strong> <a href=\"mailto:bi@sm99.mx\" target=\"_blank\" rel=\"noreferrer noopener\"><strong>Aqu\u00ed<\/strong><\/a><\/p>\n\n\n\n<p class=\"wp-embed-aspect-16-9 wp-has-aspect-ratio\" id=\"block-53241420-9292-48b8-993b-967038d0604a\">La informaci\u00f3n que AQU\u00cd te presentamos <strong>deriva<\/strong> de los <strong>Peri\u00f3dicos Oficiales <\/strong>de la<strong> CdMx<\/strong>, <strong>Estado<\/strong> de Mex., Diario <strong>Oficial<\/strong> de la Federaci\u00f3n, Suprema Corte de<strong> Justicia<\/strong> de la Naci\u00f3n, por lo tanto es de <strong>aplicaci\u00f3n OBLIGATORIA<\/strong>.<\/p>\n\n\n\n<p class=\"wp-embed-aspect-16-9 wp-has-aspect-ratio\" id=\"block-3ea95020-128c-4e7d-9308-d73669c4f2be\">La <strong>informaci\u00f3n<\/strong> de hoy procede de la Suprema Corte de Justicia<\/p>\n\n\n\n<p>.<\/p>\n\n\n\n<p class=\"wp-embed-aspect-16-9 wp-has-aspect-ratio\" id=\"block-3ea95020-128c-4e7d-9308-d73669c4f2be\"><strong><mark style=\"background-color:rgba(0, 0, 0, 0);color:#d9610b\" class=\"has-inline-color\">AYUDANOS<\/mark> <\/strong>para que m\u00e1s personas conozcan esta informaci\u00f3n, comp\u00e1rtela en tus redes sociales.<\/p>\n","protected":false},"excerpt":{"rendered":"<p>Views: 12 . El ANTECEDENTE: Surge despu\u00e9s de que Tribunales Colegiados de Circuito llegaron a criterios contradictorios al analizar si los visitadores tienen la OBLIGACI\u00d3N de identificarse previamente al ingresar al inmueble en el que pretende practicarse la visita domiciliaria. Uno consider\u00f3 que la norma no exige que se identifiquen ante cualquier persona ni de [&hellip;]<\/p>\n","protected":false},"author":3,"featured_media":28027,"comment_status":"closed","ping_status":"open","sticky":false,"template":"","format":"standard","meta":{"_jetpack_memberships_contains_paid_content":false,"footnotes":""},"categories":[4],"tags":[],"jetpack_sharing_enabled":true,"jetpack_featured_media_url":"http:\/\/www.salgadonoticias.com\/wp-content\/uploads\/2024\/05\/visita.jpg","_links":{"self":[{"href":"http:\/\/www.salgadonoticias.com\/index.php?rest_route=\/wp\/v2\/posts\/28022"}],"collection":[{"href":"http:\/\/www.salgadonoticias.com\/index.php?rest_route=\/wp\/v2\/posts"}],"about":[{"href":"http:\/\/www.salgadonoticias.com\/index.php?rest_route=\/wp\/v2\/types\/post"}],"author":[{"embeddable":true,"href":"http:\/\/www.salgadonoticias.com\/index.php?rest_route=\/wp\/v2\/users\/3"}],"replies":[{"embeddable":true,"href":"http:\/\/www.salgadonoticias.com\/index.php?rest_route=%2Fwp%2Fv2%2Fcomments&post=28022"}],"version-history":[{"count":3,"href":"http:\/\/www.salgadonoticias.com\/index.php?rest_route=\/wp\/v2\/posts\/28022\/revisions"}],"predecessor-version":[{"id":28030,"href":"http:\/\/www.salgadonoticias.com\/index.php?rest_route=\/wp\/v2\/posts\/28022\/revisions\/28030"}],"wp:featuredmedia":[{"embeddable":true,"href":"http:\/\/www.salgadonoticias.com\/index.php?rest_route=\/wp\/v2\/media\/28027"}],"wp:attachment":[{"href":"http:\/\/www.salgadonoticias.com\/index.php?rest_route=%2Fwp%2Fv2%2Fmedia&parent=28022"}],"wp:term":[{"taxonomy":"category","embeddable":true,"href":"http:\/\/www.salgadonoticias.com\/index.php?rest_route=%2Fwp%2Fv2%2Fcategories&post=28022"},{"taxonomy":"post_tag","embeddable":true,"href":"http:\/\/www.salgadonoticias.com\/index.php?rest_route=%2Fwp%2Fv2%2Ftags&post=28022"}],"curies":[{"name":"wp","href":"https:\/\/api.w.org\/{rel}","templated":true}]}}