{"id":28090,"date":"2024-05-29T13:28:00","date_gmt":"2024-05-29T18:28:00","guid":{"rendered":"https:\/\/www.salgadonoticias.com\/?p=28090"},"modified":"2024-05-29T17:32:32","modified_gmt":"2024-05-29T22:32:32","slug":"28090","status":"publish","type":"post","link":"http:\/\/www.salgadonoticias.com\/?p=28090","title":{"rendered":"Nueva NOM para Transporte de Mercanc\u00edas PELIGROSAS&#8230;!!!"},"content":{"rendered":"<p>Views: 6<\/p>\n<p>.<\/p>\n\n\n\n<figure class=\"wp-block-embed is-type-video is-provider-youtube wp-block-embed-youtube wp-embed-aspect-16-9 wp-has-aspect-ratio\"><div class=\"wp-block-embed__wrapper\">\n<iframe loading=\"lazy\" title=\"Nueva NOM para Transporte de Mercanc\u00edas PELIGROSAS...!!!\" width=\"640\" height=\"360\" src=\"https:\/\/www.youtube.com\/embed\/IFdiS5MZ69A?feature=oembed\" frameborder=\"0\" allow=\"accelerometer; autoplay; clipboard-write; encrypted-media; gyroscope; picture-in-picture; web-share\" referrerpolicy=\"strict-origin-when-cross-origin\" allowfullscreen><\/iframe>\n<\/div><\/figure>\n\n\n\n<p>.<\/p>\n\n\n\n<p>Se public\u00f3 la <strong><mark style=\"background-color:#a9ceee\" class=\"has-inline-color\">nueva<\/mark><\/strong> <strong><mark style=\"background-color:rgba(0, 0, 0, 0);color:#8c0505\" class=\"has-inline-color\">\u201cNOM-043-SCT-SEMAR-ARTF-2023\u201d,<\/mark><\/strong> <strong>Documento de transporte de mercanc\u00edas peligrosas<\/strong>; la cuan entrar\u00e1 en <strong><mark style=\"background-color:#8ff34d\" class=\"has-inline-color\">vigor a partir del 23 de noviembre del actual<\/mark><\/strong>, <mark style=\"background-color:rgba(0, 0, 0, 0)\" class=\"has-inline-color has-vivid-red-color\"><strong>cancelando<\/strong><\/mark> as\u00ed a la <span style=\"text-decoration: underline;\">\u201cNOM-043-SCT-2003 &#8211; Documento de embarque de substancias, materiales y residuos peligrosos<\/span>\u201d.<\/p>\n\n\n\n<p>.<\/p>\n\n\n\n<p>En esta norma se <strong>establece<\/strong> la <strong>informaci\u00f3n que debe contener el Documento de Transporte<\/strong>, relativo a la designaci\u00f3n oficial de transporte, identificaci\u00f3n de las <strong>mercanc\u00edas peligrosas, los peligros de estas<\/strong> y las declaraciones que el expedidor <strong>realice para su recorrido<\/strong>; ya sea por <strong>v\u00eda mar\u00edtima, a\u00e9rea o terrestre<\/strong>.<\/p>\n\n\n\n<p>.<\/p>\n\n\n\n<p>Adem\u00e1s, indica la <strong>obligaci\u00f3n<\/strong> de la <strong>Persona f\u00edsica o moral<\/strong> que <em><u>fabrica, carga, despacha, embarca o env\u00eda substancias y\/o materiales y\/o residuos peligrosos<\/u><\/em> a un destinatario (expedidor)  a <strong>proporcionar<\/strong> <strong>al transportista<\/strong> la <strong>informaci\u00f3n relativa a las mercanc\u00edas peligrosas a trasladar<\/strong>.<\/p>\n\n\n\n<p>En esta<span style=\"text-decoration: underline;\"> nueva NOM,<\/span> se incluye la<strong> forma tradicional (informaci\u00f3n en papel) <\/strong>y la<strong> innovaci\u00f3n de presentar la informaci\u00f3n de manera electr\u00f3nica en un formato libre<\/strong>, siempre y cuando se cumplan todas las especificaciones.<\/p>\n\n\n\n<p>Tambi\u00e9n <strong>contiene el instructivo y un ejemplo de como deben ser llenado<\/strong> el documento de transporte de mercanc\u00edas peligrosas.<\/p>\n\n\n\n<p>.<\/p>\n\n\n\n<p>Da click aqu\u00ed ? para ver la NOM completa&#8230;<\/p>\n\n\n\n<p><a href=\"https:\/\/www.dof.gob.mx\/nota_detalle.php?codigo=5728710&amp;fecha=27\/05\/2024#gsc.tab=0\">https:\/\/www.dof.gob.mx\/nota_detalle.php?codigo=5728710&amp;fecha=27\/05\/2024#gsc.tab=0<\/a><\/p>\n\n\n\n<p>.<\/p>\n\n\n\n<p>.<\/p>\n\n\n\n<p>Si estas en el <strong><mark><mark style=\"background-color:#ffffff\" class=\"has-inline-color has-vivid-red-color\">Extranjero<\/mark><mark style=\"background-color:#ffffff\" class=\"has-inline-color\"> <\/mark><\/mark><\/strong>nosotros somos tu<mark style=\"background-color:rgba(0, 0, 0, 0)\" class=\"has-inline-color has-vivid-green-cyan-color\"> <strong>mejor<\/strong><\/mark><mark style=\"background-color:#ffffff\" class=\"has-inline-color\"> alternativa para <\/mark><strong><mark style=\"background-color:#ffffff\" class=\"has-inline-color has-luminous-vivid-orange-color\">velar<\/mark><\/strong><mark style=\"background-color:#ffffff\" class=\"has-inline-color\"> por tus <\/mark><strong><mark style=\"background-color:#ffffff;color:#0c74b0\" class=\"has-inline-color\">intereses<\/mark><\/strong>, escr\u00edbenos o ll\u00e1manos al Tel <strong>55581-11311<\/strong>.<\/p>\n\n\n\n<p class=\"wp-embed-aspect-16-9 wp-has-aspect-ratio\" id=\"block-0be85f9b-a54a-48a5-8974-f500a542213b\">Cuando<strong> necesites<\/strong> ayuda, <strong>asistencia<\/strong> o <strong>planeaci\u00f3n<\/strong> legal, <strong>solicita<\/strong> <strong>Cita Privada<\/strong> <a href=\"mailto:bi@sm99.mx\" target=\"_blank\" rel=\"noreferrer noopener\"><strong>Aqu\u00ed<\/strong><\/a><\/p>\n\n\n\n<p class=\"wp-embed-aspect-16-9 wp-has-aspect-ratio\" id=\"block-53241420-9292-48b8-993b-967038d0604a\">La informaci\u00f3n que AQU\u00cd te presentamos <strong>deriva<\/strong> de los <strong>Peri\u00f3dicos Oficiales <\/strong>de la<strong> CdMx<\/strong>, <strong>Estado<\/strong> de Mex., Diario <strong>Oficial<\/strong> de la Federaci\u00f3n, Suprema Corte de<strong> Justicia<\/strong> de la Naci\u00f3n, por lo tanto es de <strong>aplicaci\u00f3n OBLIGATORIA<\/strong>.<\/p>\n\n\n\n<p class=\"wp-embed-aspect-16-9 wp-has-aspect-ratio\" id=\"block-3ea95020-128c-4e7d-9308-d73669c4f2be\">La <strong>informaci\u00f3n<\/strong> de hoy procede del Diario Oficial<\/p>\n\n\n\n<p>.<\/p>\n\n\n\n<p class=\"wp-embed-aspect-16-9 wp-has-aspect-ratio\" id=\"block-3ea95020-128c-4e7d-9308-d73669c4f2be\"><strong><mark style=\"background-color:rgba(0, 0, 0, 0);color:#d9610b\" class=\"has-inline-color\">AYUDANOS<\/mark> <\/strong>para que m\u00e1s personas conozcan esta informaci\u00f3n, comp\u00e1rtela en tus redes sociales.<\/p>\n","protected":false},"excerpt":{"rendered":"<p>Views: 6 . . Se public\u00f3 la nueva \u201cNOM-043-SCT-SEMAR-ARTF-2023\u201d, Documento de transporte de mercanc\u00edas peligrosas; la cuan entrar\u00e1 en vigor a partir del 23 de noviembre del actual, cancelando as\u00ed a la \u201cNOM-043-SCT-2003 &#8211; Documento de embarque de substancias, materiales y residuos peligrosos\u201d. . En esta norma se establece la informaci\u00f3n que debe contener el [&hellip;]<\/p>\n","protected":false},"author":3,"featured_media":28095,"comment_status":"closed","ping_status":"open","sticky":false,"template":"","format":"standard","meta":{"_jetpack_memberships_contains_paid_content":false,"footnotes":""},"categories":[4],"tags":[],"jetpack_sharing_enabled":true,"jetpack_featured_media_url":"http:\/\/www.salgadonoticias.com\/wp-content\/uploads\/2024\/05\/TRANSPORTE.jpeg","_links":{"self":[{"href":"http:\/\/www.salgadonoticias.com\/index.php?rest_route=\/wp\/v2\/posts\/28090"}],"collection":[{"href":"http:\/\/www.salgadonoticias.com\/index.php?rest_route=\/wp\/v2\/posts"}],"about":[{"href":"http:\/\/www.salgadonoticias.com\/index.php?rest_route=\/wp\/v2\/types\/post"}],"author":[{"embeddable":true,"href":"http:\/\/www.salgadonoticias.com\/index.php?rest_route=\/wp\/v2\/users\/3"}],"replies":[{"embeddable":true,"href":"http:\/\/www.salgadonoticias.com\/index.php?rest_route=%2Fwp%2Fv2%2Fcomments&post=28090"}],"version-history":[{"count":8,"href":"http:\/\/www.salgadonoticias.com\/index.php?rest_route=\/wp\/v2\/posts\/28090\/revisions"}],"predecessor-version":[{"id":28134,"href":"http:\/\/www.salgadonoticias.com\/index.php?rest_route=\/wp\/v2\/posts\/28090\/revisions\/28134"}],"wp:featuredmedia":[{"embeddable":true,"href":"http:\/\/www.salgadonoticias.com\/index.php?rest_route=\/wp\/v2\/media\/28095"}],"wp:attachment":[{"href":"http:\/\/www.salgadonoticias.com\/index.php?rest_route=%2Fwp%2Fv2%2Fmedia&parent=28090"}],"wp:term":[{"taxonomy":"category","embeddable":true,"href":"http:\/\/www.salgadonoticias.com\/index.php?rest_route=%2Fwp%2Fv2%2Fcategories&post=28090"},{"taxonomy":"post_tag","embeddable":true,"href":"http:\/\/www.salgadonoticias.com\/index.php?rest_route=%2Fwp%2Fv2%2Ftags&post=28090"}],"curies":[{"name":"wp","href":"https:\/\/api.w.org\/{rel}","templated":true}]}}