{"id":28124,"date":"2024-05-31T11:05:16","date_gmt":"2024-05-31T16:05:16","guid":{"rendered":"https:\/\/www.salgadonoticias.com\/?p=28124"},"modified":"2024-05-31T17:53:21","modified_gmt":"2024-05-31T22:53:21","slug":"28124","status":"publish","type":"post","link":"http:\/\/www.salgadonoticias.com\/?p=28124","title":{"rendered":"Jueces Deben dar RAZONES que evidencien su Impedimento por p\u00e9rdida de Imparcialidad\u2026!!!"},"content":{"rendered":"<p>Views: 24<\/p>\n<p>.<\/p>\n\n\n\n<figure class=\"wp-block-embed is-type-video is-provider-youtube wp-block-embed-youtube wp-embed-aspect-16-9 wp-has-aspect-ratio\"><div class=\"wp-block-embed__wrapper\">\n<iframe loading=\"lazy\" title=\"Jueces Deben dar RAZONES que evidencien su Impedimento por p\u00e9rdida de Imparcialidad\" width=\"640\" height=\"360\" src=\"https:\/\/www.youtube.com\/embed\/i9ng_GGtgck?feature=oembed\" frameborder=\"0\" allow=\"accelerometer; autoplay; clipboard-write; encrypted-media; gyroscope; picture-in-picture; web-share\" referrerpolicy=\"strict-origin-when-cross-origin\" allowfullscreen><\/iframe>\n<\/div><\/figure>\n\n\n\n<p>.<\/p>\n\n\n\n<p><\/p>\n\n\n\n<p>Este <strong><mark style=\"background-color:rgba(0, 0, 0, 0);color:#b74f05\" class=\"has-inline-color\">ANTECEDENTE<\/mark><\/strong>:<\/p>\n\n\n\n<p class=\"has-text-align-justify\"><strong>Surge<\/strong> luego de que <strong>Tribunales <mark style=\"background-color:rgba(0, 0, 0, 0)\" class=\"has-inline-color has-vivid-red-color\">Contendientes<\/mark><\/strong> llegaron a <strong>criterios <mark style=\"background-color:rgba(0, 0, 0, 0)\" class=\"has-inline-color has-vivid-red-color\">contradictorios<\/mark><\/strong> al analizar si para que se <strong>actualice la <mark style=\"background-color:#ff6900\" class=\"has-inline-color\">causa de impedimento<\/mark><\/strong> prevista en el art\u00edculo 51 fracc. VIII de la Ley de Amparo, basta la <strong>manifestaci\u00f3n del JUEZ<\/strong> en el sentido de que determinada situaci\u00f3n conlleva un <strong>riesgo<\/strong> de <strong>p\u00e9rdida de su imparcialidad<\/strong>, <strong><mark style=\"background-color:rgba(0, 0, 0, 0)\" class=\"has-inline-color has-vivid-red-color\">o si es necesario<\/mark><\/strong> que <strong>aporte mayores argumento<\/strong>s tendentes a precisar o esclarecer esta situaci\u00f3n.<\/p>\n\n\n\n<p>.<\/p>\n\n\n\n<p class=\"has-text-align-justify\">La <strong><mark style=\"background-color:rgba(0, 0, 0, 0);color:#04097e\" class=\"has-inline-color\">Suprema Corte de Justicia<\/mark> <\/strong>ante lo anterior <strong><mark style=\"background-color:rgba(0, 0, 0, 0);color:#7c0404\" class=\"has-inline-color\">DETERMIN\u00d3<\/mark> <\/strong>que es <mark style=\"background-color:#48d29b\" class=\"has-inline-color\"><strong>NECESARIO <\/strong>que los <strong>JUECES precisen<\/strong> la relaci\u00f3n <strong>causal existente<\/strong> entre el elemento o los hechos objetivos que <strong>invoca<\/strong> y el <strong>riesgo de p\u00e9rdida de imparcialidad<\/strong>,<\/mark> ya que <mark style=\"background-color:rgba(0, 0, 0, 0);color:#cc0707\" class=\"has-inline-color\"><strong>NO BASTA <\/strong>solo su <strong>manifestaci\u00f3n de impedimento<\/strong><\/mark>.<\/p>\n\n\n\n<p><strong>.<\/strong><\/p>\n\n\n\n<p class=\"has-text-align-justify\">La justificaci\u00f3n de la <strong><mark style=\"background-color:rgba(0, 0, 0, 0);color:#160474\" class=\"has-inline-color\">SCJN <\/mark><\/strong>es que en la <strong>jurisprudencia<\/strong> 2a.\/J. 100\/2018 (10a.), la Segunda Sala, sostuvo que las <mark style=\"background-color:#eaafbe\" class=\"has-inline-color\"><strong>personas juzgadoras<\/strong> <strong>deben conducirse &#8220;por la templanza, as\u00ed como por la moderaci\u00f3n de las pasiones y los sentimientos&#8221;<\/strong><\/mark><strong> <\/strong>y esto &nbsp;implica que se sobrepondr\u00e1n, por regla general, a las posibles influencias externas e internas que puedan incidir en sus decisiones y, consecuentemente, <strong><mark style=\"background-color:#bdc806\" class=\"has-inline-color\">s\u00f3lo de forma excepcional deber\u00e1n excusarse para conocer de determinado asunto<\/mark><\/strong>, esto cuando se presenten las circunstancias que prev\u00e9 el art. 51 de la Ley de Amparo, en sus <strong><mark style=\"background-color:rgba(0, 0, 0, 0)\" class=\"has-inline-color has-vivid-red-color\">primeras 7 fracciones<\/mark><\/strong>, as\u00ed como otras en las que existan <strong>&#8220;elementos objetivos&#8221;<\/strong>, reales o concretos, que impliquen un <strong><mark style=\"background-color:#ff6900\" class=\"has-inline-color\">riesgo para su imparcialidad<\/mark><\/strong>, de conformidad con la diversa fracci\u00f3n VIII.<\/p>\n\n\n\n<p>.<\/p>\n\n\n\n<p class=\"has-text-align-justify\">Adem\u00e1s, trat\u00e1ndose de los supuestos at\u00edpicos comprendidos en la fracci\u00f3n VIII, <strong><mark style=\"background-color:rgba(0, 0, 0, 0);color:#970d0d\" class=\"has-inline-color\">no basta<\/mark><\/strong>, por regla general, que el <mark style=\"background-color:#a4f058\" class=\"has-inline-color\"><strong>Juez manifieste que determinada circunstancia o hecho afecta su imparcialidad<\/strong>, sino que es <strong>necesario que exponga argumentos suficientes que justifiquen por qu\u00e9 su actuaci\u00f3n podr\u00eda verse comprometida<\/strong><\/mark> para <strong><mark style=\"background-color:rgba(0, 0, 0, 0)\" class=\"has-inline-color has-vivid-red-color\">favorecer o perjudicar<\/mark><\/strong> indebidamente a alguna de <strong><mark style=\"background-color:rgba(0, 0, 0, 0);color:#850303\" class=\"has-inline-color\">las partes<\/mark><\/strong>; r<span style=\"text-decoration: underline;\">iesgo que deber\u00e1 ser valorado y calificado, caso por caso, por el \u00f3rgano al que corresponda su resoluci\u00f3n<\/span>.<\/p>\n\n\n\n<p>.<\/p>\n\n\n\n<p>.<\/p>\n\n\n\n<p>Esta <strong><mark style=\"background-color:#f2d78c\" class=\"has-inline-color\">RESOLUCI\u00d3N<\/mark> <\/strong>es de <strong>aplicaci\u00f3n <mark style=\"background-color:rgba(0, 0, 0, 0);color:#7e0303\" class=\"has-inline-color\">OBLIGATORIA<\/mark> <\/strong>en todo el pa\u00eds a partir de esta semana.<\/p>\n\n\n\n<p class=\"has-small-font-size\"><strong><mark style=\"background-color:rgba(0, 0, 0, 0);color:#906b04\" class=\"has-inline-color\">Jurisprudencia CIVIL.<\/mark><\/strong><\/p>\n\n\n\n<p>.<\/p>\n\n\n\n<p>Si estas en el <strong><mark><mark style=\"background-color:#ffffff\" class=\"has-inline-color has-vivid-red-color\">Extranjero<\/mark><mark style=\"background-color:#ffffff\" class=\"has-inline-color\"> <\/mark><\/mark><\/strong>nosotros somos tu<mark style=\"background-color:rgba(0, 0, 0, 0)\" class=\"has-inline-color has-vivid-green-cyan-color\"> <strong>mejor<\/strong><\/mark><mark style=\"background-color:#ffffff\" class=\"has-inline-color\"> alternativa para <\/mark><strong><mark style=\"background-color:#ffffff\" class=\"has-inline-color has-luminous-vivid-orange-color\">velar<\/mark><\/strong><mark style=\"background-color:#ffffff\" class=\"has-inline-color\"> por tus <\/mark><strong><mark style=\"background-color:#ffffff;color:#0c74b0\" class=\"has-inline-color\">intereses<\/mark><\/strong>, escr\u00edbenos o ll\u00e1manos al Tel <strong>55581-11311<\/strong>.<\/p>\n\n\n\n<p class=\"wp-embed-aspect-16-9 wp-has-aspect-ratio\" id=\"block-0be85f9b-a54a-48a5-8974-f500a542213b\">Cuando<strong> necesites<\/strong> ayuda, <strong>asistencia<\/strong> o <strong>planeaci\u00f3n<\/strong> legal, <strong>solicita<\/strong> <strong>Cita Privada<\/strong> <a href=\"mailto:bi@sm99.mx\" target=\"_blank\" rel=\"noreferrer noopener\"><strong>Aqu\u00ed<\/strong><\/a><\/p>\n\n\n\n<p class=\"wp-embed-aspect-16-9 wp-has-aspect-ratio\" id=\"block-53241420-9292-48b8-993b-967038d0604a\">La informaci\u00f3n que AQU\u00cd te presentamos <strong>deriva<\/strong> de los <strong>Peri\u00f3dicos Oficiales <\/strong>de la<strong> CdMx<\/strong>, <strong>Estado<\/strong> de Mex., Diario <strong>Oficial<\/strong> de la Federaci\u00f3n, Suprema Corte de<strong> Justicia<\/strong> de la Naci\u00f3n, por lo tanto es de <strong>aplicaci\u00f3n OBLIGATORIA<\/strong>.<\/p>\n\n\n\n<p class=\"wp-embed-aspect-16-9 wp-has-aspect-ratio\" id=\"block-3ea95020-128c-4e7d-9308-d73669c4f2be\">La <strong>informaci\u00f3n<\/strong> de hoy procede de<\/p>\n\n\n\n<p>.<\/p>\n\n\n\n<p class=\"wp-embed-aspect-16-9 wp-has-aspect-ratio\" id=\"block-3ea95020-128c-4e7d-9308-d73669c4f2be\"><strong><mark style=\"background-color:rgba(0, 0, 0, 0);color:#d9610b\" class=\"has-inline-color\">AYUDANOS<\/mark> <\/strong>para que m\u00e1s personas conozcan esta informaci\u00f3n, comp\u00e1rtela en tus redes sociales.<\/p>\n","protected":false},"excerpt":{"rendered":"<p>Views: 24 . . Este ANTECEDENTE: Surge luego de que Tribunales Contendientes llegaron a criterios contradictorios al analizar si para que se actualice la causa de impedimento prevista en el art\u00edculo 51 fracc. VIII de la Ley de Amparo, basta la manifestaci\u00f3n del JUEZ en el sentido de que determinada situaci\u00f3n conlleva un riesgo de [&hellip;]<\/p>\n","protected":false},"author":3,"featured_media":28145,"comment_status":"closed","ping_status":"open","sticky":false,"template":"","format":"standard","meta":{"_jetpack_memberships_contains_paid_content":false,"footnotes":""},"categories":[4],"tags":[],"jetpack_sharing_enabled":true,"jetpack_featured_media_url":"http:\/\/www.salgadonoticias.com\/wp-content\/uploads\/2024\/05\/imparcial.jpg","_links":{"self":[{"href":"http:\/\/www.salgadonoticias.com\/index.php?rest_route=\/wp\/v2\/posts\/28124"}],"collection":[{"href":"http:\/\/www.salgadonoticias.com\/index.php?rest_route=\/wp\/v2\/posts"}],"about":[{"href":"http:\/\/www.salgadonoticias.com\/index.php?rest_route=\/wp\/v2\/types\/post"}],"author":[{"embeddable":true,"href":"http:\/\/www.salgadonoticias.com\/index.php?rest_route=\/wp\/v2\/users\/3"}],"replies":[{"embeddable":true,"href":"http:\/\/www.salgadonoticias.com\/index.php?rest_route=%2Fwp%2Fv2%2Fcomments&post=28124"}],"version-history":[{"count":4,"href":"http:\/\/www.salgadonoticias.com\/index.php?rest_route=\/wp\/v2\/posts\/28124\/revisions"}],"predecessor-version":[{"id":28163,"href":"http:\/\/www.salgadonoticias.com\/index.php?rest_route=\/wp\/v2\/posts\/28124\/revisions\/28163"}],"wp:featuredmedia":[{"embeddable":true,"href":"http:\/\/www.salgadonoticias.com\/index.php?rest_route=\/wp\/v2\/media\/28145"}],"wp:attachment":[{"href":"http:\/\/www.salgadonoticias.com\/index.php?rest_route=%2Fwp%2Fv2%2Fmedia&parent=28124"}],"wp:term":[{"taxonomy":"category","embeddable":true,"href":"http:\/\/www.salgadonoticias.com\/index.php?rest_route=%2Fwp%2Fv2%2Fcategories&post=28124"},{"taxonomy":"post_tag","embeddable":true,"href":"http:\/\/www.salgadonoticias.com\/index.php?rest_route=%2Fwp%2Fv2%2Ftags&post=28124"}],"curies":[{"name":"wp","href":"https:\/\/api.w.org\/{rel}","templated":true}]}}