{"id":28129,"date":"2024-05-30T00:40:00","date_gmt":"2024-05-30T05:40:00","guid":{"rendered":"https:\/\/www.salgadonoticias.com\/?p=28129"},"modified":"2024-05-30T12:17:51","modified_gmt":"2024-05-30T17:17:51","slug":"28129","status":"publish","type":"post","link":"http:\/\/www.salgadonoticias.com\/?p=28129","title":{"rendered":"En casos de SECUESTRO debe Aplicarse el C\u00f3digo de Procedimientos LOCAL&#8230;!!!"},"content":{"rendered":"<p>Views: 24<\/p>\n<p>.<\/p>\n\n\n\n<p>C\u00d3DIGO DE PROCEDIMIENTOS PENALES DE SU ENTIDAD<\/p>\n\n\n\n<p>Este <strong><mark style=\"background-color:rgba(0, 0, 0, 0)\" class=\"has-inline-color has-luminous-vivid-orange-color\">ANTECEDENTE<\/mark><\/strong>:<\/p>\n\n\n\n<p><strong>Surge <\/strong>luego de que <strong>Tribunales <mark style=\"background-color:rgba(0, 0, 0, 0)\" class=\"has-inline-color has-vivid-red-color\">Contendientes<\/mark><\/strong> tuvieron <strong>criterios <mark style=\"background-color:rgba(0, 0, 0, 0)\" class=\"has-inline-color has-vivid-red-color\">opuestos<\/mark><\/strong> <strong><mark style=\"background-color:#ff6900\" class=\"has-inline-color\">despu\u00e9s de analizar la Ley Gral. para Prevenir y Sancionar los Delitos de Secuestro<\/mark><\/strong>, reglamentaria de la fracc. XXI del Art. 73 Constitucional, y determinar la <strong>supletoriedad <\/strong>en casos de secuestro, esto bajo el sistema penal procesal mixto. <\/p>\n\n\n\n<p>Y mientras unos sostuvieron que se debe aplicar <strong>c\u00f3digo local<\/strong>, el otro argumento que debe ser el C\u00f3digo <strong>Federal<\/strong> de Procedimientos Penales.<\/p>\n\n\n\n<p>.<\/p>\n\n\n\n<p class=\"has-text-align-justify\">La <strong><mark style=\"background-color:rgba(0, 0, 0, 0);color:#0d027c\" class=\"has-inline-color\">Suprema Corte de Justicia<\/mark> <\/strong>ante lo anterior <strong><mark style=\"background-color:rgba(0, 0, 0, 0);color:#6f0404\" class=\"has-inline-color\">DETERMIN\u00d3<\/mark> <\/strong>que cuando las autoridades judiciales del lugar sean las indicadas para conocer del <strong><mark style=\"background-color:#a4ee0e\" class=\"has-inline-color\">delito de secuestro<\/mark><\/strong>, <mark style=\"background-color:rgba(0, 0, 0, 0);color:#7c0505\" class=\"has-inline-color\"><strong>SIEMPRE<\/strong> <strong>se<\/strong> <strong>deber\u00e1 aplicar<\/strong> el <strong>C\u00f3digo de Procedimientos PENALES de la Localidad<\/strong><\/mark> en todo lo <span style=\"text-decoration: underline;\">concerniente a las cuestiones adjetiva<\/span>s, <mark style=\"background-color:#6dbf9f\" class=\"has-inline-color\"><strong>salvo<\/strong> la <strong><em><u>supletoriedad<\/u><\/em><\/strong><em><u> del c\u00f3digo adjetivo penal federal<\/u><\/em><\/mark><mark style=\"background-color:#ffffff\" class=\"has-inline-color\"> <\/mark>prevista en el art. 2 de la Ley General para Prevenir y Sancionar los Delitos en Materia de Secuestro, relativa a la regulaci\u00f3n insuficiente de las t\u00e9cnicas de investigaci\u00f3n de los delitos regulados en \u00e9sta.<\/p>\n\n\n\n<p>.<\/p>\n\n\n\n<p class=\"has-text-align-justify\">La justificaci\u00f3n de la <strong><mark style=\"background-color:rgba(0, 0, 0, 0);color:#120282\" class=\"has-inline-color\">SCJN <\/mark><\/strong>es que, con anterioridad a la reforma publicada en el Diario Oficial el 17 de junio de 2016, el art\u00edculo 2 de la Ley General para Prevenir y Sancionar los Delitos en Materia de Secuestro <strong><mark style=\"background-color:rgba(0, 0, 0, 0)\" class=\"has-inline-color has-vivid-red-color\">remit\u00eda supletoriamente<\/mark><\/strong>, entre otros, tanto al <strong><mark style=\"background-color:#f3c8d3\" class=\"has-inline-color\">C\u00f3digo FEDERAL de Procedimientos Penales<\/mark><\/strong> como a los c\u00f3digos de procedimientos locales para su aplicaci\u00f3n adjetiva.<\/p>\n\n\n\n<p>Esta <strong><mark style=\"background-color:#f6cb57\" class=\"has-inline-color\">ley<\/mark><\/strong> establec\u00eda un marco normativo que <strong><mark style=\"background-color:#eaba38\" class=\"has-inline-color\">regulaba la competencia federal y estatal<\/mark><\/strong> y al mismo tiempo, competencias compartidas entre ambos niveles de gobierno.<\/p>\n\n\n\n<p class=\"has-text-align-justify\">Sin embargo, cuando la <strong>autoridad conoc\u00eda de un asunto del fuero com\u00fan<\/strong> y deb\u00eda atender cuestiones adjetivas, aplicaba supletoriamente el C\u00f3digo de Procedimientos Penales local, pero si dicho <strong>c\u00f3digo no resultara suficiente<\/strong> para el caso, podr\u00eda <strong>recurrir excepcionalmente al C\u00f3digo Federal de Procedimientos Penales<\/strong>, de conformidad con sus art\u00edculos 2 y 23.<\/p>\n\n\n\n<p class=\"has-text-align-justify\">Ahora bien, si las <strong>autoridades locales tienen competencia para conocer, resolver y ejecutar sanciones en casos de secuestro<\/strong>, esto no significa que deban inaplicar el c\u00f3digo de procedimientos que regula su actuaci\u00f3n, ya que la inclusi\u00f3n de los c\u00f3digos locales como normativa supletoria, evidencia la intenci\u00f3n del legislador de justificar la utilizaci\u00f3n de los c\u00f3digos procesales tomando en consideraci\u00f3n la competencia y jurisdicci\u00f3n del \u00f3rgano que conoce del caso espec\u00edfico.<\/p>\n\n\n\n<p>.<\/p>\n\n\n\n<p>.<\/p>\n\n\n\n<p>Esta <strong><mark style=\"background-color:#8cc3ad\" class=\"has-inline-color\">RESOLUCI\u00d3N<\/mark> <\/strong>es de <strong>aplicaci\u00f3n <mark style=\"background-color:rgba(0, 0, 0, 0);color:#770505\" class=\"has-inline-color\">OBLIGATORIA<\/mark> <\/strong>a partir de esta semana en todo el pa\u00eds.<\/p>\n\n\n\n<p class=\"has-small-font-size\"><strong><mark style=\"background-color:rgba(0, 0, 0, 0);color:#057b1a\" class=\"has-inline-color\">Jurisprudencia PENAL<\/mark><\/strong><\/p>\n\n\n\n<p>.<\/p>\n\n\n\n<p>Si estas en el <strong><mark><mark style=\"background-color:#ffffff\" class=\"has-inline-color has-vivid-red-color\">Extranjero<\/mark><mark style=\"background-color:#ffffff\" class=\"has-inline-color\"> <\/mark><\/mark><\/strong>nosotros somos tu<mark style=\"background-color:rgba(0, 0, 0, 0)\" class=\"has-inline-color has-vivid-green-cyan-color\"> <strong>mejor<\/strong><\/mark><mark style=\"background-color:#ffffff\" class=\"has-inline-color\"> alternativa para <\/mark><strong><mark style=\"background-color:#ffffff\" class=\"has-inline-color has-luminous-vivid-orange-color\">velar<\/mark><\/strong><mark style=\"background-color:#ffffff\" class=\"has-inline-color\"> por tus <\/mark><strong><mark style=\"background-color:#ffffff;color:#0c74b0\" class=\"has-inline-color\">intereses<\/mark><\/strong>, escr\u00edbenos o ll\u00e1manos al Tel <strong>55581-11311<\/strong>.<\/p>\n\n\n\n<p class=\"wp-embed-aspect-16-9 wp-has-aspect-ratio\" id=\"block-0be85f9b-a54a-48a5-8974-f500a542213b\">Cuando<strong> necesites<\/strong> ayuda, <strong>asistencia<\/strong> o <strong>planeaci\u00f3n<\/strong> legal, <strong>solicita<\/strong> <strong>Cita Privada<\/strong> <a href=\"mailto:bi@sm99.mx\" target=\"_blank\" rel=\"noreferrer noopener\"><strong>Aqu\u00ed<\/strong><\/a><\/p>\n\n\n\n<p class=\"wp-embed-aspect-16-9 wp-has-aspect-ratio\" id=\"block-53241420-9292-48b8-993b-967038d0604a\">La informaci\u00f3n que AQU\u00cd te presentamos <strong>deriva<\/strong> de los <strong>Peri\u00f3dicos Oficiales <\/strong>de la<strong> CdMx<\/strong>, <strong>Estado<\/strong> de Mex., Diario <strong>Oficial<\/strong> de la Federaci\u00f3n, Suprema Corte de<strong> Justicia<\/strong> de la Naci\u00f3n, por lo tanto es de <strong>aplicaci\u00f3n OBLIGATORIA<\/strong>.<\/p>\n\n\n\n<p class=\"wp-embed-aspect-16-9 wp-has-aspect-ratio\" id=\"block-3ea95020-128c-4e7d-9308-d73669c4f2be\">La <strong>informaci\u00f3n<\/strong> de hoy procede de la Suprema Corte de Justicia<\/p>\n\n\n\n<p>.<\/p>\n\n\n\n<p class=\"wp-embed-aspect-16-9 wp-has-aspect-ratio\" id=\"block-3ea95020-128c-4e7d-9308-d73669c4f2be\"><strong><mark style=\"background-color:rgba(0, 0, 0, 0);color:#d9610b\" class=\"has-inline-color\">AYUDANOS<\/mark> <\/strong>para que m\u00e1s personas conozcan esta informaci\u00f3n, comp\u00e1rtela en tus redes sociales.<\/p>\n","protected":false},"excerpt":{"rendered":"<p>Views: 24 . C\u00d3DIGO DE PROCEDIMIENTOS PENALES DE SU ENTIDAD Este ANTECEDENTE: Surge luego de que Tribunales Contendientes tuvieron criterios opuestos despu\u00e9s de analizar la Ley Gral. para Prevenir y Sancionar los Delitos de Secuestro, reglamentaria de la fracc. XXI del Art. 73 Constitucional, y determinar la supletoriedad en casos de secuestro, esto bajo el [&hellip;]<\/p>\n","protected":false},"author":3,"featured_media":28135,"comment_status":"closed","ping_status":"open","sticky":false,"template":"","format":"standard","meta":{"_jetpack_memberships_contains_paid_content":false,"footnotes":""},"categories":[4],"tags":[],"jetpack_sharing_enabled":true,"jetpack_featured_media_url":"http:\/\/www.salgadonoticias.com\/wp-content\/uploads\/2024\/05\/SECUESTRO.jpg","_links":{"self":[{"href":"http:\/\/www.salgadonoticias.com\/index.php?rest_route=\/wp\/v2\/posts\/28129"}],"collection":[{"href":"http:\/\/www.salgadonoticias.com\/index.php?rest_route=\/wp\/v2\/posts"}],"about":[{"href":"http:\/\/www.salgadonoticias.com\/index.php?rest_route=\/wp\/v2\/types\/post"}],"author":[{"embeddable":true,"href":"http:\/\/www.salgadonoticias.com\/index.php?rest_route=\/wp\/v2\/users\/3"}],"replies":[{"embeddable":true,"href":"http:\/\/www.salgadonoticias.com\/index.php?rest_route=%2Fwp%2Fv2%2Fcomments&post=28129"}],"version-history":[{"count":6,"href":"http:\/\/www.salgadonoticias.com\/index.php?rest_route=\/wp\/v2\/posts\/28129\/revisions"}],"predecessor-version":[{"id":28143,"href":"http:\/\/www.salgadonoticias.com\/index.php?rest_route=\/wp\/v2\/posts\/28129\/revisions\/28143"}],"wp:featuredmedia":[{"embeddable":true,"href":"http:\/\/www.salgadonoticias.com\/index.php?rest_route=\/wp\/v2\/media\/28135"}],"wp:attachment":[{"href":"http:\/\/www.salgadonoticias.com\/index.php?rest_route=%2Fwp%2Fv2%2Fmedia&parent=28129"}],"wp:term":[{"taxonomy":"category","embeddable":true,"href":"http:\/\/www.salgadonoticias.com\/index.php?rest_route=%2Fwp%2Fv2%2Fcategories&post=28129"},{"taxonomy":"post_tag","embeddable":true,"href":"http:\/\/www.salgadonoticias.com\/index.php?rest_route=%2Fwp%2Fv2%2Ftags&post=28129"}],"curies":[{"name":"wp","href":"https:\/\/api.w.org\/{rel}","templated":true}]}}