{"id":28177,"date":"2024-06-04T00:40:00","date_gmt":"2024-06-04T05:40:00","guid":{"rendered":"https:\/\/www.salgadonoticias.com\/?p=28177"},"modified":"2024-06-04T17:47:22","modified_gmt":"2024-06-04T22:47:22","slug":"28177","status":"publish","type":"post","link":"http:\/\/www.salgadonoticias.com\/?p=28177","title":{"rendered":"En Delincuencia ORGANIZADA&#8230;NO Procede Libertad ANTICIPADA&#8230;!!!"},"content":{"rendered":"<p>Views: 7<\/p>\n<p>.<\/p>\n\n\n\n<figure class=\"wp-block-embed is-type-video is-provider-youtube wp-block-embed-youtube wp-embed-aspect-16-9 wp-has-aspect-ratio\"><div class=\"wp-block-embed__wrapper\">\n<iframe loading=\"lazy\" title=\"En Delincuencia ORGANIZADA...No Procede Libertad ANTICIPADA...!!!\" width=\"640\" height=\"360\" src=\"https:\/\/www.youtube.com\/embed\/B4i-UN7Mkpk?feature=oembed\" frameborder=\"0\" allow=\"accelerometer; autoplay; clipboard-write; encrypted-media; gyroscope; picture-in-picture; web-share\" referrerpolicy=\"strict-origin-when-cross-origin\" allowfullscreen><\/iframe>\n<\/div><\/figure>\n\n\n\n<p>.<\/p>\n\n\n\n<p>Este <strong><mark style=\"background-color:rgba(0, 0, 0, 0)\" class=\"has-inline-color has-vivid-red-color\">ANTECEDENTE<\/mark><\/strong>:<\/p>\n\n\n\n<p><strong><mark style=\"background-color:rgba(0, 0, 0, 0);color:#41037c\" class=\"has-inline-color\">Surge<\/mark> <\/strong>luego de que a un <span style=\"text-decoration: underline;\">sentenciado<\/span> por el <strong>delito <\/strong>de <strong><mark style=\"background-color:rgba(0, 0, 0, 0)\" class=\"has-inline-color has-vivid-red-color\">delincuencia organizada<\/mark><\/strong> le fue <mark style=\"background-color:#dce9f4\" class=\"has-inline-color\"><strong>negado<\/strong> el <strong>amparo<\/strong><\/mark> que promovi\u00f3 en el cual <span style=\"text-decoration: underline;\">reclam\u00f3<\/span> la Inconstitucionalidad del art\u00edculo 141 de la Ley Nacional de Ejecuci\u00f3n Penal, debido a que establece que, <mark style=\"background-color:rgba(0, 0, 0, 0);color:#c85809\" class=\"has-inline-color\"><strong>NO gozar\u00e1n de Libertad ANTICIPADA<\/strong> <\/mark>las personas sentenciadas por este delito, el sujeto asegur\u00f3 que dicho art\u00edculo bajo el <strong>principio<\/strong> <strong><mark style=\"background-color:rgba(0, 0, 0, 0)\" class=\"has-inline-color has-vivid-red-color\">non bis in idem<\/mark><\/strong> (esto es <strong><mark style=\"background-color:#ff6900\" class=\"has-inline-color\">ser juzgado nuevamente por el mismo delito<\/mark><\/strong> o infracci\u00f3n), se trata de una de las <strong><mark style=\"background-color:#fcb900\" class=\"has-inline-color\">penas prohibidas en t\u00e9rminos del art\u00edculo 22 constitucional<\/mark><\/strong>.<\/p>\n\n\n\n<p>.<\/p>\n\n\n\n<p>La <strong><mark style=\"background-color:rgba(0, 0, 0, 0);color:#150391\" class=\"has-inline-color\">Suprema Corte de Justica<\/mark> <\/strong>a trav\u00e9s de su Primera Sala, <strong><mark style=\"background-color:rgba(0, 0, 0, 0);color:#920505\" class=\"has-inline-color\">DETERMIN\u00d3<\/mark><\/strong> que, el <span style=\"text-decoration: underline;\">art\u00edculo 141<\/span> de la Ley en menci\u00f3n, el cual <mark style=\"background-color:#dca3db\" class=\"has-inline-color\"><strong>RESTRINGE <\/strong>el <strong>BENEFICIO <\/strong>de la<strong> libertad anticipada<\/strong><\/mark><strong> <\/strong>a <span style=\"text-decoration: underline;\"><strong>personas sentenciadas<\/strong><\/span> por el <strong><mark style=\"background-color:rgba(0, 0, 0, 0);color:#a60909\" class=\"has-inline-color\">delito de delincuencia organizada<\/mark><\/strong>, <mark style=\"background-color:#eed07b\" class=\"has-inline-color\"><strong>NO VULNERA<\/strong> el <span style=\"text-decoration: underline;\">principio non bis in idem y no dispone una de las penas prohibidas por el art\u00edculo 22 constitucional.<\/span><\/mark> y TAMPOCO <mark style=\"background-color:#baddf2\" class=\"has-inline-color\"><strong>viola<\/strong> los <strong>derechos<\/strong> a la r<strong>einserci\u00f3n social, a la igualdad y a la dignidad humana<\/strong>.<\/mark><\/p>\n\n\n\n<p>.<\/p>\n\n\n\n<p>La justificaci\u00f3n de la <strong><mark style=\"background-color:rgba(0, 0, 0, 0);color:#16058e\" class=\"has-inline-color\">SCJN<\/mark> <\/strong>es que, el <span style=\"text-decoration: underline;\">principio non bis in idem<\/span>, <strong>reconocido<\/strong> en el <strong>art\u00edculo 23 constitucional<\/strong>, si bien proh\u00edbe que el Estado juzgue dos veces a una persona con motivo de los mismos hechos delictivos. <\/p>\n\n\n\n<p>Este principio <strong><mark style=\"background-color:rgba(0, 0, 0, 0);color:#940202\" class=\"has-inline-color\">no se vulnera <\/mark><\/strong><span style=\"text-decoration: underline;\">cuando se restringe a las personas sentenciadas por el delito de delincuencia organizada a acceder al<\/span> <mark style=\"background-color:#91f052\" class=\"has-inline-color has-black-color\"><strong>beneficio de la libertad anticipada<\/strong>, ya que el <strong>juez<\/strong> de ejecuci\u00f3n <strong>s\u00f3lo verifica si pueden acceder a ese beneficio,<\/strong> por lo que <strong>no implica un juzgamiento de hechos delictivos o que se juzgue dos veces a la persona sentenciada por los mismos hechos delictivos<\/strong><\/mark> como lo proh\u00edbe el art\u00edculo 23 constitucional.<\/p>\n\n\n\n<p>Ahora bien, la<mark style=\"background-color:rgba(0, 0, 0, 0);color:#c85707\" class=\"has-inline-color\"> <strong>libertad anticipada<\/strong><\/mark><strong> <\/strong><span style=\"text-decoration: underline;\">es un mecanismo para generar los resultados y fines previstos<\/span> en el art\u00edculo 18, p\u00e1rrafo segundo, de la Constituci\u00f3n, como son<strong> lograr la reinserci\u00f3n del sentenciado<\/strong> <strong>a la sociedad y procurar que no vuelva a delinquir<\/strong>. <\/p>\n\n\n\n<p>Por lo que dicho mecanismo no implica de manera alguna una pena, sino que se trata de un beneficio a favor de la persona sentenciada que se actualiza en la etapa de ejecuci\u00f3n de la pena que le fue impuesta como consecuencia del juzgamiento de una conducta delictiva; y de ah\u00ed que no se trata de alguna de las penas prohibidas por el art\u00edculo 22 constitucional.<\/p>\n\n\n\n<p>.<\/p>\n\n\n\n<p>Esta <strong><mark style=\"background-color:#c8f1e1\" class=\"has-inline-color\">RESOLUCI\u00d3N<\/mark> <\/strong>es de <strong>aplicaci\u00f3n <mark style=\"background-color:rgba(0, 0, 0, 0);color:#8e0202\" class=\"has-inline-color\">OBLIGATORIA <\/mark><\/strong>en todo el pa\u00eds a partir de esta semana.<\/p>\n\n\n\n<p class=\"has-small-font-size\"><strong><mark style=\"background-color:rgba(0, 0, 0, 0);color:#d06d27\" class=\"has-inline-color\">Jurisprudencia Penal<\/mark><\/strong><\/p>\n\n\n\n<p>.<\/p>\n\n\n\n<p class=\"wp-embed-aspect-16-9 wp-has-aspect-ratio\">Si estas en el <strong><mark><mark style=\"background-color:#ffffff\" class=\"has-inline-color has-vivid-red-color\">Extranjero<\/mark><mark style=\"background-color:#ffffff\" class=\"has-inline-color\"> <\/mark><\/mark><\/strong>nosotros somos tu<mark style=\"background-color:rgba(0, 0, 0, 0)\" class=\"has-inline-color has-vivid-green-cyan-color\"> <strong>mejor<\/strong><\/mark><mark style=\"background-color:#ffffff\" class=\"has-inline-color\"> alternativa para <\/mark><strong><mark style=\"background-color:#ffffff\" class=\"has-inline-color has-luminous-vivid-orange-color\">velar<\/mark><\/strong><mark style=\"background-color:#ffffff\" class=\"has-inline-color\"> por tus <\/mark><strong><mark style=\"background-color:#ffffff;color:#0c74b0\" class=\"has-inline-color\">intereses<\/mark><\/strong>, escr\u00edbenos o ll\u00e1manos al Tel <strong>55581-11311<\/strong>.<\/p>\n\n\n\n<p class=\"wp-embed-aspect-16-9 wp-has-aspect-ratio\" id=\"block-3f0cb649-4142-417f-be85-20a82a0deacc\">.<\/p>\n\n\n\n<p class=\"wp-embed-aspect-16-9 wp-has-aspect-ratio\" id=\"block-0be85f9b-a54a-48a5-8974-f500a542213b\">Cuando<strong> necesites<\/strong> ayuda, <strong>asistencia<\/strong> o <strong>planeaci\u00f3n<\/strong> legal, <strong>solicita<\/strong> <strong>Cita Privada<\/strong> <a href=\"mailto:bi@sm99.mx\" target=\"_blank\" rel=\"noreferrer noopener\"><strong>Aqu\u00ed<\/strong><\/a><\/p>\n\n\n\n<p class=\"wp-embed-aspect-16-9 wp-has-aspect-ratio\" id=\"block-53241420-9292-48b8-993b-967038d0604a\">La informaci\u00f3n que AQU\u00cd te presentamos <strong>deriva<\/strong> de los <strong>Peri\u00f3dicos Oficiales <\/strong>de la<strong> CdMx<\/strong>, <strong>Estado<\/strong> de Mex., Diario <strong>Oficial<\/strong> de la Federaci\u00f3n, Suprema Corte de<strong> Justicia<\/strong> de la Naci\u00f3n, por lo tanto es de <strong>aplicaci\u00f3n OBLIGATORIA<\/strong>.<\/p>\n\n\n\n<p>La informaci\u00f3n del d\u00eda de hoy procede de la Suprema Corte de Justicia<\/p>\n\n\n\n<p class=\"wp-embed-aspect-16-9 wp-has-aspect-ratio\" id=\"block-3ea95020-128c-4e7d-9308-d73669c4f2be\"><strong><mark style=\"background-color:rgba(0, 0, 0, 0);color:#d9610b\" class=\"has-inline-color\">AYUDANOS<\/mark> <\/strong>para que m\u00e1s personas conozcan esta informaci\u00f3n, comp\u00e1rtela en tus redes sociales.<\/p>\n","protected":false},"excerpt":{"rendered":"<p>Views: 7 . . Este ANTECEDENTE: Surge luego de que a un sentenciado por el delito de delincuencia organizada le fue negado el amparo que promovi\u00f3 en el cual reclam\u00f3 la Inconstitucionalidad del art\u00edculo 141 de la Ley Nacional de Ejecuci\u00f3n Penal, debido a que establece que, NO gozar\u00e1n de Libertad ANTICIPADA las personas sentenciadas [&hellip;]<\/p>\n","protected":false},"author":3,"featured_media":28180,"comment_status":"closed","ping_status":"open","sticky":false,"template":"","format":"standard","meta":{"_jetpack_memberships_contains_paid_content":false,"footnotes":""},"categories":[4],"tags":[],"jetpack_sharing_enabled":true,"jetpack_featured_media_url":"http:\/\/www.salgadonoticias.com\/wp-content\/uploads\/2024\/06\/libertad.jpg","_links":{"self":[{"href":"http:\/\/www.salgadonoticias.com\/index.php?rest_route=\/wp\/v2\/posts\/28177"}],"collection":[{"href":"http:\/\/www.salgadonoticias.com\/index.php?rest_route=\/wp\/v2\/posts"}],"about":[{"href":"http:\/\/www.salgadonoticias.com\/index.php?rest_route=\/wp\/v2\/types\/post"}],"author":[{"embeddable":true,"href":"http:\/\/www.salgadonoticias.com\/index.php?rest_route=\/wp\/v2\/users\/3"}],"replies":[{"embeddable":true,"href":"http:\/\/www.salgadonoticias.com\/index.php?rest_route=%2Fwp%2Fv2%2Fcomments&post=28177"}],"version-history":[{"count":8,"href":"http:\/\/www.salgadonoticias.com\/index.php?rest_route=\/wp\/v2\/posts\/28177\/revisions"}],"predecessor-version":[{"id":28207,"href":"http:\/\/www.salgadonoticias.com\/index.php?rest_route=\/wp\/v2\/posts\/28177\/revisions\/28207"}],"wp:featuredmedia":[{"embeddable":true,"href":"http:\/\/www.salgadonoticias.com\/index.php?rest_route=\/wp\/v2\/media\/28180"}],"wp:attachment":[{"href":"http:\/\/www.salgadonoticias.com\/index.php?rest_route=%2Fwp%2Fv2%2Fmedia&parent=28177"}],"wp:term":[{"taxonomy":"category","embeddable":true,"href":"http:\/\/www.salgadonoticias.com\/index.php?rest_route=%2Fwp%2Fv2%2Fcategories&post=28177"},{"taxonomy":"post_tag","embeddable":true,"href":"http:\/\/www.salgadonoticias.com\/index.php?rest_route=%2Fwp%2Fv2%2Ftags&post=28177"}],"curies":[{"name":"wp","href":"https:\/\/api.w.org\/{rel}","templated":true}]}}