{"id":28184,"date":"2024-06-05T00:41:00","date_gmt":"2024-06-05T05:41:00","guid":{"rendered":"https:\/\/www.salgadonoticias.com\/?p=28184"},"modified":"2024-06-05T14:58:09","modified_gmt":"2024-06-05T19:58:09","slug":"28184","status":"publish","type":"post","link":"http:\/\/www.salgadonoticias.com\/?p=28184","title":{"rendered":"Menores SON V\u00edctimas de Violencia, AUN sin Recibirla DIRECTAMENTE &#8230;!!!"},"content":{"rendered":"<p>Views: 7<\/p>\n<p>.<\/p>\n\n\n\n<figure class=\"wp-block-embed is-type-video is-provider-youtube wp-block-embed-youtube wp-embed-aspect-16-9 wp-has-aspect-ratio\"><div class=\"wp-block-embed__wrapper\">\n<iframe loading=\"lazy\" title=\"Menores SON V\u00edctimas de Violencia, A\u00daN sin Recibirla Directamente...!!!\" width=\"640\" height=\"360\" src=\"https:\/\/www.youtube.com\/embed\/97gCYd6q4HM?start=42&#038;feature=oembed\" frameborder=\"0\" allow=\"accelerometer; autoplay; clipboard-write; encrypted-media; gyroscope; picture-in-picture; web-share\" referrerpolicy=\"strict-origin-when-cross-origin\" allowfullscreen><\/iframe>\n<\/div><\/figure>\n\n\n\n<p>.<\/p>\n\n\n\n<p>Este <strong>ANTECEDENTE:<\/strong><\/p>\n\n\n\n<p class=\"has-text-align-justify\">Surge luego de que, <strong>una mujer<\/strong> por su propio derecho y en <strong><mark style=\"background-color:rgba(0, 0, 0, 0)\" class=\"has-inline-color has-vivid-red-color\">representaci\u00f3n de su hija<\/mark><\/strong> menor de edad promovi\u00f3 un procedimiento especial sobre <strong><mark style=\"background-color:#ff6900\" class=\"has-inline-color\">controversia de violencia familiar en contra de su expareja<\/mark><\/strong> en el que <strong>solicit\u00f3<\/strong> <strong><mark style=\"background-color:rgba(0, 0, 0, 0)\" class=\"has-inline-color has-vivid-red-color\">medidas de protecci\u00f3n<\/mark><\/strong>, al alegar que eran v\u00edctimas de violencia en sus <strong>vertientes<\/strong> <strong><mark style=\"background-color:#fcb900\" class=\"has-inline-color\">f\u00edsica, psicol\u00f3gica y patrimonial<\/mark><\/strong>. <\/p>\n\n\n\n<p class=\"has-text-align-justify\">La primera instancia consider\u00f3 que <strong><mark style=\"background-color:#abb8c3\" class=\"has-inline-color\">no estaba probada la violencia familiar<\/mark><\/strong> y <strong><mark style=\"background-color:rgba(0, 0, 0, 0)\" class=\"has-inline-color has-vivid-red-color\">sentencio<\/mark><\/strong> que, <strong><mark style=\"background-color:#fcb900\" class=\"has-inline-color\">para restablecer la paz y el orden familiar, las partes deb\u00edan acudir a terapia psicol\u00f3gica<\/mark><\/strong>, para as\u00ed restaurar las relaciones familiares; determinaci\u00f3n que fue <strong><mark style=\"background-color:#cf2e2e\" class=\"has-inline-color\">confirmada en apelaci\u00f3n<\/mark><\/strong>. <\/p>\n\n\n\n<p class=\"has-text-align-justify\">Contra la sentencia, la actora promovi\u00f3 juicio de <strong>amparo<\/strong> directo <strong><mark style=\"background-color:rgba(0, 0, 0, 0)\" class=\"has-inline-color has-vivid-red-color\">el cual le fue negado<\/mark><\/strong>.<\/p>\n\n\n\n<p>.<\/p>\n\n\n\n<p class=\"has-text-align-justify\">La <strong><mark style=\"background-color:rgba(0, 0, 0, 0);color:#140482\" class=\"has-inline-color\">Suprema Corte de Justicia <\/mark><\/strong>a trav\u00e9s de la Primera Sala <strong><mark style=\"background-color:rgba(0, 0, 0, 0);color:#880303\" class=\"has-inline-color\">DETERMINO<\/mark><\/strong> que los <strong><span style=\"text-decoration: underline;\">ni\u00f1os, ni\u00f1as y adolescentes<\/span><\/strong>, <strong><mark style=\"background-color:#51e0c8\" class=\"has-inline-color\">SON v\u00edctimas de violencia de g\u00e9nero o familiar<\/mark><\/strong>, <strong>AUN<\/strong> sin<strong> <\/strong><mark style=\"background-color:rgba(0, 0, 0, 0)\" class=\"has-inline-color has-vivid-red-color\"><strong>Ejercerse directamente en contra de ellos<\/strong>.<\/mark><\/p>\n\n\n\n<p>.<\/p>\n\n\n\n<p class=\"has-text-align-justify\">La justificaci\u00f3n de la <mark style=\"background-color:rgba(0, 0, 0, 0);color:#2a0398\" class=\"has-inline-color\"><strong>SCJN<\/strong> <\/mark>es que, las <strong><mark style=\"background-color:#f9d0db\" class=\"has-inline-color\">acciones de las personas adultas<\/mark><\/strong> que <span style=\"text-decoration: underline;\">conviven en un mismo n\u00facleo familiar<\/span> <strong><mark style=\"background-color:#8dfcde\" class=\"has-inline-color\">tienen una influencia primordial en el crecimiento de los infantes<\/mark><\/strong>. <\/p>\n\n\n\n<p class=\"has-text-align-justify\"><span style=\"text-decoration: underline;\">Y de ah\u00ed que<\/span>, <strong><mark style=\"background-color:rgba(0, 0, 0, 0);color:#950303\" class=\"has-inline-color\">cuando se ejerce violencia de g\u00e9nero en el hogar, las personas menores de edad sufren afectaciones en sus propias visiones sobre el g\u00e9nero y demuestran normalizaci\u00f3n de la violencia<\/mark><\/strong> o, bien, <span style=\"text-decoration: underline;\">una indefensi\u00f3n aprendida; afectaciones que adem\u00e1s de perjudicarlas en su desarrollo, constituyen un elemento central en la perpetuaci\u00f3n de la violencia de g\u00e9nero como fen\u00f3meno social.<\/span><\/p>\n\n\n\n<p>.<\/p>\n\n\n\n<p>Esta <strong><mark style=\"background-color:#aae360\" class=\"has-inline-color\">RESOLUCI\u00d3N<\/mark> <\/strong>es de <strong>aplicaci\u00f3n <mark style=\"background-color:rgba(0, 0, 0, 0);color:#8e0202\" class=\"has-inline-color\">OBLIGATORIA <\/mark><\/strong>en todo el pa\u00eds a partir de esta semana.<\/p>\n\n\n\n<p class=\"has-small-font-size\"><strong><mark style=\"background-color:rgba(0, 0, 0, 0);color:#9e065e\" class=\"has-inline-color\">Jurisprudencia Civil-Constitucional<\/mark><\/strong><\/p>\n\n\n\n<p>.<\/p>\n\n\n\n<p class=\"wp-embed-aspect-16-9 wp-has-aspect-ratio\">Si estas en el <strong><mark><mark style=\"background-color:#ffffff\" class=\"has-inline-color has-vivid-red-color\">Extranjero<\/mark><mark style=\"background-color:#ffffff\" class=\"has-inline-color\"> <\/mark><\/mark><\/strong>nosotros somos tu<mark style=\"background-color:rgba(0, 0, 0, 0)\" class=\"has-inline-color has-vivid-green-cyan-color\"> <strong>mejor<\/strong><\/mark><mark style=\"background-color:#ffffff\" class=\"has-inline-color\"> alternativa para <\/mark><strong><mark style=\"background-color:#ffffff\" class=\"has-inline-color has-luminous-vivid-orange-color\">velar<\/mark><\/strong><mark style=\"background-color:#ffffff\" class=\"has-inline-color\"> por tus <\/mark><strong><mark style=\"background-color:#ffffff;color:#0c74b0\" class=\"has-inline-color\">intereses<\/mark><\/strong>, escr\u00edbenos o ll\u00e1manos al Tel <strong>55581-11311<\/strong>.<\/p>\n\n\n\n<p class=\"wp-embed-aspect-16-9 wp-has-aspect-ratio\" id=\"block-3f0cb649-4142-417f-be85-20a82a0deacc\">.<\/p>\n\n\n\n<p class=\"wp-embed-aspect-16-9 wp-has-aspect-ratio\" id=\"block-0be85f9b-a54a-48a5-8974-f500a542213b\">Cuando<strong> necesites<\/strong> ayuda, <strong>asistencia<\/strong> o <strong>planeaci\u00f3n<\/strong> legal, <strong>solicita<\/strong> <strong>Cita Privada<\/strong> <a href=\"mailto:bi@sm99.mx\" target=\"_blank\" rel=\"noreferrer noopener\"><strong>Aqu\u00ed<\/strong><\/a><\/p>\n\n\n\n<p class=\"wp-embed-aspect-16-9 wp-has-aspect-ratio\" id=\"block-53241420-9292-48b8-993b-967038d0604a\">La informaci\u00f3n que AQU\u00cd te presentamos <strong>deriva<\/strong> de los <strong>Peri\u00f3dicos Oficiales <\/strong>de la<strong> CdMx<\/strong>, <strong>Estado<\/strong> de Mex., Diario <strong>Oficial<\/strong> de la Federaci\u00f3n, Suprema Corte de<strong> Justicia<\/strong> de la Naci\u00f3n, por lo tanto es de <strong>aplicaci\u00f3n OBLIGATORIA<\/strong>.<\/p>\n\n\n\n<p>La informaci\u00f3n del d\u00eda de hoy procede de la Suprema Corte de Justicia<\/p>\n\n\n\n<p class=\"wp-embed-aspect-16-9 wp-has-aspect-ratio\" id=\"block-3ea95020-128c-4e7d-9308-d73669c4f2be\"><strong><mark style=\"background-color:rgba(0, 0, 0, 0);color:#d9610b\" class=\"has-inline-color\">AYUDANOS<\/mark> <\/strong>para que m\u00e1s personas conozcan esta informaci\u00f3n, comp\u00e1rtela en tus redes sociales.<\/p>\n","protected":false},"excerpt":{"rendered":"<p>Views: 7 . . Este ANTECEDENTE: Surge luego de que, una mujer por su propio derecho y en representaci\u00f3n de su hija menor de edad promovi\u00f3 un procedimiento especial sobre controversia de violencia familiar en contra de su expareja en el que solicit\u00f3 medidas de protecci\u00f3n, al alegar que eran v\u00edctimas de violencia en sus [&hellip;]<\/p>\n","protected":false},"author":3,"featured_media":28192,"comment_status":"closed","ping_status":"open","sticky":false,"template":"","format":"standard","meta":{"_jetpack_memberships_contains_paid_content":false,"footnotes":""},"categories":[4],"tags":[],"jetpack_sharing_enabled":true,"jetpack_featured_media_url":"http:\/\/www.salgadonoticias.com\/wp-content\/uploads\/2024\/06\/familiar-scaled.jpg","_links":{"self":[{"href":"http:\/\/www.salgadonoticias.com\/index.php?rest_route=\/wp\/v2\/posts\/28184"}],"collection":[{"href":"http:\/\/www.salgadonoticias.com\/index.php?rest_route=\/wp\/v2\/posts"}],"about":[{"href":"http:\/\/www.salgadonoticias.com\/index.php?rest_route=\/wp\/v2\/types\/post"}],"author":[{"embeddable":true,"href":"http:\/\/www.salgadonoticias.com\/index.php?rest_route=\/wp\/v2\/users\/3"}],"replies":[{"embeddable":true,"href":"http:\/\/www.salgadonoticias.com\/index.php?rest_route=%2Fwp%2Fv2%2Fcomments&post=28184"}],"version-history":[{"count":9,"href":"http:\/\/www.salgadonoticias.com\/index.php?rest_route=\/wp\/v2\/posts\/28184\/revisions"}],"predecessor-version":[{"id":28218,"href":"http:\/\/www.salgadonoticias.com\/index.php?rest_route=\/wp\/v2\/posts\/28184\/revisions\/28218"}],"wp:featuredmedia":[{"embeddable":true,"href":"http:\/\/www.salgadonoticias.com\/index.php?rest_route=\/wp\/v2\/media\/28192"}],"wp:attachment":[{"href":"http:\/\/www.salgadonoticias.com\/index.php?rest_route=%2Fwp%2Fv2%2Fmedia&parent=28184"}],"wp:term":[{"taxonomy":"category","embeddable":true,"href":"http:\/\/www.salgadonoticias.com\/index.php?rest_route=%2Fwp%2Fv2%2Fcategories&post=28184"},{"taxonomy":"post_tag","embeddable":true,"href":"http:\/\/www.salgadonoticias.com\/index.php?rest_route=%2Fwp%2Fv2%2Ftags&post=28184"}],"curies":[{"name":"wp","href":"https:\/\/api.w.org\/{rel}","templated":true}]}}