{"id":28204,"date":"2024-06-06T01:00:00","date_gmt":"2024-06-06T06:00:00","guid":{"rendered":"https:\/\/www.salgadonoticias.com\/?p=28204"},"modified":"2024-06-06T19:53:32","modified_gmt":"2024-06-07T00:53:32","slug":"28204","status":"publish","type":"post","link":"http:\/\/www.salgadonoticias.com\/?p=28204","title":{"rendered":"NO es un documento P\u00daBLICO, las Constancias de Funcionario NO investido de Fe P\u00fablica&#8230;!!!"},"content":{"rendered":"<p>Views: 7<\/p>\n<p>.<\/p>\n\n\n\n<p>Este <strong>ANTECEDENTE <\/strong>surge:<\/p>\n\n\n\n<p>Luego de que en un Juicio <strong><mark style=\"background-color:rgba(0, 0, 0, 0)\" class=\"has-inline-color has-vivid-red-color\">Laboral<\/mark><\/strong> una empleada a quien se le rescindi\u00f3 la relaci\u00f3n laboral <strong>exhibi\u00f3<\/strong> un <span style=\"text-decoration: underline;\">documento<\/span> <mark style=\"background-color:#ff6900\" class=\"has-inline-color\"><strong>expedido <\/strong>por un <strong>agente municipal<\/strong><\/mark>, en donde hizo constar que la trabajadora prest\u00f3 servicios comunitarios durante 3 d\u00edas de los 6 que falt\u00f3 a sus labores en un periodo de 30 d\u00edas.<\/p>\n\n\n\n<p>.<\/p>\n\n\n\n<p class=\"has-text-align-justify\">La <strong><mark style=\"background-color:rgba(0, 0, 0, 0);color:#0c058c\" class=\"has-inline-color\">Suprema Corte de Justicia<\/mark> <\/strong>a trav\u00e9s de su Tribunal Colegiado <strong><mark style=\"background-color:rgba(0, 0, 0, 0);color:#900303\" class=\"has-inline-color\">DETERMIN\u00d3<\/mark><\/strong> que, en juicios laborales,<mark style=\"background-color:#acd2f3\" class=\"has-inline-color\"> <strong>NO tienen el car\u00e1cter de documento p\u00fablico<\/strong><\/mark><strong>,<\/strong> las <strong>Constancias <\/strong>que son<strong> expedidas<\/strong> por un <mark style=\"background-color:#df9f71\" class=\"has-inline-color\"><strong>Funcionario<\/strong> <strong>NO investido de Fe P\u00fablica<\/strong> o en ejercicio de sus actividades o funciones.<\/mark><\/p>\n\n\n\n<p>.<\/p>\n\n\n\n<p>La justificaci\u00f3n de la <mark style=\"background-color:rgba(0, 0, 0, 0);color:#18057b\" class=\"has-inline-color\"><strong>SCJN<\/strong> <\/mark>es que, <mark style=\"background-color:#7ddcb9\" class=\"has-inline-color\"><strong>documentos<\/strong> que <strong>no cumplan<\/strong> con los <strong>requisitos<\/strong><\/mark> a que <span style=\"text-decoration: underline;\">hace referencia el art\u00edculo 795 de la Ley Federal del Trabajo<\/span>, para ser <strong>considerados p\u00fablicos<\/strong>, por <span style=\"text-decoration: underline;\">no estar suscritos por autoridades investidas de fe p\u00fablica o en ejercicio de sus atribuciones<\/span>, <strong><mark style=\"background-color:#fcb900\" class=\"has-inline-color has-black-color\">NO Adquieren Valor PROBATORIO pleno<\/mark><\/strong><mark style=\"background-color:rgba(0, 0, 0, 0);color:#810303\" class=\"has-inline-color\"><strong> y deben ser considerados documentos PRIVADOS<\/strong>.<\/mark> <\/p>\n\n\n\n<p>Para justipreciarse como indicio, deben perfeccionarse conforme a los art\u00edculos 798 y 800 de la referida ley.<\/p>\n\n\n\n<p>.<\/p>\n\n\n\n<p>Esta <strong>RESOLUCI\u00d3N <\/strong>est\u00e1 <strong>disponible <\/strong>para quien la haga valer, a partir de esta semana.<\/p>\n\n\n\n<p>Tesis <strong>Laboral.<\/strong><\/p>\n\n\n\n<p>.<\/p>\n\n\n\n<p class=\"wp-embed-aspect-16-9 wp-has-aspect-ratio\">Si estas en el <strong><mark><mark style=\"background-color:#ffffff\" class=\"has-inline-color has-vivid-red-color\">Extranjero<\/mark><mark style=\"background-color:#ffffff\" class=\"has-inline-color\"> <\/mark><\/mark><\/strong>nosotros somos tu<mark style=\"background-color:rgba(0, 0, 0, 0)\" class=\"has-inline-color has-vivid-green-cyan-color\"> <strong>mejor<\/strong><\/mark><mark style=\"background-color:#ffffff\" class=\"has-inline-color\"> alternativa para <\/mark><strong><mark style=\"background-color:#ffffff\" class=\"has-inline-color has-luminous-vivid-orange-color\">velar<\/mark><\/strong><mark style=\"background-color:#ffffff\" class=\"has-inline-color\"> por tus <\/mark><strong><mark style=\"background-color:#ffffff;color:#0c74b0\" class=\"has-inline-color\">intereses<\/mark><\/strong>, escr\u00edbenos o ll\u00e1manos al Tel <strong>55581-11311<\/strong>.<\/p>\n\n\n\n<p class=\"wp-embed-aspect-16-9 wp-has-aspect-ratio\" id=\"block-3f0cb649-4142-417f-be85-20a82a0deacc\">.<\/p>\n\n\n\n<p class=\"wp-embed-aspect-16-9 wp-has-aspect-ratio\" id=\"block-0be85f9b-a54a-48a5-8974-f500a542213b\">Cuando<strong> necesites<\/strong> ayuda, <strong>asistencia<\/strong> o <strong>planeaci\u00f3n<\/strong> legal, <strong>solicita<\/strong> <strong>Cita Privada<\/strong> <a href=\"mailto:bi@sm99.mx\" target=\"_blank\" rel=\"noreferrer noopener\"><strong>Aqu\u00ed<\/strong><\/a><\/p>\n\n\n\n<p class=\"wp-embed-aspect-16-9 wp-has-aspect-ratio\" id=\"block-53241420-9292-48b8-993b-967038d0604a\">La informaci\u00f3n que AQU\u00cd te presentamos <strong>deriva<\/strong> de los <strong>Peri\u00f3dicos Oficiales <\/strong>de la<strong> CdMx<\/strong>, <strong>Estado<\/strong> de Mex., Diario <strong>Oficial<\/strong> de la Federaci\u00f3n, Suprema Corte de<strong> Justicia<\/strong> de la Naci\u00f3n, por lo tanto es de <strong>aplicaci\u00f3n OBLIGATORIA<\/strong>.<\/p>\n\n\n\n<p>La informaci\u00f3n del d\u00eda de hoy procede de la Suprema Corte de Justicia<\/p>\n\n\n\n<p class=\"wp-embed-aspect-16-9 wp-has-aspect-ratio\" id=\"block-3ea95020-128c-4e7d-9308-d73669c4f2be\"><strong><mark style=\"background-color:rgba(0, 0, 0, 0);color:#d9610b\" class=\"has-inline-color\">AYUDANOS<\/mark> <\/strong>para que m\u00e1s personas conozcan esta informaci\u00f3n, comp\u00e1rtela en tus redes sociales.<\/p>\n","protected":false},"excerpt":{"rendered":"<p>Views: 7 . Este ANTECEDENTE surge: Luego de que en un Juicio Laboral una empleada a quien se le rescindi\u00f3 la relaci\u00f3n laboral exhibi\u00f3 un documento expedido por un agente municipal, en donde hizo constar que la trabajadora prest\u00f3 servicios comunitarios durante 3 d\u00edas de los 6 que falt\u00f3 a sus labores en un periodo [&hellip;]<\/p>\n","protected":false},"author":3,"featured_media":28210,"comment_status":"closed","ping_status":"open","sticky":false,"template":"","format":"standard","meta":{"_jetpack_memberships_contains_paid_content":false,"footnotes":""},"categories":[4],"tags":[],"jetpack_sharing_enabled":true,"jetpack_featured_media_url":"http:\/\/www.salgadonoticias.com\/wp-content\/uploads\/2024\/06\/documento.jpg","_links":{"self":[{"href":"http:\/\/www.salgadonoticias.com\/index.php?rest_route=\/wp\/v2\/posts\/28204"}],"collection":[{"href":"http:\/\/www.salgadonoticias.com\/index.php?rest_route=\/wp\/v2\/posts"}],"about":[{"href":"http:\/\/www.salgadonoticias.com\/index.php?rest_route=\/wp\/v2\/types\/post"}],"author":[{"embeddable":true,"href":"http:\/\/www.salgadonoticias.com\/index.php?rest_route=\/wp\/v2\/users\/3"}],"replies":[{"embeddable":true,"href":"http:\/\/www.salgadonoticias.com\/index.php?rest_route=%2Fwp%2Fv2%2Fcomments&post=28204"}],"version-history":[{"count":8,"href":"http:\/\/www.salgadonoticias.com\/index.php?rest_route=\/wp\/v2\/posts\/28204\/revisions"}],"predecessor-version":[{"id":28224,"href":"http:\/\/www.salgadonoticias.com\/index.php?rest_route=\/wp\/v2\/posts\/28204\/revisions\/28224"}],"wp:featuredmedia":[{"embeddable":true,"href":"http:\/\/www.salgadonoticias.com\/index.php?rest_route=\/wp\/v2\/media\/28210"}],"wp:attachment":[{"href":"http:\/\/www.salgadonoticias.com\/index.php?rest_route=%2Fwp%2Fv2%2Fmedia&parent=28204"}],"wp:term":[{"taxonomy":"category","embeddable":true,"href":"http:\/\/www.salgadonoticias.com\/index.php?rest_route=%2Fwp%2Fv2%2Fcategories&post=28204"},{"taxonomy":"post_tag","embeddable":true,"href":"http:\/\/www.salgadonoticias.com\/index.php?rest_route=%2Fwp%2Fv2%2Ftags&post=28204"}],"curies":[{"name":"wp","href":"https:\/\/api.w.org\/{rel}","templated":true}]}}