{"id":28226,"date":"2024-06-13T00:30:00","date_gmt":"2024-06-13T05:30:00","guid":{"rendered":"https:\/\/www.salgadonoticias.com\/?p=28226"},"modified":"2024-06-13T19:14:23","modified_gmt":"2024-06-14T00:14:23","slug":"28226","status":"publish","type":"post","link":"http:\/\/www.salgadonoticias.com\/?p=28226","title":{"rendered":"PREJUICIOS Verbales, VIOLAN Derecho de Mujeres a una Vida LIBRE de Violencia&#8230;!!!"},"content":{"rendered":"<p>Views: 4<\/p>\n<p>.<\/p>\n\n\n\n<figure class=\"wp-block-embed is-type-video is-provider-youtube wp-block-embed-youtube wp-embed-aspect-16-9 wp-has-aspect-ratio\"><div class=\"wp-block-embed__wrapper\">\n<iframe loading=\"lazy\" title=\"PREJUICIOS Verbales, VIOLAN Derecho de las Mujeres a una vida LIBRE de Violencia...!\" width=\"640\" height=\"360\" src=\"https:\/\/www.youtube.com\/embed\/MIZbijOqHuM?feature=oembed\" frameborder=\"0\" allow=\"accelerometer; autoplay; clipboard-write; encrypted-media; gyroscope; picture-in-picture; web-share\" referrerpolicy=\"strict-origin-when-cross-origin\" allowfullscreen><\/iframe>\n<\/div><\/figure>\n\n\n\n<p>.<\/p>\n\n\n\n<p>Este <strong><mark style=\"background-color:rgba(0, 0, 0, 0);color:#bf0202\" class=\"has-inline-color\">ANTECEDENTE<\/mark><\/strong>:<\/p>\n\n\n\n<p><strong><mark style=\"background-color:rgba(0, 0, 0, 0);color:#054a73\" class=\"has-inline-color\">Surge<\/mark><\/strong> luego de que <mark style=\"background-color:#ff6900\" class=\"has-inline-color\">a una madre<\/mark> (v\u00edctima indirecta) le fue negado un amparo directo contra un Tribunal de Alzada luego de que \u00e9ste modific\u00f3 la sentencia s\u00f3lo por la individualizaci\u00f3n de la pena impuesta contra la persona condenada por el <mark style=\"background-color:#cf2e2e\" class=\"has-inline-color\">delito de <strong>homicidio cometido contra su hija<\/strong><\/mark>, en el amparo la madre argument\u00f3 que ese <strong>tribunal<\/strong> <strong>no cumpli\u00f3<\/strong> con la <strong>obligaci\u00f3n<\/strong> de <strong>juzgar con perspectiva de g\u00e9nero<\/strong>, y con ello <mark style=\"background-color:#fcb900\" class=\"has-inline-color\"><strong>impidi\u00f3<\/strong> <strong>reclasificar el delito a FEMINICIDIO<\/strong><\/mark>. <\/p>\n\n\n\n<p>El Tribunal que neg\u00f3 el amparo, <strong>no advirti\u00f3<\/strong> <strong><mark style=\"background-color:#abb8c3\" class=\"has-inline-color\">una situaci\u00f3n de violencia o vulnerabilidad<\/mark><\/strong> que, por cuestiones de g\u00e9nero, ameritara un m\u00e9todo destinado <strong><mark style=\"background-color:rgba(0, 0, 0, 0)\" class=\"has-inline-color has-vivid-red-color\">a remediar un efecto discriminatorio por raz\u00f3n del sexo<\/mark><\/strong> al que pertenece la v\u00edctima<\/p>\n\n\n\n<p>.<\/p>\n\n\n\n<p class=\"has-text-align-justify\">La <strong><mark style=\"background-color:rgba(0, 0, 0, 0);color:#1d0696\" class=\"has-inline-color\">Suprema Corte de Justicia<\/mark> <\/strong>a trav\u00e9s de la Primera Sala <strong><mark style=\"background-color:rgba(0, 0, 0, 0);color:#8a0d0d\" class=\"has-inline-color\">DETERMIN\u00d3<\/mark><\/strong> que, el <strong>USO<\/strong> de <mark style=\"background-color:#fbaabf\" class=\"has-inline-color\"><strong>lenguaje basado<\/strong> en <strong>estereotipos y prejuicios<\/strong><\/mark> en los Juicios <mark style=\"background-color:#67dc24\" class=\"has-inline-color\"><strong>VULNERA <\/strong>y <strong>AFECTA<\/strong><\/mark> el <mark style=\"background-color:rgba(0, 0, 0, 0);color:#4b038e\" class=\"has-inline-color\"><strong>Derecho <\/strong>de las <strong>MUJERES<\/strong> a <strong>una vida libre de violencia<\/strong><\/mark>, por lo tanto, <em><strong>toda labor y actuaciones de los agentes <\/strong><\/em>que<strong> intervienen en casos de violencia de g\u00e9nero <\/strong>debe ser <strong>libre de cualquier discurso u acci\u00f3n que revictimice a las partes<\/strong>.<\/p>\n\n\n\n<p>.<\/p>\n\n\n\n<p class=\"has-text-align-justify\">La justificaci\u00f3n de la <strong><mark style=\"background-color:rgba(0, 0, 0, 0);color:#030bae\" class=\"has-inline-color\">SCJ<\/mark><\/strong> es que en los <strong>asuntos<\/strong> <strong><mark style=\"background-color:rgba(0, 0, 0, 0);color:#9e0505\" class=\"has-inline-color\">Mujeres V\u00edctimas de Tortura Sexual <\/mark><\/strong>en Atenco, tal como lo fue el de <span style=\"text-decoration: underline;\">Digna Ochoa y familiares, y Gonz\u00e1lez y otras (&#8220;Campo Algodonero&#8221;)<\/span>, en contra de M\u00e9xico, <strong>s<\/strong><mark style=\"background-color:rgba(0, 0, 0, 0);color:#42027e\" class=\"has-inline-color\"><strong>e conden\u00f3 el uso de frases, &nbsp;prejuicios personales y estereotipos por parte de las autoridades<\/strong>, <\/mark><mark style=\"background-color:rgba(0, 0, 0, 0)\" class=\"has-inline-color has-black-color\">debido a que estas <\/mark><mark style=\"background-color:rgba(0, 0, 0, 0);color:#42027e\" class=\"has-inline-color\"><strong>conductas afectan<\/strong> <\/mark><mark style=\"background-color:rgba(0, 0, 0, 0)\" class=\"has-inline-color has-black-color\">la<\/mark><mark style=\"background-color:rgba(0, 0, 0, 0);color:#42027e\" class=\"has-inline-color\"> <strong>objetividad de los funcionarios estatales encargados de investigar dichas denuncias<\/strong>, <\/mark><mark style=\"background-color:rgba(0, 0, 0, 0)\" class=\"has-inline-color has-black-color\">esto porque<\/mark><mark style=\"background-color:rgba(0, 0, 0, 0);color:#42027e\" class=\"has-inline-color\"> i<strong>nfluyen<\/strong> <\/mark><mark style=\"background-color:rgba(0, 0, 0, 0)\" class=\"has-inline-color has-black-color\">en:<\/mark><\/p>\n\n\n\n<ul>\n<li><mark style=\"background-color:#fbcc4b\" class=\"has-inline-color\">Su <strong>percepci\u00f3n <\/strong>para <strong>determinar<\/strong> <strong>si ocurri\u00f3 o no un hecho de violencia<\/strong>,<\/mark><\/li>\n\n\n\n<li><mark style=\"background-color:#63e1b3\" class=\"has-inline-color has-black-color\">En su <strong>evaluaci\u00f3n<\/strong> de la <strong>credibilidad<\/strong> de los <strong>testigos<\/strong> y de la <strong>propia v\u00edctima<\/strong>.<\/mark><\/li>\n<\/ul>\n\n\n\n<p class=\"has-text-align-justify\">Adem\u00e1s, muchos de estos <strong><mark style=\"background-color:rgba(0, 0, 0, 0);color:#c20404\" class=\"has-inline-color\">comentarios contienen un tinte mis\u00f3gino o machista<\/mark><\/strong> y esto <strong><mark style=\"background-color:#cfbae1\" class=\"has-inline-color\">AFECTA<\/mark> <\/strong>el <mark style=\"background-color:rgba(0, 0, 0, 0);color:#540b98\" class=\"has-inline-color\"><strong>derecho de las mujeres a una vida libre de violencia<\/strong>.<\/mark><\/p>\n\n\n\n<p class=\"has-text-align-justify\"><span style=\"text-decoration: underline;\">M\u00e1s a\u00fan<\/span>, en casos en que su empleo por parte de los operadores jur\u00eddicos <mark style=\"background-color:#e9b4c1\" class=\"has-inline-color\"><strong>impide el desarrollo de investigaciones apropiadas y les niega, adem\u00e1s, su derecho de acceso a la justicia<\/strong>.<\/mark> Y como ejemplo, es que cuando se califica un delito como &#8220;pasional&#8221;, se parte de un <strong><mark style=\"background-color:rgba(0, 0, 0, 0);color:#830a0a\" class=\"has-inline-color\">estereotipo<\/mark><\/strong> que intenta romantizar y justificar la <strong><mark style=\"background-color:#85d52a\" class=\"has-inline-color\">respuesta violenta que tienen los agresores contra las mujeres<\/mark><\/strong>; asimismo, intenta desviar las dem\u00e1s l\u00edneas de investigaci\u00f3n que podr\u00edan llevar a la verdad de lo acontecido. Este tipo de afirmaciones s\u00f3lo responsabilizan a las v\u00edctimas de sus asesinatos y las culpabilizan ante la sociedad. De ah\u00ed que el <mark style=\"background-color:rgba(0, 0, 0, 0);color:#300459\" class=\"has-inline-color\"><strong>uso de este tipo de estereotipos y prejuicios son incompatibles con la obligaci\u00f3n de juzgar con perspectiva de g\u00e9nero<\/strong>.<\/mark><\/p>\n\n\n\n<p>..<\/p>\n\n\n\n<p>Esta <strong><mark style=\"background-color:#8dd1cc\" class=\"has-inline-color\">RESOLUCI\u00d3N<\/mark> <\/strong>es de <strong>aplicaci\u00f3n <mark style=\"background-color:rgba(0, 0, 0, 0);color:#7e0202\" class=\"has-inline-color\">OBLIGATORIA<\/mark> <\/strong>en todo el pa\u00eds a partir de esta semana.<\/p>\n\n\n\n<p class=\"has-small-font-size\"><strong><mark style=\"background-color:rgba(0, 0, 0, 0);color:#1c8961\" class=\"has-inline-color\">Jurisprudencia Penal-Constitucional<\/mark><\/strong><\/p>\n\n\n\n<p>.<\/p>\n\n\n\n<p>.<\/p>\n\n\n\n<p class=\"wp-embed-aspect-16-9 wp-has-aspect-ratio\">Si estas en el <strong><mark><mark style=\"background-color:#ffffff\" class=\"has-inline-color has-vivid-red-color\">Extranjero<\/mark><mark style=\"background-color:#ffffff\" class=\"has-inline-color\"> <\/mark><\/mark><\/strong>nosotros somos tu<mark style=\"background-color:rgba(0, 0, 0, 0)\" class=\"has-inline-color has-vivid-green-cyan-color\"> <strong>mejor<\/strong><\/mark><mark style=\"background-color:#ffffff\" class=\"has-inline-color\"> alternativa para <\/mark><strong><mark style=\"background-color:#ffffff\" class=\"has-inline-color has-luminous-vivid-orange-color\">velar<\/mark><\/strong><mark style=\"background-color:#ffffff\" class=\"has-inline-color\"> por tus <\/mark><strong><mark style=\"background-color:#ffffff;color:#0c74b0\" class=\"has-inline-color\">intereses<\/mark><\/strong>, escr\u00edbenos o ll\u00e1manos al Tel <strong>55581-11311<\/strong>.<\/p>\n\n\n\n<p class=\"wp-embed-aspect-16-9 wp-has-aspect-ratio\" id=\"block-3f0cb649-4142-417f-be85-20a82a0deacc\">.<\/p>\n\n\n\n<p class=\"wp-embed-aspect-16-9 wp-has-aspect-ratio\" id=\"block-0be85f9b-a54a-48a5-8974-f500a542213b\">Cuando<strong> necesites<\/strong> ayuda, <strong>asistencia<\/strong> o <strong>planeaci\u00f3n<\/strong> legal, <strong>solicita<\/strong> <strong>Cita Privada<\/strong> <a href=\"mailto:bi@sm99.mx\" target=\"_blank\" rel=\"noreferrer noopener\"><strong>Aqu\u00ed<\/strong><\/a><\/p>\n\n\n\n<p class=\"wp-embed-aspect-16-9 wp-has-aspect-ratio\" id=\"block-53241420-9292-48b8-993b-967038d0604a\">La informaci\u00f3n que AQU\u00cd te presentamos <strong>deriva<\/strong> de los <strong>Peri\u00f3dicos Oficiales <\/strong>de la<strong> CdMx<\/strong>, <strong>Estado<\/strong> de Mex., Diario <strong>Oficial<\/strong> de la Federaci\u00f3n, Suprema Corte de<strong> Justicia<\/strong> de la Naci\u00f3n, por lo tanto es de <strong>aplicaci\u00f3n OBLIGATORIA<\/strong>.<\/p>\n\n\n\n<p>La informaci\u00f3n del d\u00eda de hoy procede de la Suprema Corte de Justicia.<\/p>\n\n\n\n<p class=\"wp-embed-aspect-16-9 wp-has-aspect-ratio\" id=\"block-3ea95020-128c-4e7d-9308-d73669c4f2be\"><strong><mark style=\"background-color:rgba(0, 0, 0, 0);color:#d9610b\" class=\"has-inline-color\">AYUDANOS<\/mark> <\/strong>para que m\u00e1s personas conozcan esta informaci\u00f3n, comp\u00e1rtela en tus redes sociales.<\/p>\n","protected":false},"excerpt":{"rendered":"<p>Views: 4 . . Este ANTECEDENTE: Surge luego de que a una madre (v\u00edctima indirecta) le fue negado un amparo directo contra un Tribunal de Alzada luego de que \u00e9ste modific\u00f3 la sentencia s\u00f3lo por la individualizaci\u00f3n de la pena impuesta contra la persona condenada por el delito de homicidio cometido contra su hija, en [&hellip;]<\/p>\n","protected":false},"author":3,"featured_media":28230,"comment_status":"closed","ping_status":"open","sticky":false,"template":"","format":"standard","meta":{"_jetpack_memberships_contains_paid_content":false,"footnotes":""},"categories":[4],"tags":[],"jetpack_sharing_enabled":true,"jetpack_featured_media_url":"http:\/\/www.salgadonoticias.com\/wp-content\/uploads\/2024\/06\/juicios.jpg","_links":{"self":[{"href":"http:\/\/www.salgadonoticias.com\/index.php?rest_route=\/wp\/v2\/posts\/28226"}],"collection":[{"href":"http:\/\/www.salgadonoticias.com\/index.php?rest_route=\/wp\/v2\/posts"}],"about":[{"href":"http:\/\/www.salgadonoticias.com\/index.php?rest_route=\/wp\/v2\/types\/post"}],"author":[{"embeddable":true,"href":"http:\/\/www.salgadonoticias.com\/index.php?rest_route=\/wp\/v2\/users\/3"}],"replies":[{"embeddable":true,"href":"http:\/\/www.salgadonoticias.com\/index.php?rest_route=%2Fwp%2Fv2%2Fcomments&post=28226"}],"version-history":[{"count":8,"href":"http:\/\/www.salgadonoticias.com\/index.php?rest_route=\/wp\/v2\/posts\/28226\/revisions"}],"predecessor-version":[{"id":28362,"href":"http:\/\/www.salgadonoticias.com\/index.php?rest_route=\/wp\/v2\/posts\/28226\/revisions\/28362"}],"wp:featuredmedia":[{"embeddable":true,"href":"http:\/\/www.salgadonoticias.com\/index.php?rest_route=\/wp\/v2\/media\/28230"}],"wp:attachment":[{"href":"http:\/\/www.salgadonoticias.com\/index.php?rest_route=%2Fwp%2Fv2%2Fmedia&parent=28226"}],"wp:term":[{"taxonomy":"category","embeddable":true,"href":"http:\/\/www.salgadonoticias.com\/index.php?rest_route=%2Fwp%2Fv2%2Fcategories&post=28226"},{"taxonomy":"post_tag","embeddable":true,"href":"http:\/\/www.salgadonoticias.com\/index.php?rest_route=%2Fwp%2Fv2%2Ftags&post=28226"}],"curies":[{"name":"wp","href":"https:\/\/api.w.org\/{rel}","templated":true}]}}