{"id":28236,"date":"2024-06-07T00:22:00","date_gmt":"2024-06-07T05:22:00","guid":{"rendered":"https:\/\/www.salgadonoticias.com\/?p=28236"},"modified":"2024-06-07T19:23:53","modified_gmt":"2024-06-08T00:23:53","slug":"28236","status":"publish","type":"post","link":"http:\/\/www.salgadonoticias.com\/?p=28236","title":{"rendered":"COFECE\u2026Tiene la Facultad para REQUERIR Informes y Documentos SIN Previo Aviso\u2026!!!"},"content":{"rendered":"<p>Views: 10<\/p>\n<p>.<\/p>\n\n\n\n<figure class=\"wp-block-embed is-type-video is-provider-youtube wp-block-embed-youtube wp-embed-aspect-16-9 wp-has-aspect-ratio\"><div class=\"wp-block-embed__wrapper\">\n<iframe loading=\"lazy\" title=\"COFECE...Tiene la Facultad para REQUERIR Informes y Documentos SIN Previo Aviso...\" width=\"640\" height=\"360\" src=\"https:\/\/www.youtube.com\/embed\/u0cKTXnFNSc?feature=oembed\" frameborder=\"0\" allow=\"accelerometer; autoplay; clipboard-write; encrypted-media; gyroscope; picture-in-picture; web-share\" referrerpolicy=\"strict-origin-when-cross-origin\" allowfullscreen><\/iframe>\n<\/div><\/figure>\n\n\n\n<p>.<\/p>\n\n\n\n<p>Este el <strong>ANTECEDENTE<\/strong>:<\/p>\n\n\n\n<p class=\"has-text-align-justify\">Surge luego de que tanto una persona moral y dos personas f\u00edsicas les fue negado un amparo en el que despu\u00e9s de ser <strong>sancionadas<\/strong> por el Pleno de la <span style=\"text-decoration: underline;\"><mark style=\"background-color:rgba(0, 0, 0, 0);color:#5c0606\" class=\"has-inline-color\"><strong>Comisi\u00f3n Federal de Competencia Econ\u00f3mica<\/strong><\/mark><\/span> por la omisi\u00f3n de <strong>pr\u00e1cticas monop\u00f3licas absolutas<\/strong>, reclamaron la inconstitucionalidad del art\u00edculo 73 de la Ley Federal de Competencia Econ\u00f3mica argumentando que por vulnerar los principios fundamentales de legalidad y seguridad jur\u00eddica al <strong>no prever un plazo dentro del cual la autoridad puede requerir de cualquier persona informes y documentos que estime necesarios para realizar sus investigaciones.<\/strong> <\/p>\n\n\n\n<p>.<\/p>\n\n\n\n<p class=\"has-text-align-justify\">La <strong><mark style=\"background-color:rgba(0, 0, 0, 0);color:#1106cb\" class=\"has-inline-color\">Suprema Corete de Justicia<\/mark> <\/strong>a trav\u00e9s de su Primera Sala, <strong><mark style=\"background-color:rgba(0, 0, 0, 0);color:#700101\" class=\"has-inline-color\">DETERMIN\u00d3<\/mark> <\/strong>que el <strong>art\u00edculo 73<\/strong> de la L<span style=\"text-decoration: underline;\">ey Federal de Competencia Econ\u00f3mica<\/span> <strong><mark style=\"background-color:#eec23d\" class=\"has-inline-color\">NO VIOLA el principio de seguridad jur\u00eddica<\/mark><\/strong>, al <mark style=\"background-color:rgba(0, 0, 0, 0);color:#88075a\" class=\"has-inline-color\"><strong>no disponer<\/strong> <\/mark><mark style=\"background-color:rgba(0, 0, 0, 0)\" class=\"has-inline-color has-black-color\">en la propia hip\u00f3tesis normativa, un<\/mark><mark style=\"background-color:rgba(0, 0, 0, 0);color:#88075a\" class=\"has-inline-color\"> <strong>l\u00edmite en el tiempo<\/strong> <\/mark><mark style=\"background-color:rgba(0, 0, 0, 0)\" class=\"has-inline-color has-black-color\">para que la<\/mark><mark style=\"background-color:rgba(0, 0, 0, 0);color:#88075a\" class=\"has-inline-color\"> <strong>COFECE<\/strong> <\/mark><mark style=\"background-color:rgba(0, 0, 0, 0)\" class=\"has-inline-color has-black-color\">PUEDA<\/mark><mark style=\"background-color:rgba(0, 0, 0, 0);color:#88075a\" class=\"has-inline-color\"> <strong>requerir informaci\u00f3n y documentos a los particulares<\/strong>.<\/mark><\/p>\n\n\n\n<p>.<\/p>\n\n\n\n<p class=\"has-text-align-justify\">La justificaci\u00f3n de la <strong><mark style=\"background-color:rgba(0, 0, 0, 0);color:#180257\" class=\"has-inline-color\">SCJN <\/mark><\/strong>es que el l<strong>egislador al emitir<\/strong> la <strong>Ley Federal en cuesti\u00f3n<\/strong>, <strong>ESTABLECI\u00d3<\/strong> la figura de la <strong>prescripci\u00f3n<\/strong> no s\u00f3lo con <strong>relaci\u00f3n al ejercicio de las facultades<\/strong> de la autoridad para <strong>imponer una sanci\u00f3n<\/strong>, sino incluso, y de manera expresa, con las propias facultades de <strong>inicio de las investigaciones<\/strong>.<\/p>\n\n\n\n<p class=\"has-text-align-justify\">Luego, debe <strong><mark style=\"background-color:rgba(0, 0, 0, 0)\" class=\"has-inline-color has-luminous-vivid-orange-color\">entenderse<\/mark><\/strong> que la <mark style=\"background-color:#96bcdd\" class=\"has-inline-color\"><strong>facultad de la autoridad en materia de competencia econ\u00f3mica<\/strong> para <strong>formular requerimientos de informaci\u00f3n y documentaci\u00f3n est\u00e1 necesariamente vinculada con las propias investigaciones<\/strong><\/mark> que puede realizar dicha autoridad. Por lo que as\u00ed, <strong><mark style=\"background-color:rgba(0, 0, 0, 0);color:#4d0492\" class=\"has-inline-color\">debe entenderse<\/mark><\/strong> que la <strong><mark style=\"background-color:rgba(0, 0, 0, 0);color:#7e0202\" class=\"has-inline-color\">COFECE<\/mark><\/strong> <span style=\"text-decoration: underline;\">puede formular los requerimientos de informaci\u00f3n y documentaci\u00f3n que estime necesarios para llevar a cabo sus investigaciones<\/span>, <strong><mark style=\"background-color:rgba(0, 0, 0, 0);color:#730606\" class=\"has-inline-color\">siempre y cuando su facultad para investigar posibles conductas il\u00edcitas no se encuentre prescrita y est\u00e9 abierta una investigaci\u00f3n<\/mark><\/strong> cuyo periodo de duraci\u00f3n no se encuentre excedido. Por tanto, el ordenamiento presenta suficiente claridad en los art\u00edculos 71, 73 y 137 para concluir que establecen un l\u00edmite a la duraci\u00f3n de las investigaciones, incluyendo los requerimientos que forman parte de \u00e9stas y un plazo de prescripci\u00f3n de las facultades de la Comisi\u00f3n Federal de Competencia Econ\u00f3mica para iniciarlas; lo que <strong><mark style=\"background-color:#d6b16e\" class=\"has-inline-color\">brinda suficiente certeza a los particulares de la prevenci\u00f3n que deben guardar en cuanto al cuidado y resguardo de documentos y evidencias vinculadas con determinadas conductas que tengan la potencialidad de ser sujetas de reproche.<\/mark><\/strong><\/p>\n\n\n\n<p>.<\/p>\n\n\n\n<p>.<\/p>\n\n\n\n<p>Esta <strong><mark style=\"background-color:#8dd1cc\" class=\"has-inline-color\">RESOLUCI\u00d3N<\/mark> <\/strong>es de <strong>aplicaci\u00f3n <mark style=\"background-color:rgba(0, 0, 0, 0);color:#7e0202\" class=\"has-inline-color\">OBLIGATORIA<\/mark> <\/strong>en todo el pa\u00eds a partir de esta semana.<\/p>\n\n\n\n<p class=\"has-small-font-size\"><strong><mark style=\"background-color:rgba(0, 0, 0, 0);color:#1c8961\" class=\"has-inline-color\">Jurisprudencia Constitucional-Administrativa<\/mark><\/strong><\/p>\n\n\n\n<p>.<\/p>\n\n\n\n<p>.<\/p>\n\n\n\n<p class=\"wp-embed-aspect-16-9 wp-has-aspect-ratio\">Si estas en el <strong><mark><mark style=\"background-color:#ffffff\" class=\"has-inline-color has-vivid-red-color\">Extranjero<\/mark><mark style=\"background-color:#ffffff\" class=\"has-inline-color\"> <\/mark><\/mark><\/strong>nosotros somos tu<mark style=\"background-color:rgba(0, 0, 0, 0)\" class=\"has-inline-color has-vivid-green-cyan-color\"> <strong>mejor<\/strong><\/mark><mark style=\"background-color:#ffffff\" class=\"has-inline-color\"> alternativa para <\/mark><strong><mark style=\"background-color:#ffffff\" class=\"has-inline-color has-luminous-vivid-orange-color\">velar<\/mark><\/strong><mark style=\"background-color:#ffffff\" class=\"has-inline-color\"> por tus <\/mark><strong><mark style=\"background-color:#ffffff;color:#0c74b0\" class=\"has-inline-color\">intereses<\/mark><\/strong>, escr\u00edbenos o ll\u00e1manos al Tel <strong>55581-11311<\/strong>.<\/p>\n\n\n\n<p class=\"wp-embed-aspect-16-9 wp-has-aspect-ratio\" id=\"block-3f0cb649-4142-417f-be85-20a82a0deacc\">.<\/p>\n\n\n\n<p class=\"wp-embed-aspect-16-9 wp-has-aspect-ratio\" id=\"block-0be85f9b-a54a-48a5-8974-f500a542213b\">Cuando<strong> necesites<\/strong> ayuda, <strong>asistencia<\/strong> o <strong>planeaci\u00f3n<\/strong> legal, <strong>solicita<\/strong> <strong>Cita Privada<\/strong> <a href=\"mailto:bi@sm99.mx\" target=\"_blank\" rel=\"noreferrer noopener\"><strong>Aqu\u00ed<\/strong><\/a><\/p>\n\n\n\n<p class=\"wp-embed-aspect-16-9 wp-has-aspect-ratio\" id=\"block-53241420-9292-48b8-993b-967038d0604a\">La informaci\u00f3n que AQU\u00cd te presentamos <strong>deriva<\/strong> de los <strong>Peri\u00f3dicos Oficiales <\/strong>de la<strong> CdMx<\/strong>, <strong>Estado<\/strong> de Mex., Diario <strong>Oficial<\/strong> de la Federaci\u00f3n, Suprema Corte de<strong> Justicia<\/strong> de la Naci\u00f3n, por lo tanto es de <strong>aplicaci\u00f3n OBLIGATORIA<\/strong>.<\/p>\n\n\n\n<p>La informaci\u00f3n del d\u00eda de hoy procede de la Suprema Corte de Justicia.<\/p>\n\n\n\n<p class=\"wp-embed-aspect-16-9 wp-has-aspect-ratio\" id=\"block-3ea95020-128c-4e7d-9308-d73669c4f2be\"><strong><mark style=\"background-color:rgba(0, 0, 0, 0);color:#d9610b\" class=\"has-inline-color\">AYUDANOS<\/mark> <\/strong>para que m\u00e1s personas conozcan esta informaci\u00f3n, comp\u00e1rtela en tus redes sociales.<\/p>\n","protected":false},"excerpt":{"rendered":"<p>Views: 10 . . Este el ANTECEDENTE: Surge luego de que tanto una persona moral y dos personas f\u00edsicas les fue negado un amparo en el que despu\u00e9s de ser sancionadas por el Pleno de la Comisi\u00f3n Federal de Competencia Econ\u00f3mica por la omisi\u00f3n de pr\u00e1cticas monop\u00f3licas absolutas, reclamaron la inconstitucionalidad del art\u00edculo 73 de [&hellip;]<\/p>\n","protected":false},"author":3,"featured_media":28240,"comment_status":"closed","ping_status":"open","sticky":false,"template":"","format":"standard","meta":{"_jetpack_memberships_contains_paid_content":false,"footnotes":""},"categories":[4],"tags":[],"jetpack_sharing_enabled":true,"jetpack_featured_media_url":"http:\/\/www.salgadonoticias.com\/wp-content\/uploads\/2024\/06\/cofece.png","_links":{"self":[{"href":"http:\/\/www.salgadonoticias.com\/index.php?rest_route=\/wp\/v2\/posts\/28236"}],"collection":[{"href":"http:\/\/www.salgadonoticias.com\/index.php?rest_route=\/wp\/v2\/posts"}],"about":[{"href":"http:\/\/www.salgadonoticias.com\/index.php?rest_route=\/wp\/v2\/types\/post"}],"author":[{"embeddable":true,"href":"http:\/\/www.salgadonoticias.com\/index.php?rest_route=\/wp\/v2\/users\/3"}],"replies":[{"embeddable":true,"href":"http:\/\/www.salgadonoticias.com\/index.php?rest_route=%2Fwp%2Fv2%2Fcomments&post=28236"}],"version-history":[{"count":7,"href":"http:\/\/www.salgadonoticias.com\/index.php?rest_route=\/wp\/v2\/posts\/28236\/revisions"}],"predecessor-version":[{"id":28267,"href":"http:\/\/www.salgadonoticias.com\/index.php?rest_route=\/wp\/v2\/posts\/28236\/revisions\/28267"}],"wp:featuredmedia":[{"embeddable":true,"href":"http:\/\/www.salgadonoticias.com\/index.php?rest_route=\/wp\/v2\/media\/28240"}],"wp:attachment":[{"href":"http:\/\/www.salgadonoticias.com\/index.php?rest_route=%2Fwp%2Fv2%2Fmedia&parent=28236"}],"wp:term":[{"taxonomy":"category","embeddable":true,"href":"http:\/\/www.salgadonoticias.com\/index.php?rest_route=%2Fwp%2Fv2%2Fcategories&post=28236"},{"taxonomy":"post_tag","embeddable":true,"href":"http:\/\/www.salgadonoticias.com\/index.php?rest_route=%2Fwp%2Fv2%2Ftags&post=28236"}],"curies":[{"name":"wp","href":"https:\/\/api.w.org\/{rel}","templated":true}]}}