{"id":28254,"date":"2024-06-10T00:48:00","date_gmt":"2024-06-10T05:48:00","guid":{"rendered":"https:\/\/www.salgadonoticias.com\/?p=28254"},"modified":"2024-06-11T11:12:40","modified_gmt":"2024-06-11T16:12:40","slug":"28254","status":"publish","type":"post","link":"http:\/\/www.salgadonoticias.com\/?p=28254","title":{"rendered":"PROCEDE Amparo Indirecto Contra ORDEN de EMBARGO&#8230;!!!"},"content":{"rendered":"<p>Views: 50<\/p>\n<p>.<\/p>\n\n\n\n<p>Este <strong><mark style=\"background-color:#d8f9ed\" class=\"has-inline-color\">ANTECEDENTE <\/mark><\/strong><\/p>\n\n\n\n<p class=\"has-text-align-justify\"><strong>Surge <\/strong>despu\u00e9s de que Tres Tribunales Colegiados de Circuito llegaron <strong>conclusiones <mark style=\"background-color:rgba(0, 0, 0, 0)\" class=\"has-inline-color has-vivid-red-color\">discordantes<\/mark><\/strong> al analizar la procedencia del <strong><mark style=\"background-color:rgba(0, 0, 0, 0);color:#b5530e\" class=\"has-inline-color\">amparo indirecto promovido contra la orden de embargo<\/mark><\/strong> dictada en la etapa de ejecuci\u00f3n de juicios. <\/p>\n\n\n\n<p class=\"has-text-align-justify\">Uno consider\u00f3 que el <strong>amparo es procedente<\/strong> debido a que este acto puede <strong>afectar derechos sustantivos ajenos a la cosa juzgada<\/strong>, y los otros tribunales decidieron que es <strong>improcedente<\/strong> porque <strong>no afecta derechos<\/strong> sustantivos ajenos a la cosa juzgada, pues el embargo forma parte de la efectividad de las sentencias.<\/p>\n\n\n\n<p>.<\/p>\n\n\n\n<p class=\"has-text-align-justify\">La <strong>Suprema Corte de Justicia <\/strong>ante lo anterior <strong><mark style=\"background-color:rgba(0, 0, 0, 0);color:#740202\" class=\"has-inline-color\">DETERMIN\u00d3<\/mark> <\/strong>que <mark style=\"background-color:#eebd35\" class=\"has-inline-color\"><strong>PROCEDE<\/strong> el juicio de <strong>Amparo indirecto<\/strong> en <strong>contra<\/strong> de la <strong>orden de embargo<\/strong><\/mark> <span style=\"text-decoration: underline;\">emitida en la etapa de <mark style=\"background-color:#cf2e2e\" class=\"has-inline-color\">ejecuci\u00f3n de sentencia<\/mark><\/span>, esto porque se trata de un acto que <mark style=\"background-color:rgba(0, 0, 0, 0);color:#c6065b\" class=\"has-inline-color\"><strong>vulnera los derechos<\/strong> <\/mark><mark style=\"background-color:rgba(0, 0, 0, 0)\" class=\"has-inline-color has-black-color\">sustantivos de la<\/mark><mark style=\"background-color:rgba(0, 0, 0, 0);color:#c6065b\" class=\"has-inline-color\"><strong> persona condenada<\/strong> <\/mark><mark style=\"background-color:rgba(0, 0, 0, 0)\" class=\"has-inline-color has-black-color\">en un juicio,<\/mark><mark style=\"background-color:rgba(0, 0, 0, 0);color:#c6065b\" class=\"has-inline-color\"><strong> ya que el perjuicio que puede causarle este tipo de actos no es de car\u00e1cter procesal ni es susceptible de reparaci\u00f3n.<\/strong><\/mark><\/p>\n\n\n\n<p>.<\/p>\n\n\n\n<p class=\"has-text-align-justify\">La justificaci\u00f3n de la <strong><mark style=\"background-color:rgba(0, 0, 0, 0);color:#250ff8\" class=\"has-inline-color\">SCJN<\/mark><\/strong> es con base en la <mark style=\"background-color:rgba(0, 0, 0, 0);color:#c00f0f\" class=\"has-inline-color\"><strong>interpretaci\u00f3n del art\u00edculo 107, fracci\u00f3n IV<\/strong>, de la <strong>Ley de Amparo<\/strong><\/mark> de donde se desprende que <strong><mark style=\"background-color:#81c9dc\" class=\"has-inline-color\">las violaciones cometidas durante el proceso de ejecuci\u00f3n de sentencia<\/mark><\/strong>, que<strong> <mark style=\"background-color:rgba(0, 0, 0, 0)\" class=\"has-inline-color has-vivid-red-color\">SON impugnables hasta la \u00faltima resoluci\u00f3n<\/mark><\/strong> de esa etapa, son las de car\u00e1cter adjetivo o procesal que pueden ser subsanadas con posterioridad. <\/p>\n\n\n\n<p class=\"has-text-align-justify\"><strong><mark style=\"background-color:#7ee466\" class=\"has-inline-color\">No obstante, cuando las violaciones ocurridas en ese periodo afectan derechos sustantivos y producen efectos de imposible reparaci\u00f3n, las personas tienen a su alcance el juicio de amparo indirecto.<\/mark><\/strong><\/p>\n\n\n\n<p class=\"has-text-align-justify\">Y en ese sentido, la <span style=\"text-decoration: underline;\"><strong><mark style=\"background-color:#fcb900\" class=\"has-inline-color\">orden de ejecuci\u00f3n de un embargo<\/mark><\/strong><\/span> es un acto que se puede <strong>impugnar<\/strong> a trav\u00e9s del juicio de <strong>amparo indirecto<\/strong> debido a que el <strong>perjuicio<\/strong> que puede generar <span style=\"text-decoration: underline;\">no es de car\u00e1cter procesal, ni es susceptible de reparaci\u00f3n,<\/span><strong> aun con la obtenci\u00f3n de una sentencia favorable que cancele el embargo,<\/strong> porque no podr\u00eda restituirse a la persona quejosa del tiempo en el que no pudo disponer del bien mientras estuvo embargado. <\/p>\n\n\n\n<p class=\"has-text-align-justify\">Esto, porque <span style=\"text-decoration: underline;\">en algunos casos<\/span>, con esa medida <span style=\"text-decoration: underline;\"><strong>podr\u00eda afectarse<\/strong><\/span>, incluso, el <strong>derecho al trabajo, a la vivienda o la familia<\/strong>, si los bienes afectados estuviesen destinados para tal fin.<\/p>\n\n\n\n<p class=\"has-text-align-justify\"><br>Adem\u00e1s, esta postura no desconoce que la ejecuci\u00f3n de las sentencias forma parte del derecho a la tutela judicial, en la vertiente de efectividad de las resoluciones judiciales. Sin embargo, el hecho de que la parte <strong><mark style=\"background-color:rgba(0, 0, 0, 0);color:#510a3b\" class=\"has-inline-color\">acreedora tenga derecho a la ejecuci\u00f3n de una resoluci\u00f3n en su favor no significa dejar sin defensa a la persona en contra de la cual se ejecuta dicha sentencia<\/mark><mark style=\"background-color:rgba(0, 0, 0, 0);color:#cc5a09\" class=\"has-inline-color\">,<\/mark><\/strong> pues la forma en la que se hace efectiva esta resoluci\u00f3n no forma parte de la cosa juzgada decretada en el proceso de origen.<\/p>\n\n\n\n<p>.<\/p>\n\n\n\n<p>.<\/p>\n\n\n\n<p>Esta <mark style=\"background-color:#5ddef2\" class=\"has-inline-color\"><strong>RESOLUCI\u00d3N<\/strong><\/mark> es de<strong> aplicaci\u00f3n <mark style=\"background-color:rgba(0, 0, 0, 0);color:#a20202\" class=\"has-inline-color\">OBLIGATORIA<\/mark> <\/strong>en todo el pa\u00eds a partir de esta semana.<\/p>\n\n\n\n<p class=\"has-small-font-size\"><strong><mark style=\"background-color:rgba(0, 0, 0, 0);color:#4d0492\" class=\"has-inline-color\">Jurisprudencia Com\u00fan<\/mark><\/strong><\/p>\n\n\n\n<p>.<\/p>\n\n\n\n<p class=\"wp-embed-aspect-16-9 wp-has-aspect-ratio\">Si estas en el <strong><mark><mark style=\"background-color:#ffffff\" class=\"has-inline-color has-vivid-red-color\">Extranjero<\/mark><mark style=\"background-color:#ffffff\" class=\"has-inline-color\"> <\/mark><\/mark><\/strong>nosotros somos tu<mark style=\"background-color:rgba(0, 0, 0, 0)\" class=\"has-inline-color has-vivid-green-cyan-color\"> <strong>mejor<\/strong><\/mark><mark style=\"background-color:#ffffff\" class=\"has-inline-color\"> alternativa para <\/mark><strong><mark style=\"background-color:#ffffff\" class=\"has-inline-color has-luminous-vivid-orange-color\">velar<\/mark><\/strong><mark style=\"background-color:#ffffff\" class=\"has-inline-color\"> por tus <\/mark><strong><mark style=\"background-color:#ffffff;color:#0c74b0\" class=\"has-inline-color\">intereses<\/mark><\/strong>, escr\u00edbenos o ll\u00e1manos al Tel <strong>55581-11311<\/strong>.<\/p>\n\n\n\n<p class=\"wp-embed-aspect-16-9 wp-has-aspect-ratio\" id=\"block-3f0cb649-4142-417f-be85-20a82a0deacc\">.<\/p>\n\n\n\n<p class=\"wp-embed-aspect-16-9 wp-has-aspect-ratio\" id=\"block-0be85f9b-a54a-48a5-8974-f500a542213b\">Cuando<strong> necesites<\/strong> ayuda, <strong>asistencia<\/strong> o <strong>planeaci\u00f3n<\/strong> legal, <strong>solicita<\/strong> <strong>Cita Privada<\/strong> <a href=\"mailto:bi@sm99.mx\" target=\"_blank\" rel=\"noreferrer noopener\"><strong>Aqu\u00ed<\/strong><\/a><\/p>\n\n\n\n<p class=\"wp-embed-aspect-16-9 wp-has-aspect-ratio\" id=\"block-53241420-9292-48b8-993b-967038d0604a\">La informaci\u00f3n que AQU\u00cd te presentamos <strong>deriva<\/strong> de los <strong>Peri\u00f3dicos Oficiales <\/strong>de la<strong> CdMx<\/strong>, <strong>Estado<\/strong> de Mex., Diario <strong>Oficial<\/strong> de la Federaci\u00f3n, Suprema Corte de<strong> Justicia<\/strong> de la Naci\u00f3n, por lo tanto es de <strong>aplicaci\u00f3n OBLIGATORIA<\/strong>.<\/p>\n\n\n\n<p>La informaci\u00f3n del d\u00eda de hoy procede de la Suprema Corte de Justicia<\/p>\n\n\n\n<p class=\"wp-embed-aspect-16-9 wp-has-aspect-ratio\" id=\"block-3ea95020-128c-4e7d-9308-d73669c4f2be\"><strong><mark style=\"background-color:rgba(0, 0, 0, 0);color:#d9610b\" class=\"has-inline-color\">AYUDANOS<\/mark> <\/strong>para que m\u00e1s personas conozcan esta informaci\u00f3n, comp\u00e1rtela en tus redes sociales.<\/p>\n","protected":false},"excerpt":{"rendered":"<p>Views: 50 . Este ANTECEDENTE Surge despu\u00e9s de que Tres Tribunales Colegiados de Circuito llegaron conclusiones discordantes al analizar la procedencia del amparo indirecto promovido contra la orden de embargo dictada en la etapa de ejecuci\u00f3n de juicios. Uno consider\u00f3 que el amparo es procedente debido a que este acto puede afectar derechos sustantivos ajenos [&hellip;]<\/p>\n","protected":false},"author":3,"featured_media":28261,"comment_status":"closed","ping_status":"open","sticky":false,"template":"","format":"standard","meta":{"_jetpack_memberships_contains_paid_content":false,"footnotes":""},"categories":[4],"tags":[],"jetpack_sharing_enabled":true,"jetpack_featured_media_url":"http:\/\/www.salgadonoticias.com\/wp-content\/uploads\/2024\/06\/amparo.jpg","_links":{"self":[{"href":"http:\/\/www.salgadonoticias.com\/index.php?rest_route=\/wp\/v2\/posts\/28254"}],"collection":[{"href":"http:\/\/www.salgadonoticias.com\/index.php?rest_route=\/wp\/v2\/posts"}],"about":[{"href":"http:\/\/www.salgadonoticias.com\/index.php?rest_route=\/wp\/v2\/types\/post"}],"author":[{"embeddable":true,"href":"http:\/\/www.salgadonoticias.com\/index.php?rest_route=\/wp\/v2\/users\/3"}],"replies":[{"embeddable":true,"href":"http:\/\/www.salgadonoticias.com\/index.php?rest_route=%2Fwp%2Fv2%2Fcomments&post=28254"}],"version-history":[{"count":6,"href":"http:\/\/www.salgadonoticias.com\/index.php?rest_route=\/wp\/v2\/posts\/28254\/revisions"}],"predecessor-version":[{"id":28319,"href":"http:\/\/www.salgadonoticias.com\/index.php?rest_route=\/wp\/v2\/posts\/28254\/revisions\/28319"}],"wp:featuredmedia":[{"embeddable":true,"href":"http:\/\/www.salgadonoticias.com\/index.php?rest_route=\/wp\/v2\/media\/28261"}],"wp:attachment":[{"href":"http:\/\/www.salgadonoticias.com\/index.php?rest_route=%2Fwp%2Fv2%2Fmedia&parent=28254"}],"wp:term":[{"taxonomy":"category","embeddable":true,"href":"http:\/\/www.salgadonoticias.com\/index.php?rest_route=%2Fwp%2Fv2%2Fcategories&post=28254"},{"taxonomy":"post_tag","embeddable":true,"href":"http:\/\/www.salgadonoticias.com\/index.php?rest_route=%2Fwp%2Fv2%2Ftags&post=28254"}],"curies":[{"name":"wp","href":"https:\/\/api.w.org\/{rel}","templated":true}]}}