{"id":28279,"date":"2024-06-16T00:31:00","date_gmt":"2024-06-16T05:31:00","guid":{"rendered":"https:\/\/www.salgadonoticias.com\/?p=28279"},"modified":"2024-06-17T13:48:35","modified_gmt":"2024-06-17T18:48:35","slug":"28279","status":"publish","type":"post","link":"http:\/\/www.salgadonoticias.com\/?p=28279","title":{"rendered":"Calendarios Escolares ciclo 2024-2025&#8230;!!!"},"content":{"rendered":"<p>Views: 2<\/p>\n<p>Se emiten por parte de la <strong><mark style=\"background-color:rgba(0, 0, 0, 0);color:#960505\" class=\"has-inline-color\">SEP<\/mark><\/strong> los <strong><mark style=\"background-color:#8df0c8\" class=\"has-inline-color has-black-color\">Calendarios Oficiales<\/mark> <\/strong>para el <strong><mark style=\"background-color:rgba(0, 0, 0, 0);color:#910202\" class=\"has-inline-color\">ciclo<\/mark> <\/strong>escolar <strong><mark style=\"background-color:#89f2c8\" class=\"has-inline-color\">2024-2025<\/mark><\/strong>, y <strong><mark style=\"background-color:rgba(0, 0, 0, 0);color:#bb1485\" class=\"has-inline-color\">Obligatorios <\/mark><\/strong>para todo el pa\u00eds.<\/p>\n\n\n\n<p>.<\/p>\n\n\n\n<p><strong><mark style=\"background-color:#8cc560\" class=\"has-inline-color\">Preescolar, Primaria y Secundaria<\/mark><mark style=\"background-color:#a5eed1\" class=\"has-inline-color\"> <\/mark><\/strong><\/p>\n\n\n\n<ul>\n<li>Constara de <strong><mark style=\"background-color:rgba(0, 0, 0, 0);color:#aa0303\" class=\"has-inline-color\">190<\/mark> <\/strong>d\u00edas<\/li>\n\n\n\n<li><strong><mark style=\"background-color:rgba(0, 0, 0, 0);color:#7e0202\" class=\"has-inline-color\">Inicia<\/mark><mark style=\"background-color:rgba(0, 0, 0, 0)\" class=\"has-inline-color has-luminous-vivid-orange-color\"> <\/mark><\/strong>el <strong>26 <\/strong>de <strong>agosto<\/strong> del 20<strong>24<\/strong>. <mark style=\"background-color:rgba(0, 0, 0, 0);color:#0037a3\" class=\"has-inline-color\"><strong>Termina<\/strong> <\/mark>el <strong>16<\/strong> de <strong>julio<\/strong> de 20<strong>25<\/strong><\/li>\n\n\n\n<li><strong><span class=\"has-inline-color has-vivid-red-color\">Febrero<\/span> <span style=\"color:#3da300\" class=\"has-inline-color\">preinscripciones<\/span><\/strong> para <strong>Preescolar<\/strong>, <strong>1ero.<\/strong> de <strong>Primaria <\/strong>y <strong>Secundaria<\/strong>.<\/li>\n\n\n\n<li><strong>8 <\/strong>d\u00edas de <span style=\"color:#a30081\" class=\"has-inline-color\"><strong>Consejo T\u00e9cnico<\/strong><\/span><\/li>\n\n\n\n<li><strong>2<\/strong> periodos <strong><mark style=\"background-color:rgba(0, 0, 0, 0);color:#09036a\" class=\"has-inline-color\">vacacionales<\/mark><\/strong> (navidad y semana santa)<\/li>\n\n\n\n<li><strong>9 <\/strong>d\u00edas de <strong>suspensi\u00f3n <\/strong>de labores <strong><span style=\"color:#0014a3\" class=\"has-inline-color\">Obligatorias<\/span><\/strong><\/li>\n<\/ul>\n\n\n\n<p>.<\/p>\n\n\n\n<p><strong><mark style=\"background-color:#e5b83e\" class=\"has-inline-color\">Educaci\u00f3n Normal&nbsp;<\/mark><\/strong><\/p>\n\n\n\n<ul>\n<li>Constar\u00e1 de <strong><mark style=\"background-color:rgba(0, 0, 0, 0);color:#900606\" class=\"has-inline-color\">195<\/mark> <\/strong>d\u00edas<\/li>\n\n\n\n<li><strong>2<\/strong> periodos <strong><mark style=\"background-color:rgba(0, 0, 0, 0);color:#9c4202\" class=\"has-inline-color\">vacacionales<\/mark><\/strong> (navidad y semana santa)<\/li>\n\n\n\n<li><strong>9<\/strong> d\u00edas de <strong>planeaci\u00f3n y habilitaci\u00f3n<\/strong> de docentes<\/li>\n\n\n\n<li><strong>5 <\/strong>d\u00edas para APLICACION de <strong><mark style=\"background-color:rgba(0, 0, 0, 0);color:#088d20\" class=\"has-inline-color\">ex\u00e1menes profesionales<\/mark><\/strong><\/li>\n\n\n\n<li><strong>8<\/strong> d\u00edas de <strong>suspensi\u00f3n <\/strong>de labores <strong><mark style=\"background-color:rgba(0, 0, 0, 0);color:#0709e3\" class=\"has-inline-color\">Obligatorias<\/mark><\/strong><\/li>\n<\/ul>\n\n\n\n<p>,<\/p>\n\n\n\n<p>.<\/p>\n\n\n\n<p class=\"wp-embed-aspect-16-9 wp-has-aspect-ratio\">Si estas en el <strong><mark><mark style=\"background-color:#ffffff\" class=\"has-inline-color has-vivid-red-color\">Extranjero<\/mark><mark style=\"background-color:#ffffff\" class=\"has-inline-color\"> <\/mark><\/mark><\/strong>nosotros somos tu<mark style=\"background-color:rgba(0, 0, 0, 0)\" class=\"has-inline-color has-vivid-green-cyan-color\"> <strong>mejor<\/strong><\/mark><mark style=\"background-color:#ffffff\" class=\"has-inline-color\"> alternativa para <\/mark><strong><mark style=\"background-color:#ffffff\" class=\"has-inline-color has-luminous-vivid-orange-color\">velar<\/mark><\/strong><mark style=\"background-color:#ffffff\" class=\"has-inline-color\"> por tus <\/mark><strong><mark style=\"background-color:#ffffff;color:#0c74b0\" class=\"has-inline-color\">intereses<\/mark><\/strong>, escr\u00edbenos o ll\u00e1manos al Tel <strong>55581-11311<\/strong>.<\/p>\n\n\n\n<p class=\"wp-embed-aspect-16-9 wp-has-aspect-ratio\" id=\"block-3f0cb649-4142-417f-be85-20a82a0deacc\">.<\/p>\n\n\n\n<p class=\"wp-embed-aspect-16-9 wp-has-aspect-ratio\" id=\"block-0be85f9b-a54a-48a5-8974-f500a542213b\">Cuando<strong> necesites<\/strong> ayuda, <strong>asistencia<\/strong> o <strong>planeaci\u00f3n<\/strong> legal, <strong>solicita<\/strong> <strong>Cita Privada<\/strong> <a href=\"mailto:bi@sm99.mx\" target=\"_blank\" rel=\"noreferrer noopener\"><strong>Aqu\u00ed<\/strong><\/a><\/p>\n\n\n\n<p class=\"wp-embed-aspect-16-9 wp-has-aspect-ratio\" id=\"block-53241420-9292-48b8-993b-967038d0604a\">La informaci\u00f3n que AQU\u00cd te presentamos <strong>deriva<\/strong> de los <strong>Peri\u00f3dicos Oficiales <\/strong>de la<strong> CdMx<\/strong>, <strong>Estado<\/strong> de Mex., Diario <strong>Oficial<\/strong> de la Federaci\u00f3n, Suprema Corte de<strong> Justicia<\/strong> de la Naci\u00f3n, por lo tanto es de <strong>aplicaci\u00f3n OBLIGATORIA<\/strong>.<\/p>\n\n\n\n<p>La informaci\u00f3n del d\u00eda de hoy procede del Diario Oficial<\/p>\n\n\n\n<p class=\"wp-embed-aspect-16-9 wp-has-aspect-ratio\" id=\"block-3ea95020-128c-4e7d-9308-d73669c4f2be\"><strong><mark style=\"background-color:rgba(0, 0, 0, 0);color:#d9610b\" class=\"has-inline-color\">AYUDANOS<\/mark> <\/strong>para que m\u00e1s personas conozcan esta informaci\u00f3n, comp\u00e1rtela en tus redes sociales.<\/p>\n","protected":false},"excerpt":{"rendered":"<p>Views: 2 Se emiten por parte de la SEP los Calendarios Oficiales para el ciclo escolar 2024-2025, y Obligatorios para todo el pa\u00eds. . Preescolar, Primaria y Secundaria . Educaci\u00f3n Normal&nbsp; , . Si estas en el Extranjero nosotros somos tu mejor alternativa para velar por tus intereses, escr\u00edbenos o ll\u00e1manos al Tel 55581-11311. . [&hellip;]<\/p>\n","protected":false},"author":3,"featured_media":28282,"comment_status":"closed","ping_status":"open","sticky":false,"template":"","format":"standard","meta":{"_jetpack_memberships_contains_paid_content":false,"footnotes":""},"categories":[4],"tags":[],"jetpack_sharing_enabled":true,"jetpack_featured_media_url":"http:\/\/www.salgadonoticias.com\/wp-content\/uploads\/2024\/06\/calendario.jpg","_links":{"self":[{"href":"http:\/\/www.salgadonoticias.com\/index.php?rest_route=\/wp\/v2\/posts\/28279"}],"collection":[{"href":"http:\/\/www.salgadonoticias.com\/index.php?rest_route=\/wp\/v2\/posts"}],"about":[{"href":"http:\/\/www.salgadonoticias.com\/index.php?rest_route=\/wp\/v2\/types\/post"}],"author":[{"embeddable":true,"href":"http:\/\/www.salgadonoticias.com\/index.php?rest_route=\/wp\/v2\/users\/3"}],"replies":[{"embeddable":true,"href":"http:\/\/www.salgadonoticias.com\/index.php?rest_route=%2Fwp%2Fv2%2Fcomments&post=28279"}],"version-history":[{"count":4,"href":"http:\/\/www.salgadonoticias.com\/index.php?rest_route=\/wp\/v2\/posts\/28279\/revisions"}],"predecessor-version":[{"id":28285,"href":"http:\/\/www.salgadonoticias.com\/index.php?rest_route=\/wp\/v2\/posts\/28279\/revisions\/28285"}],"wp:featuredmedia":[{"embeddable":true,"href":"http:\/\/www.salgadonoticias.com\/index.php?rest_route=\/wp\/v2\/media\/28282"}],"wp:attachment":[{"href":"http:\/\/www.salgadonoticias.com\/index.php?rest_route=%2Fwp%2Fv2%2Fmedia&parent=28279"}],"wp:term":[{"taxonomy":"category","embeddable":true,"href":"http:\/\/www.salgadonoticias.com\/index.php?rest_route=%2Fwp%2Fv2%2Fcategories&post=28279"},{"taxonomy":"post_tag","embeddable":true,"href":"http:\/\/www.salgadonoticias.com\/index.php?rest_route=%2Fwp%2Fv2%2Ftags&post=28279"}],"curies":[{"name":"wp","href":"https:\/\/api.w.org\/{rel}","templated":true}]}}