{"id":28286,"date":"2024-06-12T01:00:00","date_gmt":"2024-06-12T06:00:00","guid":{"rendered":"https:\/\/www.salgadonoticias.com\/?p=28286"},"modified":"2024-06-12T18:46:09","modified_gmt":"2024-06-12T23:46:09","slug":"28286","status":"publish","type":"post","link":"http:\/\/www.salgadonoticias.com\/?p=28286","title":{"rendered":"SAT no Obligado a VERIFICAR si cuenta CLABE es V\u00e1lida para DEVOLUCI\u00d3N de ISR\u2026!!!"},"content":{"rendered":"<p>Views: 3<\/p>\n<p>.<\/p>\n\n\n\n<figure class=\"wp-block-embed is-type-video is-provider-youtube wp-block-embed-youtube wp-embed-aspect-16-9 wp-has-aspect-ratio\"><div class=\"wp-block-embed__wrapper\">\n<iframe loading=\"lazy\" title=\"SAT no Obligado a verificar si cta. CLABE es V\u00e1lida para DEVOLUCI\u00d3N de ISR.\" width=\"640\" height=\"360\" src=\"https:\/\/www.youtube.com\/embed\/2qiqrddc9V0?feature=oembed\" frameborder=\"0\" allow=\"accelerometer; autoplay; clipboard-write; encrypted-media; gyroscope; picture-in-picture; web-share\" referrerpolicy=\"strict-origin-when-cross-origin\" allowfullscreen><\/iframe>\n<\/div><\/figure>\n\n\n\n<p>.<\/p>\n\n\n\n<p>Este <strong>ANTECEDENTE:<\/strong><\/p>\n\n\n\n<p class=\"has-text-align-justify\"><strong>Surge <\/strong>luego de que <strong>Tribunales <mark style=\"background-color:rgba(0, 0, 0, 0)\" class=\"has-inline-color has-vivid-red-color\">oponentes<\/mark><\/strong> llegaron a <strong>criterios <mark style=\"background-color:rgba(0, 0, 0, 0)\" class=\"has-inline-color has-vivid-red-color\">diferentes<\/mark><\/strong> al analizar que, en una <mark style=\"background-color:#ff6900\" class=\"has-inline-color\">solicitud de devoluci\u00f3n autom\u00e1tica de saldo a favor del ISR<\/mark>, presentada en la plataforma digital del SAT, si \u00e9sta autoridad est\u00e1 <strong><mark style=\"background-color:#fcb900\" class=\"has-inline-color\">obligada a verificar<\/mark><\/strong> previamente a la <strong>realizaci\u00f3n de la transferencia<\/strong> que el <strong><mark style=\"background-color:#abb8c3\" class=\"has-inline-color\">contribuyente es titular de la cuenta CLABE<\/mark><\/strong> proporcionada para realizar el pago.<\/p>\n\n\n\n<p>.<\/p>\n\n\n\n<p class=\"has-text-align-justify\">La <strong><mark style=\"background-color:rgba(0, 0, 0, 0);color:#120156\" class=\"has-inline-color\">Suprema Corte de Justicia<\/mark><\/strong> a trav\u00e9s de la Segunda Sala, <strong><mark style=\"background-color:rgba(0, 0, 0, 0);color:#800101\" class=\"has-inline-color\">DETERMIN\u00d3<\/mark> <\/strong>que el <strong><mark style=\"background-color:#e0c068\" class=\"has-inline-color\">SAT<\/mark><\/strong>, &nbsp;<strong><mark style=\"background-color:#e09bad\" class=\"has-inline-color\">NO TIENE LA OBLIGACI\u00d3N DE VERIFICAR<\/mark> <\/strong>que el <mark style=\"background-color:rgba(0, 0, 0, 0);color:#33045e\" class=\"has-inline-color\"><strong>contribuyente sea el titular<\/strong> de la <strong>cuenta CLABE<\/strong> para <span style=\"text-decoration: underline;\">realizar la devoluci\u00f3n<\/span> <strong>autom\u00e1tica <\/strong>del <span style=\"text-decoration: underline;\">saldo a favor de ISR<\/span><\/mark>.<\/p>\n\n\n\n<p>.<\/p>\n\n\n\n<p class=\"has-text-align-justify\">La justificaci\u00f3n de la<mark style=\"background-color:rgba(0, 0, 0, 0);color:#110373\" class=\"has-inline-color\"> <strong>SCJN<\/strong><\/mark><strong> <\/strong>es que, la <strong>devoluci\u00f3n<\/strong> por concepto de <strong>saldo a favor<\/strong> encuentra sus bases, entre otros, en los art\u00edculos 22 y 22-B del C\u00f3digo Fiscal de la Federaci\u00f3n. <\/p>\n\n\n\n<p class=\"has-text-align-justify\">En el caso de las <strong><mark style=\"background-color:#ff6900\" class=\"has-inline-color\">devoluciones autom\u00e1ticas<\/mark><\/strong>, las referidas bases deben interpretarse junto con los dem\u00e1s ordenamientos que las regulan. <\/p>\n\n\n\n<p class=\"has-text-align-justify\">En <strong>t\u00e9rminos<\/strong> de la <strong>regla 2.3.2.<\/strong> de la Resoluci\u00f3n Miscel\u00e1nea Fiscal para 2021, las <mark style=\"background-color:rgba(0, 0, 0, 0);color:#b20707\" class=\"has-inline-color\"><strong>personas f\u00edsicas<\/strong> <\/mark><mark style=\"background-color:rgba(0, 0, 0, 0)\" class=\"has-inline-color has-black-color\">que<\/mark><mark style=\"background-color:rgba(0, 0, 0, 0);color:#b20707\" class=\"has-inline-color\"> <strong>presenten su declaraci\u00f3n anual<\/strong> <\/mark><mark style=\"background-color:rgba(0, 0, 0, 0)\" class=\"has-inline-color has-black-color\">del ejercicio fiscal inmediato anterior<\/mark><mark style=\"background-color:rgba(0, 0, 0, 0);color:#b20707\" class=\"has-inline-color\"> <strong>pueden optar por solicitar la devoluci\u00f3n de saldo a favor<\/strong> <strong>del ISR<\/strong><\/mark> esto al marcar el recuadro respectivo, para <strong>considerarse<\/strong> dentro del <strong><mark style=\"background-color:rgba(0, 0, 0, 0);color:#158405\" class=\"has-inline-color\">Sistema Autom\u00e1tico de Devoluciones<\/mark><\/strong> dicha petici\u00f3n queda en las <strong>declaraciones<\/strong> las cuales podr\u00e1n presentarse ya sea con contrase\u00f1a, e.firma o e.firma portable, <mark style=\"background-color:#cf2e2e\" class=\"has-inline-color\">las cuales, en su car\u00e1cter de firmas electr\u00f3nicas avanzadas, sustituyen a la firma aut\u00f3grafa y tienen el mismo valor probatorio.<\/mark><\/p>\n\n\n\n<p class=\"has-text-align-justify\">Adem\u00e1s, en t\u00e9rminos de la referida regla; la<strong> <mark style=\"background-color:#e6aab9\" class=\"has-inline-color\">cuenta CLABE que el declarante proporcione &#8220;es la que reconoce de su titularidad y autoriza para efectuar el dep\u00f3sito de la devoluci\u00f3n respectiva&#8221;<\/mark><\/strong>.<\/p>\n\n\n\n<p class=\"has-text-align-justify\">Por lo anterior, no puede interpretarse que la falta de correspondencia del contribuyente con la persona titular de la cuenta CLABE proporcionada en la solicitud es uno de los errores que, en t\u00e9rminos del art\u00edculo 22, p\u00e1rrafo sexto, del C\u00f3digo Fiscal de la Federaci\u00f3n, ameritan un requerimiento de la autoridad. Primero, porque el <strong>nombre del titular de la cuenta no forma parte de la informaci\u00f3n que debe proporcionarse<\/strong>, por lo que la autoridad no puede advertir dicha falta de correspondencia. Admitir lo contrario implicar\u00eda ignorar que la autoridad debe considerar que la cuenta CLABE proporcionada es la que el contribuyente reconoce como suya, y la obligar\u00eda a requerir dicha informaci\u00f3n en todas las solicitudes de devoluci\u00f3n autom\u00e1tica, pues en ninguna de ellas constar\u00e1 el nombre del titular de la cuenta. Y segundo, porque <strong><mark style=\"background-color:rgba(0, 0, 0, 0);color:#2207e3\" class=\"has-inline-color\">implicar\u00eda desconocer que la firma electr\u00f3nica sustituye a la firma aut\u00f3grafa <\/mark>y<\/strong>, por tanto, que produce los mismos efectos con igual valor probatorio. Por lo que,<mark style=\"background-color:rgba(0, 0, 0, 0);color:#cf0b0b\" class=\"has-inline-color\"> <strong>afirmar<\/strong><\/mark> que la <strong><mark style=\"background-color:#97e4c5\" class=\"has-inline-color has-black-color\">autoridad DEBE verificar que la cuenta CLABE proporcionada es de la titularidad del contribuyente declarante significar\u00eda que la firma electr\u00f3nica no basta para identificar al contribuyente como el autor leg\u00edtimo de la declaraci\u00f3n<\/mark><\/strong>, lo que nulificar\u00eda la finalidad de los referidos instrumentos.<\/p>\n\n\n\n<p>.<\/p>\n\n\n\n<p>Esta <strong><mark style=\"background-color:#73dcb5\" class=\"has-inline-color\">RESOLUCI\u00d3N<\/mark> <\/strong>es de <strong>aplicaci\u00f3n <mark style=\"background-color:rgba(0, 0, 0, 0);color:#850202\" class=\"has-inline-color\">OBLIGATORIA<\/mark><\/strong> a partir de esta semana en todo el pa\u00eds<\/p>\n\n\n\n<p class=\"has-small-font-size\"><strong><mark style=\"background-color:rgba(0, 0, 0, 0);color:#068456\" class=\"has-inline-color\">Jurisprudencia Administrativa<\/mark><\/strong><\/p>\n\n\n\n<p>.<\/p>\n\n\n\n<p class=\"wp-embed-aspect-16-9 wp-has-aspect-ratio\">Si estas en el <strong><mark><mark style=\"background-color:#ffffff\" class=\"has-inline-color has-vivid-red-color\">Extranjero<\/mark><mark style=\"background-color:#ffffff\" class=\"has-inline-color\"> <\/mark><\/mark><\/strong>nosotros somos tu<mark style=\"background-color:rgba(0, 0, 0, 0)\" class=\"has-inline-color has-vivid-green-cyan-color\"> <strong>mejor<\/strong><\/mark><mark style=\"background-color:#ffffff\" class=\"has-inline-color\"> alternativa para <\/mark><strong><mark style=\"background-color:#ffffff\" class=\"has-inline-color has-luminous-vivid-orange-color\">velar<\/mark><\/strong><mark style=\"background-color:#ffffff\" class=\"has-inline-color\"> por tus <\/mark><strong><mark style=\"background-color:#ffffff;color:#0c74b0\" class=\"has-inline-color\">intereses<\/mark><\/strong>, escr\u00edbenos o ll\u00e1manos al Tel <strong>55581-11311<\/strong>.<\/p>\n\n\n\n<p class=\"wp-embed-aspect-16-9 wp-has-aspect-ratio\" id=\"block-3f0cb649-4142-417f-be85-20a82a0deacc\">.<\/p>\n\n\n\n<p class=\"wp-embed-aspect-16-9 wp-has-aspect-ratio\" id=\"block-0be85f9b-a54a-48a5-8974-f500a542213b\">Cuando<strong> necesites<\/strong> ayuda, <strong>asistencia<\/strong> o <strong>planeaci\u00f3n<\/strong> legal, <strong>solicita<\/strong> <strong>Cita Privada<\/strong> <a href=\"mailto:bi@sm99.mx\" target=\"_blank\" rel=\"noreferrer noopener\"><strong>Aqu\u00ed<\/strong><\/a><\/p>\n\n\n\n<p class=\"wp-embed-aspect-16-9 wp-has-aspect-ratio\" id=\"block-53241420-9292-48b8-993b-967038d0604a\">La informaci\u00f3n que AQU\u00cd te presentamos <strong>deriva<\/strong> de los <strong>Peri\u00f3dicos Oficiales <\/strong>de la<strong> CdMx<\/strong>, <strong>Estado<\/strong> de Mex., Diario <strong>Oficial<\/strong> de la Federaci\u00f3n, Suprema Corte de<strong> Justicia<\/strong> de la Naci\u00f3n, por lo tanto es de <strong>aplicaci\u00f3n OBLIGATORIA<\/strong>.<\/p>\n\n\n\n<p>La informaci\u00f3n del d\u00eda de hoy procede de la Suprema Corte de Justicia<\/p>\n\n\n\n<p class=\"wp-embed-aspect-16-9 wp-has-aspect-ratio\" id=\"block-3ea95020-128c-4e7d-9308-d73669c4f2be\"><strong><mark style=\"background-color:rgba(0, 0, 0, 0);color:#d9610b\" class=\"has-inline-color\">AYUDANOS<\/mark> <\/strong>para que m\u00e1s personas conozcan esta informaci\u00f3n, comp\u00e1rtela en tus redes sociales.<\/p>\n","protected":false},"excerpt":{"rendered":"<p>Views: 3 . . Este ANTECEDENTE: Surge luego de que Tribunales oponentes llegaron a criterios diferentes al analizar que, en una solicitud de devoluci\u00f3n autom\u00e1tica de saldo a favor del ISR, presentada en la plataforma digital del SAT, si \u00e9sta autoridad est\u00e1 obligada a verificar previamente a la realizaci\u00f3n de la transferencia que el contribuyente [&hellip;]<\/p>\n","protected":false},"author":3,"featured_media":28295,"comment_status":"closed","ping_status":"open","sticky":false,"template":"","format":"standard","meta":{"_jetpack_memberships_contains_paid_content":false,"footnotes":""},"categories":[4],"tags":[],"jetpack_sharing_enabled":true,"jetpack_featured_media_url":"http:\/\/www.salgadonoticias.com\/wp-content\/uploads\/2024\/06\/DEVOLUCION.webp","_links":{"self":[{"href":"http:\/\/www.salgadonoticias.com\/index.php?rest_route=\/wp\/v2\/posts\/28286"}],"collection":[{"href":"http:\/\/www.salgadonoticias.com\/index.php?rest_route=\/wp\/v2\/posts"}],"about":[{"href":"http:\/\/www.salgadonoticias.com\/index.php?rest_route=\/wp\/v2\/types\/post"}],"author":[{"embeddable":true,"href":"http:\/\/www.salgadonoticias.com\/index.php?rest_route=\/wp\/v2\/users\/3"}],"replies":[{"embeddable":true,"href":"http:\/\/www.salgadonoticias.com\/index.php?rest_route=%2Fwp%2Fv2%2Fcomments&post=28286"}],"version-history":[{"count":10,"href":"http:\/\/www.salgadonoticias.com\/index.php?rest_route=\/wp\/v2\/posts\/28286\/revisions"}],"predecessor-version":[{"id":28335,"href":"http:\/\/www.salgadonoticias.com\/index.php?rest_route=\/wp\/v2\/posts\/28286\/revisions\/28335"}],"wp:featuredmedia":[{"embeddable":true,"href":"http:\/\/www.salgadonoticias.com\/index.php?rest_route=\/wp\/v2\/media\/28295"}],"wp:attachment":[{"href":"http:\/\/www.salgadonoticias.com\/index.php?rest_route=%2Fwp%2Fv2%2Fmedia&parent=28286"}],"wp:term":[{"taxonomy":"category","embeddable":true,"href":"http:\/\/www.salgadonoticias.com\/index.php?rest_route=%2Fwp%2Fv2%2Fcategories&post=28286"},{"taxonomy":"post_tag","embeddable":true,"href":"http:\/\/www.salgadonoticias.com\/index.php?rest_route=%2Fwp%2Fv2%2Ftags&post=28286"}],"curies":[{"name":"wp","href":"https:\/\/api.w.org\/{rel}","templated":true}]}}