{"id":28298,"date":"2024-06-11T00:48:00","date_gmt":"2024-06-11T05:48:00","guid":{"rendered":"https:\/\/www.salgadonoticias.com\/?p=28298"},"modified":"2024-06-11T19:26:29","modified_gmt":"2024-06-12T00:26:29","slug":"28298","status":"publish","type":"post","link":"http:\/\/www.salgadonoticias.com\/?p=28298","title":{"rendered":"YA tenemos BUZ\u00d3N IMSS&#8230;!!!"},"content":{"rendered":"<p>Views: 9<\/p>\n<p>.<\/p>\n\n\n\n<figure class=\"wp-block-embed is-type-video is-provider-youtube wp-block-embed-youtube wp-embed-aspect-16-9 wp-has-aspect-ratio\"><div class=\"wp-block-embed__wrapper\">\n<iframe loading=\"lazy\" title=\"Dos breves pero importantes: Buz\u00f3n IMSS y Abuelos podr\u00e1n Asegurar a Menores\" width=\"640\" height=\"360\" src=\"https:\/\/www.youtube.com\/embed\/8CCr0rOBSFw?feature=oembed\" frameborder=\"0\" allow=\"accelerometer; autoplay; clipboard-write; encrypted-media; gyroscope; picture-in-picture; web-share\" referrerpolicy=\"strict-origin-when-cross-origin\" allowfullscreen><\/iframe>\n<\/div><\/figure>\n\n\n\n<p>.<\/p>\n\n\n\n<p class=\"has-text-align-justify\">Se <strong>Reforma<\/strong> la <strong><mark style=\"background-color:rgba(0, 0, 0, 0)\" class=\"has-inline-color has-vivid-red-color\">Ley del Seguro Social<\/mark><\/strong> (LSS) en materia de <strong><mark style=\"background-color:#ff6900\" class=\"has-inline-color\">herramientas digitales<\/mark><\/strong>, se implementa el<strong>&nbsp;<mark style=\"background-color:rgba(0, 0, 0, 0);color:#a90808\" class=\"has-inline-color\">\u201cBuz\u00f3n IMSS\u201d<\/mark><\/strong> para tr\u00e1mites.<\/p>\n\n\n\n<p class=\"has-text-align-justify\">Esta herramienta ser\u00e1 <strong>administrada<\/strong> por el <strong>IMSS <\/strong>y establecida en su p\u00e1gina de Internet, <strong>en este Buz\u00f3n<\/strong> <strong><mark style=\"background-color:#fcb900\" class=\"has-inline-color\">se podr\u00e1n realizar notificaciones de cualquier acto<\/mark><\/strong>, <strong>requerimiento<\/strong> o <strong><mark style=\"background-color:rgba(0, 0, 0, 0)\" class=\"has-inline-color has-vivid-red-color\">resoluci\u00f3n administrativa<\/mark><\/strong> que se emita en&nbsp;documentos digitales, e informar sobre aspectos de inter\u00e9s.<\/p>\n\n\n\n<p>.<\/p>\n\n\n\n<p class=\"has-text-align-justify\">Adem\u00e1s, los PARTICULARES&nbsp;<strong><mark style=\"background-color:#ecb48d\" class=\"has-inline-color\">podr\u00e1n presentar&nbsp;promociones, solicitudes, avisos o dar cumplimiento a sus obligaciones y&nbsp;requerimientos solicitados por el IMSS<\/mark><\/strong>; todo esto, <span style=\"text-decoration: underline;\">mediante documentos digitales, tambi\u00e9n podr\u00e1n realizar consultas sobre su situaci\u00f3n fiscal y administrativa ante este Organismo<\/span>.<\/p>\n\n\n\n<p>.<\/p>\n\n\n\n<p class=\"has-text-align-justify\">Tambi\u00e9n se,<strong> <mark style=\"background-color:rgba(0, 0, 0, 0);color:#8a0505\" class=\"has-inline-color\">establece que es OBLIGATORIO su USO<\/mark> para las personas particulares,<\/strong>&nbsp;a quienes se define como: los <mark style=\"background-color:#53df59\" class=\"has-inline-color\"><strong>derechohabientes<\/strong>, <strong>patrones<\/strong>, sujetos obligados, <strong>contadores&nbsp;p\u00fablicos<\/strong>, <strong>contadores p\u00fablicos autorizados<\/strong>, <strong>responsables solidarios<\/strong>, <span style=\"text-decoration: underline;\">terceros relacionados<\/span>, sean&nbsp;<strong>personas F\u00edsicas o Morales<\/strong> y <strong>representantes legales <\/strong>que <strong>REALICEN<\/strong> <strong>actuaciones<\/strong> ante el Instituto&nbsp;<strong>mediante el \u201cBuz\u00f3n IMSS<\/strong>.<\/mark><\/p>\n\n\n\n<p>.<\/p>\n\n\n\n<p>Las personas <strong>particulares<\/strong> podr\u00e1n <strong><mark style=\"background-color:rgba(0, 0, 0, 0)\" class=\"has-inline-color has-vivid-red-color\">presentar ante el Instituto<\/mark><\/strong>, las promociones o <strong><mark style=\"background-color:#ff6900\" class=\"has-inline-color\">solicitudes&nbsp;relacionadas con el ejercicio<\/mark><\/strong> de las facultades de \u00e9ste, establecidas en la<strong>&nbsp;Ley y sus Reglamentos a trav\u00e9s del&nbsp;\u201cBuz\u00f3n IMSS\u201d,<\/strong>&nbsp;para lo cual emplear\u00e1n los medios de identificaci\u00f3n correspondientes; <strong><mark style=\"background-color:rgba(0, 0, 0, 0)\" class=\"has-inline-color has-vivid-red-color\">las actuaciones<\/mark><\/strong> realizadas a trav\u00e9s del&nbsp;<strong>\u201cBuz\u00f3n IMSS\u201d<\/strong>&nbsp;<strong><mark style=\"background-color:#abb8c3\" class=\"has-inline-color\">producir\u00e1n los mismos efectos legales que los&nbsp;documentos firmados aut\u00f3grafamente<\/mark><\/strong> y, en consecuencia, tendr\u00e1n el mismo valor probatorio que las&nbsp;disposiciones aplicables les otorguen a \u00e9stos.<\/p>\n\n\n\n<p>.<\/p>\n\n\n\n<p class=\"has-text-align-justify\">Los <mark style=\"background-color:rgba(0, 0, 0, 0);color:#af065c\" class=\"has-inline-color\"><strong>patrones<\/strong> <strong>DEBEN tener en consideraci\u00f3n<\/strong> <\/mark><mark style=\"background-color:rgba(0, 0, 0, 0)\" class=\"has-inline-color has-black-color\">que el<\/mark><mark style=\"background-color:rgba(0, 0, 0, 0);color:#af065c\" class=\"has-inline-color\"> <strong>IMSS<\/strong>, <strong>realizar\u00e1 notificaciones, citatorios, emplazamientos; requerir o solicitar informes&nbsp;o documentaci\u00f3n<\/strong>, <\/mark><mark style=\"background-color:rgba(0, 0, 0, 0)\" class=\"has-inline-color has-black-color\">o<\/mark><mark style=\"background-color:rgba(0, 0, 0, 0);color:#af065c\" class=\"has-inline-color\"> <strong>emitir resoluciones<\/strong> <\/mark><mark style=\"background-color:rgba(0, 0, 0, 0)\" class=\"has-inline-color has-black-color\">e informar sobre aspectos de inter\u00e9s, a&nbsp;trav\u00e9s del<\/mark><mark style=\"background-color:rgba(0, 0, 0, 0);color:#af065c\" class=\"has-inline-color\"><strong>&nbsp;\u201cBuz\u00f3n IMSS\u201d;<\/strong>&nbsp;<\/mark><mark style=\"background-color:rgba(0, 0, 0, 0)\" class=\"has-inline-color has-black-color\">por lo que los particulares <\/mark><mark style=\"background-color:rgba(0, 0, 0, 0);color:#af065c\" class=\"has-inline-color\"><strong>deber\u00e1n registrar y mantener actualizados los&nbsp;medios de contacto<\/strong> <\/mark><mark style=\"background-color:rgba(0, 0, 0, 0)\" class=\"has-inline-color has-black-color\">con el Instituto<\/mark><mark style=\"background-color:rgba(0, 0, 0, 0);color:#af065c\" class=\"has-inline-color\">.<\/mark><\/p>\n\n\n\n<p>.<\/p>\n\n\n\n<p>El <strong>IMSS publicar\u00e1 <\/strong>en el<strong>&nbsp;Diario Oficial <\/strong>dentro de&nbsp;un <strong>plazo de 60 d\u00edas<\/strong>, los <strong>tr\u00e1mites y servicios disponibles <\/strong>en el&nbsp;<strong>\u201cBuz\u00f3n IMSS\u201d,<\/strong>&nbsp;as\u00ed como las reglas de car\u00e1cter&nbsp;general para su operaci\u00f3n. &nbsp;<\/p>\n\n\n\n<p><\/p>\n\n\n\n<p>.<\/p>\n\n\n\n<p class=\"wp-embed-aspect-16-9 wp-has-aspect-ratio\">Si estas en el <strong><mark><mark style=\"background-color:#ffffff\" class=\"has-inline-color has-vivid-red-color\">Extranjero<\/mark><mark style=\"background-color:#ffffff\" class=\"has-inline-color\"> <\/mark><\/mark><\/strong>nosotros somos tu<mark style=\"background-color:rgba(0, 0, 0, 0)\" class=\"has-inline-color has-vivid-green-cyan-color\"> <strong>mejor<\/strong><\/mark><mark style=\"background-color:#ffffff\" class=\"has-inline-color\"> alternativa para <\/mark><strong><mark style=\"background-color:#ffffff\" class=\"has-inline-color has-luminous-vivid-orange-color\">velar<\/mark><\/strong><mark style=\"background-color:#ffffff\" class=\"has-inline-color\"> por tus <\/mark><strong><mark style=\"background-color:#ffffff;color:#0c74b0\" class=\"has-inline-color\">intereses<\/mark><\/strong>, escr\u00edbenos o ll\u00e1manos al Tel <strong>55581-11311<\/strong>.<\/p>\n\n\n\n<p class=\"wp-embed-aspect-16-9 wp-has-aspect-ratio\" id=\"block-3f0cb649-4142-417f-be85-20a82a0deacc\">.<\/p>\n\n\n\n<p class=\"wp-embed-aspect-16-9 wp-has-aspect-ratio\" id=\"block-0be85f9b-a54a-48a5-8974-f500a542213b\">Cuando<strong> necesites<\/strong> ayuda, <strong>asistencia<\/strong> o <strong>planeaci\u00f3n<\/strong> legal, <strong>solicita<\/strong> <strong>Cita Privada<\/strong> <a href=\"mailto:bi@sm99.mx\" target=\"_blank\" rel=\"noreferrer noopener\"><strong>Aqu\u00ed<\/strong><\/a><\/p>\n\n\n\n<p class=\"wp-embed-aspect-16-9 wp-has-aspect-ratio\" id=\"block-53241420-9292-48b8-993b-967038d0604a\">La informaci\u00f3n que AQU\u00cd te presentamos <strong>deriva<\/strong> de los <strong>Peri\u00f3dicos Oficiales <\/strong>de la<strong> CdMx<\/strong>, <strong>Estado<\/strong> de Mex., Diario <strong>Oficial<\/strong> de la Federaci\u00f3n, Suprema Corte de<strong> Justicia<\/strong> de la Naci\u00f3n, por lo tanto es de <strong>aplicaci\u00f3n OBLIGATORIA<\/strong>.<\/p>\n\n\n\n<p>La informaci\u00f3n del d\u00eda de hoy procede del Diario Oficial<\/p>\n\n\n\n<p class=\"wp-embed-aspect-16-9 wp-has-aspect-ratio\" id=\"block-3ea95020-128c-4e7d-9308-d73669c4f2be\"><strong><mark style=\"background-color:rgba(0, 0, 0, 0);color:#d9610b\" class=\"has-inline-color\">AYUDANOS<\/mark> <\/strong>para que m\u00e1s personas conozcan esta informaci\u00f3n, comp\u00e1rtela en tus redes sociales.<\/p>\n","protected":false},"excerpt":{"rendered":"<p>Views: 9 . . Se Reforma la Ley del Seguro Social (LSS) en materia de herramientas digitales, se implementa el&nbsp;\u201cBuz\u00f3n IMSS\u201d para tr\u00e1mites. Esta herramienta ser\u00e1 administrada por el IMSS y establecida en su p\u00e1gina de Internet, en este Buz\u00f3n se podr\u00e1n realizar notificaciones de cualquier acto, requerimiento o resoluci\u00f3n administrativa que se emita en&nbsp;documentos [&hellip;]<\/p>\n","protected":false},"author":3,"featured_media":28302,"comment_status":"closed","ping_status":"open","sticky":false,"template":"","format":"standard","meta":{"_jetpack_memberships_contains_paid_content":false,"footnotes":""},"categories":[4],"tags":[],"jetpack_sharing_enabled":true,"jetpack_featured_media_url":"http:\/\/www.salgadonoticias.com\/wp-content\/uploads\/2024\/06\/buzon.jpg","_links":{"self":[{"href":"http:\/\/www.salgadonoticias.com\/index.php?rest_route=\/wp\/v2\/posts\/28298"}],"collection":[{"href":"http:\/\/www.salgadonoticias.com\/index.php?rest_route=\/wp\/v2\/posts"}],"about":[{"href":"http:\/\/www.salgadonoticias.com\/index.php?rest_route=\/wp\/v2\/types\/post"}],"author":[{"embeddable":true,"href":"http:\/\/www.salgadonoticias.com\/index.php?rest_route=\/wp\/v2\/users\/3"}],"replies":[{"embeddable":true,"href":"http:\/\/www.salgadonoticias.com\/index.php?rest_route=%2Fwp%2Fv2%2Fcomments&post=28298"}],"version-history":[{"count":5,"href":"http:\/\/www.salgadonoticias.com\/index.php?rest_route=\/wp\/v2\/posts\/28298\/revisions"}],"predecessor-version":[{"id":28321,"href":"http:\/\/www.salgadonoticias.com\/index.php?rest_route=\/wp\/v2\/posts\/28298\/revisions\/28321"}],"wp:featuredmedia":[{"embeddable":true,"href":"http:\/\/www.salgadonoticias.com\/index.php?rest_route=\/wp\/v2\/media\/28302"}],"wp:attachment":[{"href":"http:\/\/www.salgadonoticias.com\/index.php?rest_route=%2Fwp%2Fv2%2Fmedia&parent=28298"}],"wp:term":[{"taxonomy":"category","embeddable":true,"href":"http:\/\/www.salgadonoticias.com\/index.php?rest_route=%2Fwp%2Fv2%2Fcategories&post=28298"},{"taxonomy":"post_tag","embeddable":true,"href":"http:\/\/www.salgadonoticias.com\/index.php?rest_route=%2Fwp%2Fv2%2Ftags&post=28298"}],"curies":[{"name":"wp","href":"https:\/\/api.w.org\/{rel}","templated":true}]}}