{"id":28306,"date":"2024-06-11T02:16:00","date_gmt":"2024-06-11T07:16:00","guid":{"rendered":"https:\/\/www.salgadonoticias.com\/?p=28306"},"modified":"2024-06-11T19:27:10","modified_gmt":"2024-06-12T00:27:10","slug":"pensionados-podran-asegurar-a-menores-cuando-tengan-la-custodia-o-tutela","status":"publish","type":"post","link":"http:\/\/www.salgadonoticias.com\/?p=28306","title":{"rendered":"ABUELOS podr\u00e1n ASEGURAR a menores cuando TENGAN la Custodia o Tutela&#8230;!!!"},"content":{"rendered":"<p>Views: 8<\/p>\n<p>.<\/p>\n\n\n\n<figure class=\"wp-block-embed is-type-video is-provider-youtube wp-block-embed-youtube wp-embed-aspect-16-9 wp-has-aspect-ratio\"><div class=\"wp-block-embed__wrapper\">\n<iframe loading=\"lazy\" title=\"Dos breves pero importantes: Buz\u00f3n IMSS y Abuelos podr\u00e1n Asegurar a Menores\" width=\"640\" height=\"360\" src=\"https:\/\/www.youtube.com\/embed\/8CCr0rOBSFw?feature=oembed\" frameborder=\"0\" allow=\"accelerometer; autoplay; clipboard-write; encrypted-media; gyroscope; picture-in-picture; web-share\" referrerpolicy=\"strict-origin-when-cross-origin\" allowfullscreen><\/iframe>\n<\/div><\/figure>\n\n\n\n<p>.<\/p>\n\n\n\n<p>Se <strong>reforman<\/strong> <strong>Leyes del IMSS e ISSSTE<\/strong>, con esto a partir de esta semana los <strong><mark style=\"background-color:rgba(0, 0, 0, 0);color:#900606\" class=\"has-inline-color\">menores de 16 a\u00f1os<\/mark><\/strong> sobre los que el <mark style=\"background-color:#f2ba93\" class=\"has-inline-color\"><strong>asegurado o pensionado<\/strong> <strong>EJERZA<\/strong><\/mark><strong> <\/strong>la<strong> <mark style=\"background-color:rgba(0, 0, 0, 0);color:#068e5c\" class=\"has-inline-color\">patria potestad o guarda y custodia o tutela<\/mark><\/strong>, <span style=\"text-decoration: underline;\">acreditada por Sentencia Judicial<\/span>, tendr\u00e1n <strong><mark style=\"background-color:rgba(0, 0, 0, 0);color:#990505\" class=\"has-inline-color\">DERECHO a seguro social<\/mark><\/strong>. En el caso del ISSSTE la edad es de 18 a\u00f1os.<\/p>\n\n\n\n<p>.<\/p>\n\n\n\n<p>Esto quiere decir que los <strong><mark style=\"background-color:#c2ff9f\" class=\"has-inline-color\">abuelos que tengan bajo su cuidado a nietos podr\u00e1n asegurarlos en el IMSS o en su caso, ante el ISSSTE<\/mark><\/strong>. Tambi\u00e9n podr\u00e1 <strong><mark style=\"background-color:rgba(0, 0, 0, 0);color:#210690\" class=\"has-inline-color\">aplicar<\/mark><\/strong> para otros miembros de la familia, como<strong> <mark style=\"background-color:rgba(0, 0, 0, 0);color:#1b07e3\" class=\"has-inline-color\">t\u00edos<\/mark><\/strong>, que tengan bajo su responsabilidad al menor.<\/p>\n\n\n\n<p>.<\/p>\n\n\n\n<p>.<\/p>\n\n\n\n<p class=\"wp-embed-aspect-16-9 wp-has-aspect-ratio\">Si estas en el <strong><mark><mark style=\"background-color:#ffffff\" class=\"has-inline-color has-vivid-red-color\">Extranjero<\/mark><mark style=\"background-color:#ffffff\" class=\"has-inline-color\"> <\/mark><\/mark><\/strong>nosotros somos tu<mark style=\"background-color:rgba(0, 0, 0, 0)\" class=\"has-inline-color has-vivid-green-cyan-color\"> <strong>mejor<\/strong><\/mark><mark style=\"background-color:#ffffff\" class=\"has-inline-color\"> alternativa para <\/mark><strong><mark style=\"background-color:#ffffff\" class=\"has-inline-color has-luminous-vivid-orange-color\">velar<\/mark><\/strong><mark style=\"background-color:#ffffff\" class=\"has-inline-color\"> por tus <\/mark><strong><mark style=\"background-color:#ffffff;color:#0c74b0\" class=\"has-inline-color\">intereses<\/mark><\/strong>, escr\u00edbenos o ll\u00e1manos al Tel <strong>55581-11311<\/strong>.<\/p>\n\n\n\n<p class=\"wp-embed-aspect-16-9 wp-has-aspect-ratio\" id=\"block-3f0cb649-4142-417f-be85-20a82a0deacc\">.<\/p>\n\n\n\n<p class=\"wp-embed-aspect-16-9 wp-has-aspect-ratio\" id=\"block-0be85f9b-a54a-48a5-8974-f500a542213b\">Cuando<strong> necesites<\/strong> ayuda, <strong>asistencia<\/strong> o <strong>planeaci\u00f3n<\/strong> legal, <strong>solicita<\/strong> <strong>Cita Privada<\/strong> <a href=\"mailto:bi@sm99.mx\" target=\"_blank\" rel=\"noreferrer noopener\"><strong>Aqu\u00ed<\/strong><\/a><\/p>\n\n\n\n<p class=\"wp-embed-aspect-16-9 wp-has-aspect-ratio\" id=\"block-53241420-9292-48b8-993b-967038d0604a\">La informaci\u00f3n que AQU\u00cd te presentamos <strong>deriva<\/strong> de los <strong>Peri\u00f3dicos Oficiales <\/strong>de la<strong> CdMx<\/strong>, <strong>Estado<\/strong> de Mex., Diario <strong>Oficial<\/strong> de la Federaci\u00f3n, Suprema Corte de<strong> Justicia<\/strong> de la Naci\u00f3n, por lo tanto es de <strong>aplicaci\u00f3n OBLIGATORIA<\/strong>.<\/p>\n\n\n\n<p>La informaci\u00f3n del d\u00eda de hoy procede del Diario Oficial<\/p>\n\n\n\n<p class=\"wp-embed-aspect-16-9 wp-has-aspect-ratio\" id=\"block-3ea95020-128c-4e7d-9308-d73669c4f2be\"><strong><mark style=\"background-color:rgba(0, 0, 0, 0);color:#d9610b\" class=\"has-inline-color\">AYUDANOS<\/mark> <\/strong>para que m\u00e1s personas conozcan esta informaci\u00f3n, comp\u00e1rtela en tus redes sociales.<\/p>\n","protected":false},"excerpt":{"rendered":"<p>Views: 8 . . Se reforman Leyes del IMSS e ISSSTE, con esto a partir de esta semana los menores de 16 a\u00f1os sobre los que el asegurado o pensionado EJERZA la patria potestad o guarda y custodia o tutela, acreditada por Sentencia Judicial, tendr\u00e1n DERECHO a seguro social. En el caso del ISSSTE la [&hellip;]<\/p>\n","protected":false},"author":3,"featured_media":28308,"comment_status":"closed","ping_status":"open","sticky":false,"template":"","format":"standard","meta":{"_jetpack_memberships_contains_paid_content":false,"footnotes":""},"categories":[4],"tags":[],"jetpack_sharing_enabled":true,"jetpack_featured_media_url":"http:\/\/www.salgadonoticias.com\/wp-content\/uploads\/2024\/06\/seguro.jpg","_links":{"self":[{"href":"http:\/\/www.salgadonoticias.com\/index.php?rest_route=\/wp\/v2\/posts\/28306"}],"collection":[{"href":"http:\/\/www.salgadonoticias.com\/index.php?rest_route=\/wp\/v2\/posts"}],"about":[{"href":"http:\/\/www.salgadonoticias.com\/index.php?rest_route=\/wp\/v2\/types\/post"}],"author":[{"embeddable":true,"href":"http:\/\/www.salgadonoticias.com\/index.php?rest_route=\/wp\/v2\/users\/3"}],"replies":[{"embeddable":true,"href":"http:\/\/www.salgadonoticias.com\/index.php?rest_route=%2Fwp%2Fv2%2Fcomments&post=28306"}],"version-history":[{"count":6,"href":"http:\/\/www.salgadonoticias.com\/index.php?rest_route=\/wp\/v2\/posts\/28306\/revisions"}],"predecessor-version":[{"id":28322,"href":"http:\/\/www.salgadonoticias.com\/index.php?rest_route=\/wp\/v2\/posts\/28306\/revisions\/28322"}],"wp:featuredmedia":[{"embeddable":true,"href":"http:\/\/www.salgadonoticias.com\/index.php?rest_route=\/wp\/v2\/media\/28308"}],"wp:attachment":[{"href":"http:\/\/www.salgadonoticias.com\/index.php?rest_route=%2Fwp%2Fv2%2Fmedia&parent=28306"}],"wp:term":[{"taxonomy":"category","embeddable":true,"href":"http:\/\/www.salgadonoticias.com\/index.php?rest_route=%2Fwp%2Fv2%2Fcategories&post=28306"},{"taxonomy":"post_tag","embeddable":true,"href":"http:\/\/www.salgadonoticias.com\/index.php?rest_route=%2Fwp%2Fv2%2Ftags&post=28306"}],"curies":[{"name":"wp","href":"https:\/\/api.w.org\/{rel}","templated":true}]}}