{"id":28968,"date":"2024-07-31T00:40:00","date_gmt":"2024-07-31T05:40:00","guid":{"rendered":"https:\/\/www.salgadonoticias.com\/?p=28968"},"modified":"2024-07-31T11:21:04","modified_gmt":"2024-07-31T16:21:04","slug":"28968","status":"publish","type":"post","link":"http:\/\/www.salgadonoticias.com\/?p=28968","title":{"rendered":"Se DEBE definir la Calidad de CAUSAHABIENTE Antes de ADMITIR o DESECHAR Amparo&#8230;!!!"},"content":{"rendered":"<p>Views: 22<\/p>\n<p>.<\/p>\n\n\n\n<p>Este <strong>ANTECEDENTE<\/strong>.<\/p>\n\n\n\n<p><strong>Surge<\/strong> luego de que un Juez de Distrito <strong>desecho una demanda de Amparo<\/strong> <mark style=\"background-color:#ff6900\" class=\"has-inline-color\">al considerar que No ten\u00eda un fundamento legal claro y evidente para continuar<\/mark>. \u00a0<\/p>\n\n\n\n<p>Esto <strong><mark style=\"background-color:rgba(0, 0, 0, 0)\" class=\"has-inline-color has-vivid-red-color\">porque quien lo promovi\u00f3 como tercero interesado<\/mark><\/strong>, <strong><mark style=\"background-color:#fcb900\" class=\"has-inline-color\">en realidad ten\u00eda la calidad de causahabiente<\/mark><\/strong> del demandado en el juicio de origen y debido a esta relaci\u00f3n el juez consider\u00f3 que dicha demanda era improcedente.<\/p>\n\n\n\n<p>.<\/p>\n\n\n\n<p>La <strong>Suprema Corte de Justicia <\/strong>ante lo anterior <strong><mark style=\"background-color:rgba(0, 0, 0, 0);color:#ae1004\" class=\"has-inline-color\">DETERMIN\u00d3<\/mark> <\/strong>que <strong><mark style=\"background-color:#c3f87d\" class=\"has-inline-color\">ANTES de desechar<\/mark><\/strong> una demanda de <mark style=\"background-color:rgba(0, 0, 0, 0);color:#c90469\" class=\"has-inline-color\"><strong>Amparo<\/strong> los <strong>Jueces<\/strong> <strong>DEBEN<\/strong> <\/mark><strong><mark style=\"background-color:#cf2e2e\" class=\"has-inline-color has-white-color\">definir la calidad del Tercero extra\u00f1o<\/mark><\/strong>, o de parte, que corresponda al que califica como causahabiente.<\/p>\n\n\n\n<p>.<\/p>\n\n\n\n<p>La justificaci\u00f3n de la  <strong>SCJN <\/strong>es que de conformidad con el art\u00edculo 113 de la Ley Reglamentaria de los Art\u00edculos 103 y 107 Constitucionales, <strong><mark style=\"background-color:#b7f6df\" class=\"has-inline-color\">para desechar una demanda de amparo es indispensable que la improcedencia sea indudable y manifiesta<\/mark><\/strong>, por tenerse de antemano la certeza de que la sustanciaci\u00f3n del procedimiento no podr\u00eda llevar a una convicci\u00f3n distinta. <\/p>\n\n\n\n<p>Pero, si desde el punto de vista de la ley sustantiva se reputa <mark style=\"background-color:rgba(0, 0, 0, 0);color:#8f3f05\" class=\"has-inline-color\"><strong>causahabiente al sucesor a t\u00edtulo universal o particular de los derechos de una persona<\/strong>, <\/mark><mark style=\"background-color:rgba(0, 0, 0, 0)\" class=\"has-inline-color has-black-color\">y es cierto que por virtud de la causahabiencia el concepto de parte en un negocio jur\u00eddico<\/mark><mark style=\"background-color:rgba(0, 0, 0, 0);color:#8f3f05\" class=\"has-inline-color\"> <strong>se extiende a la persona que sustituye al causante<\/strong>, <strong>de manera que no<\/strong><\/mark><strong> se le puede tener como tercero<\/strong> a pesar de no haber intervenido en su celebraci\u00f3n.<\/p>\n\n\n\n<p><em><strong> <mark style=\"background-color:#96f12d\" class=\"has-inline-color\">Sin embargo, para determinar si una persona tiene la calidad de causahabiente y debe soportar las consecuencias de lo actuado en un juicio en el que nominalmente no ha figurado como parte, es indispensable atender no s\u00f3lo al hecho de que haya existido una transmisi\u00f3n de derechos de una persona a otra<\/mark><\/strong><\/em>, sino a un c\u00famulo de circunstancias que por su naturaleza no son susceptibles de ser examinadas mediante un estudio de extensi\u00f3n tan limitada como es el que se hace para el efecto de proveer sobre la admisi\u00f3n o desechamiento de una demanda de amparo, <strong><mark style=\"background-color:rgba(0, 0, 0, 0)\" class=\"has-inline-color has-vivid-red-color\">pues se hace necesario esclarecer<\/mark><\/strong>, por ejemplo, <strong><mark style=\"background-color:#9b51e0\" class=\"has-inline-color has-white-color\">si la transmisi\u00f3n ha sido anterior o posterior al juicio correspondiente<\/mark><\/strong>, y en algunos casos, si \u00e9ste fue o no del conocimiento de los supuestos causahabientes, ya sea a trav\u00e9s de inscripciones registrales o por otro medio, etc.<\/p>\n\n\n\n<p>Por tanto, el<mark style=\"background-color:rgba(0, 0, 0, 0);color:#a50848\" class=\"has-inline-color\"> <strong>car\u00e1cter de causahabiente<\/strong> <\/mark><mark style=\"background-color:rgba(0, 0, 0, 0)\" class=\"has-inline-color has-black-color\">est\u00e1 frecuentemente<\/mark><mark style=\"background-color:rgba(0, 0, 0, 0);color:#a50848\" class=\"has-inline-color\"> <strong>vinculado<\/strong><\/mark><mark style=\"background-color:rgba(0, 0, 0, 0)\" class=\"has-inline-color has-black-color\"> con el tema relativo a la<\/mark><mark style=\"background-color:rgba(0, 0, 0, 0);color:#a50848\" class=\"has-inline-color\"> <strong>violaci\u00f3n <\/strong><\/mark><mark style=\"background-color:rgba(0, 0, 0, 0)\" class=\"has-inline-color has-black-color\">del <\/mark><mark style=\"background-color:rgba(0, 0, 0, 0);color:#a50848\" class=\"has-inline-color\"><strong>derecho de audiencia<\/strong>, <\/mark><mark style=\"background-color:rgba(0, 0, 0, 0)\" class=\"has-inline-color has-black-color\">pudiendo suceder que la<\/mark><mark style=\"background-color:rgba(0, 0, 0, 0);color:#a50848\" class=\"has-inline-color\"> f<strong>igura de causahabiente conduzca en realidad a negar o conceder el amparo<\/strong><\/mark>, seg\u00fan la situaci\u00f3n particular de cada caso; razones por las que no puede operar de modo manifiesto e indudable la causa de improcedencia basada en la calidad de causahabiente que se atribuya a la parte quejosa.<\/p>\n\n\n\n<p>.<\/p>\n\n\n\n<p>.<\/p>\n\n\n\n<p>Esta <strong><mark style=\"background-color:#b0dbf7\" class=\"has-inline-color\">RESOLUCI\u00d3N <\/mark><\/strong>es de <strong>aplicaci\u00f3n <mark style=\"background-color:rgba(0, 0, 0, 0);color:#9c0404\" class=\"has-inline-color\">OBLIGATORIA<\/mark> <\/strong>en todo el pa\u00eds a partir de esta semana.<\/p>\n\n\n\n<p><strong><mark style=\"background-color:rgba(0, 0, 0, 0);color:#027e9e\" class=\"has-inline-color\">Jurisprudencia COM\u00daN<\/mark><\/strong><\/p>\n\n\n\n<p>.<\/p>\n\n\n\n<p class=\"wp-embed-aspect-16-9 wp-has-aspect-ratio\">Si estas en el <strong><mark style=\"background-color:rgba(0, 0, 0, 0)\" class=\"has-inline-color has-vivid-red-color\">Extranjero <\/mark><\/strong>nosotros somos tu <strong><mark style=\"background-color:rgba(0, 0, 0, 0)\" class=\"has-inline-color has-vivid-green-cyan-color\">mejor<\/mark><\/strong> alternativa para <strong><mark style=\"background-color:rgba(0, 0, 0, 0)\" class=\"has-inline-color has-luminous-vivid-orange-color\">velar<\/mark><\/strong> por tus <strong><mark style=\"background-color:rgba(0, 0, 0, 0)\" class=\"has-inline-color has-vivid-cyan-blue-color\">intereses<\/mark><\/strong>, escr\u00edbenos o ll\u00e1manos al Tel <strong>55581-11311<\/strong>.<\/p>\n\n\n\n<p class=\"wp-embed-aspect-16-9 wp-has-aspect-ratio\">.<\/p>\n\n\n\n<p class=\"wp-embed-aspect-16-9 wp-has-aspect-ratio\">Cuando<strong> necesites<\/strong> ayuda, <strong>asistencia<\/strong> o <strong>planeaci\u00f3n<\/strong> legal, <strong>solicita<\/strong> <strong>Cita Privada<\/strong> <a rel=\"noreferrer noopener\" href=\"mailto:bi@sm99.mx\" target=\"_blank\"><strong>Aqu\u00ed<\/strong><\/a><\/p>\n\n\n\n<p class=\"wp-embed-aspect-16-9 wp-has-aspect-ratio\">La informaci\u00f3n que AQU\u00cd te presentamos <strong>deriva<\/strong> de los <strong>Peri\u00f3dicos Oficiales <\/strong>de la<strong> CdMx<\/strong>, <strong>Estado<\/strong> de Mex., Diario <strong>Oficial<\/strong> de la Federaci\u00f3n, Suprema Corte de<strong> Justicia<\/strong> de la Naci\u00f3n, por lo tanto es de <strong>aplicaci\u00f3n OBLIGATORIA<\/strong><\/p>\n\n\n\n<p class=\"wp-embed-aspect-16-9 wp-has-aspect-ratio\">La <strong>informaci\u00f3n<\/strong> de hoy procede de la Suprema Corte de Justicia<\/p>\n\n\n\n<p class=\"wp-embed-aspect-16-9 wp-has-aspect-ratio\"><strong><mark style=\"background-color:rgba(0, 0, 0, 0)\" class=\"has-inline-color has-luminous-vivid-orange-color\">AY\u00daDANOS<\/mark><\/strong> para que m\u00e1s personas conozcan esta informaci\u00f3n, <strong>Comp\u00e1rtelo<\/strong> en tus redes sociales.<\/p>\n","protected":false},"excerpt":{"rendered":"<p>Views: 22 . Este ANTECEDENTE. Surge luego de que un Juez de Distrito desecho una demanda de Amparo al considerar que No ten\u00eda un fundamento legal claro y evidente para continuar. \u00a0 Esto porque quien lo promovi\u00f3 como tercero interesado, en realidad ten\u00eda la calidad de causahabiente del demandado en el juicio de origen y [&hellip;]<\/p>\n","protected":false},"author":3,"featured_media":29004,"comment_status":"closed","ping_status":"open","sticky":false,"template":"","format":"standard","meta":{"_jetpack_memberships_contains_paid_content":false,"footnotes":""},"categories":[4],"tags":[],"jetpack_sharing_enabled":true,"jetpack_featured_media_url":"http:\/\/www.salgadonoticias.com\/wp-content\/uploads\/2024\/07\/amparo.jpg","_links":{"self":[{"href":"http:\/\/www.salgadonoticias.com\/index.php?rest_route=\/wp\/v2\/posts\/28968"}],"collection":[{"href":"http:\/\/www.salgadonoticias.com\/index.php?rest_route=\/wp\/v2\/posts"}],"about":[{"href":"http:\/\/www.salgadonoticias.com\/index.php?rest_route=\/wp\/v2\/types\/post"}],"author":[{"embeddable":true,"href":"http:\/\/www.salgadonoticias.com\/index.php?rest_route=\/wp\/v2\/users\/3"}],"replies":[{"embeddable":true,"href":"http:\/\/www.salgadonoticias.com\/index.php?rest_route=%2Fwp%2Fv2%2Fcomments&post=28968"}],"version-history":[{"count":10,"href":"http:\/\/www.salgadonoticias.com\/index.php?rest_route=\/wp\/v2\/posts\/28968\/revisions"}],"predecessor-version":[{"id":29015,"href":"http:\/\/www.salgadonoticias.com\/index.php?rest_route=\/wp\/v2\/posts\/28968\/revisions\/29015"}],"wp:featuredmedia":[{"embeddable":true,"href":"http:\/\/www.salgadonoticias.com\/index.php?rest_route=\/wp\/v2\/media\/29004"}],"wp:attachment":[{"href":"http:\/\/www.salgadonoticias.com\/index.php?rest_route=%2Fwp%2Fv2%2Fmedia&parent=28968"}],"wp:term":[{"taxonomy":"category","embeddable":true,"href":"http:\/\/www.salgadonoticias.com\/index.php?rest_route=%2Fwp%2Fv2%2Fcategories&post=28968"},{"taxonomy":"post_tag","embeddable":true,"href":"http:\/\/www.salgadonoticias.com\/index.php?rest_route=%2Fwp%2Fv2%2Ftags&post=28968"}],"curies":[{"name":"wp","href":"https:\/\/api.w.org\/{rel}","templated":true}]}}