{"id":28989,"date":"2024-08-03T01:06:00","date_gmt":"2024-08-03T06:06:00","guid":{"rendered":"https:\/\/www.salgadonoticias.com\/?p=28989"},"modified":"2024-08-05T12:51:54","modified_gmt":"2024-08-05T17:51:54","slug":"ya-tenemos-el-dia-del-senalamiento-maritimo","status":"publish","type":"post","link":"http:\/\/www.salgadonoticias.com\/?p=28989","title":{"rendered":"Ya Tenemos el D\u00eda del SE\u00d1ALAMIENTO MAR\u00cdTIMO &#8230;!!!"},"content":{"rendered":"<p>Views: 1<\/p>\n<p>.<\/p>\n\n\n\n<p>Este se celebrar\u00e1 el<strong><mark style=\"background-color:rgba(0, 0, 0, 0);color:#950606\" class=\"has-inline-color\"> <\/mark><mark style=\"background-color:rgba(0, 0, 0, 0);color:#9d0808\" class=\"has-inline-color\">30 de mayo<\/mark><\/strong> de <strong>cada a\u00f1o<\/strong>; esta conmemoraci\u00f3n se establece con la finalidad &#8220;dicen las autoridades&#8221; de <strong><mark style=\"background-color:#f3d78b\" class=\"has-inline-color\">enaltecer la Se\u00f1alamiento Mar\u00edtimo<\/mark><\/strong>. <\/p>\n\n\n\n<p>Pero que es y para que sirve el <strong><mark style=\"background-color:rgba(0, 0, 0, 0);color:#040276\" class=\"has-inline-color\">Se\u00f1alamiento Mar\u00edtimo<\/mark><\/strong>:<\/p>\n\n\n\n<p>Es considerado como un <mark style=\"background-color:rgba(0, 0, 0, 0);color:#8a0101\" class=\"has-inline-color\"><strong>Apoyo<\/strong> <strong>FUNDAMENTAL<\/strong><\/mark> para la <mark style=\"background-color:#f09db1\" class=\"has-inline-color\"><strong>navegaci\u00f3n mar\u00edtima, fluvial o lacustre<\/strong>. <strong>Garantiza la salva guarda de la vida humana en el mar<\/strong><\/mark> y al mismo tiempo <strong><mark style=\"background-color:#b5f0d8\" class=\"has-inline-color\">proporciona las herramientas y medios necesarios al navegante<\/mark><\/strong> para poder <strong>dirigir<\/strong> un buque o cualquier tipo de nave o embarcaci\u00f3n por <strong><mark style=\"background-color:#a7ebd0\" class=\"has-inline-color\">lugares libres de peligro, entradas, salidas, trayecto y arribo en puertos sin riesgo<\/mark><\/strong> a encallar o da\u00f1ar la embarcaci\u00f3n.<\/p>\n\n\n\n<p>.<\/p>\n\n\n\n<p>.<\/p>\n\n\n\n<p class=\"wp-embed-aspect-16-9 wp-has-aspect-ratio\">Si estas en el <strong><mark style=\"background-color:rgba(0, 0, 0, 0)\" class=\"has-inline-color has-vivid-red-color\">Extranjero <\/mark><\/strong>nosotros somos tu <strong><mark style=\"background-color:rgba(0, 0, 0, 0)\" class=\"has-inline-color has-vivid-green-cyan-color\">mejor<\/mark><\/strong> alternativa para <strong><mark style=\"background-color:rgba(0, 0, 0, 0)\" class=\"has-inline-color has-luminous-vivid-orange-color\">velar<\/mark><\/strong> por tus <strong><mark style=\"background-color:rgba(0, 0, 0, 0)\" class=\"has-inline-color has-vivid-cyan-blue-color\">intereses<\/mark><\/strong>, escr\u00edbenos o ll\u00e1manos al Tel <strong>55581-11311<\/strong>.<\/p>\n\n\n\n<p>.<\/p>\n\n\n\n<p>Cuando<strong> necesites<\/strong> ayuda, <strong>asistencia<\/strong> o <strong>planeaci\u00f3n<\/strong> legal, <strong>solicita<\/strong> <strong>Cita Privada<\/strong> <a rel=\"noreferrer noopener\" href=\"mailto:bi@sm99.mx\" target=\"_blank\"><strong>Aqu\u00ed<\/strong><\/a><\/p>\n\n\n\n<p>La informaci\u00f3n que AQU\u00cd te presentamos <strong>deriva<\/strong> de los <strong>Peri\u00f3dicos Oficiales <\/strong>de la<strong> CdMx<\/strong>, <strong>Estado<\/strong> de Mex., Diario <strong>Oficial<\/strong> de la Federaci\u00f3n, Suprema Corte de<strong> Justicia<\/strong> de la Naci\u00f3n, por lo tanto es de <strong>aplicaci\u00f3n OBLIGATORIA<\/strong><\/p>\n\n\n\n<p>La <strong>informaci\u00f3n<\/strong> de hoy procede del Diario Oficial<\/p>\n\n\n\n<p><strong><mark style=\"background-color:rgba(0, 0, 0, 0)\" class=\"has-inline-color has-luminous-vivid-orange-color\">AY\u00daDANOS<\/mark><\/strong> para que m\u00e1s personas conozcan esta informaci\u00f3n, <strong>Comp\u00e1rtelo<\/strong> en tus redes sociales.<\/p>\n","protected":false},"excerpt":{"rendered":"<p>Views: 1 . Este se celebrar\u00e1 el 30 de mayo de cada a\u00f1o; esta conmemoraci\u00f3n se establece con la finalidad &#8220;dicen las autoridades&#8221; de enaltecer la Se\u00f1alamiento Mar\u00edtimo. Pero que es y para que sirve el Se\u00f1alamiento Mar\u00edtimo: Es considerado como un Apoyo FUNDAMENTAL para la navegaci\u00f3n mar\u00edtima, fluvial o lacustre. Garantiza la salva guarda [&hellip;]<\/p>\n","protected":false},"author":3,"featured_media":28991,"comment_status":"closed","ping_status":"open","sticky":false,"template":"","format":"standard","meta":{"_jetpack_memberships_contains_paid_content":false,"footnotes":""},"categories":[4],"tags":[],"jetpack_sharing_enabled":true,"jetpack_featured_media_url":"http:\/\/www.salgadonoticias.com\/wp-content\/uploads\/2024\/08\/senalamiento.webp","_links":{"self":[{"href":"http:\/\/www.salgadonoticias.com\/index.php?rest_route=\/wp\/v2\/posts\/28989"}],"collection":[{"href":"http:\/\/www.salgadonoticias.com\/index.php?rest_route=\/wp\/v2\/posts"}],"about":[{"href":"http:\/\/www.salgadonoticias.com\/index.php?rest_route=\/wp\/v2\/types\/post"}],"author":[{"embeddable":true,"href":"http:\/\/www.salgadonoticias.com\/index.php?rest_route=\/wp\/v2\/users\/3"}],"replies":[{"embeddable":true,"href":"http:\/\/www.salgadonoticias.com\/index.php?rest_route=%2Fwp%2Fv2%2Fcomments&post=28989"}],"version-history":[{"count":3,"href":"http:\/\/www.salgadonoticias.com\/index.php?rest_route=\/wp\/v2\/posts\/28989\/revisions"}],"predecessor-version":[{"id":29080,"href":"http:\/\/www.salgadonoticias.com\/index.php?rest_route=\/wp\/v2\/posts\/28989\/revisions\/29080"}],"wp:featuredmedia":[{"embeddable":true,"href":"http:\/\/www.salgadonoticias.com\/index.php?rest_route=\/wp\/v2\/media\/28991"}],"wp:attachment":[{"href":"http:\/\/www.salgadonoticias.com\/index.php?rest_route=%2Fwp%2Fv2%2Fmedia&parent=28989"}],"wp:term":[{"taxonomy":"category","embeddable":true,"href":"http:\/\/www.salgadonoticias.com\/index.php?rest_route=%2Fwp%2Fv2%2Fcategories&post=28989"},{"taxonomy":"post_tag","embeddable":true,"href":"http:\/\/www.salgadonoticias.com\/index.php?rest_route=%2Fwp%2Fv2%2Ftags&post=28989"}],"curies":[{"name":"wp","href":"https:\/\/api.w.org\/{rel}","templated":true}]}}