{"id":29033,"date":"2024-08-02T01:37:00","date_gmt":"2024-08-02T06:37:00","guid":{"rendered":"https:\/\/www.salgadonoticias.com\/?p=29033"},"modified":"2024-08-02T18:23:20","modified_gmt":"2024-08-02T23:23:20","slug":"29033","status":"publish","type":"post","link":"http:\/\/www.salgadonoticias.com\/?p=29033","title":{"rendered":"No es DISCRIMINACI\u00d3N Cualquier OFENSA o FALTA de Respeto \u2026!!!"},"content":{"rendered":"<p>Views: 3<\/p>\n<p>.<\/p>\n\n\n\n<figure class=\"wp-block-embed is-type-video is-provider-youtube wp-block-embed-youtube wp-embed-aspect-16-9 wp-has-aspect-ratio\"><div class=\"wp-block-embed__wrapper\">\n<iframe loading=\"lazy\" title=\"No es DISCRIMINACI\u00d3N Cualquiera OFENSA o FALTA de Respeto...!!!\" width=\"640\" height=\"360\" src=\"https:\/\/www.youtube.com\/embed\/HFr0-2Suu1I?feature=oembed\" frameborder=\"0\" allow=\"accelerometer; autoplay; clipboard-write; encrypted-media; gyroscope; picture-in-picture; web-share\" referrerpolicy=\"strict-origin-when-cross-origin\" allowfullscreen><\/iframe>\n<\/div><\/figure>\n\n\n\n<p>.<\/p>\n\n\n\n<p>Este ANTECEDENTE:<\/p>\n\n\n\n<p>Surge luego de que, en la audiencia de impugnaci\u00f3n del <strong><mark style=\"background-color:rgba(0, 0, 0, 0)\" class=\"has-inline-color has-luminous-vivid-orange-color\">no ejercicio de la acci\u00f3n penal<\/mark><\/strong> con respecto de una <strong><mark style=\"background-color:rgba(0, 0, 0, 0);color:#bc540a\" class=\"has-inline-color\">carpeta<\/mark><\/strong> de investigaci\u00f3n seguida por el <strong><mark style=\"background-color:rgba(0, 0, 0, 0);color:#f30505\" class=\"has-inline-color\">delito de discriminaci\u00f3n<\/mark><\/strong>, el <strong>JUEZ<\/strong> <strong><mark style=\"background-color:#ff6900\" class=\"has-inline-color\">confirm\u00f3 esa determinaci\u00f3n<\/mark><\/strong>, luego de considerar que si bien los<mark style=\"background-color:rgba(0, 0, 0, 0);color:#033d5e\" class=\"has-inline-color\"> <strong>inculpados expresaron agresiones verbales<\/strong> <strong>hacia la v\u00edctima e hicieron alusi\u00f3n a la enfermedad que padece<\/strong><\/mark>, ello era insuficiente para <mark style=\"background-color:#fcb900\" class=\"has-inline-color\">considerar actualizado el delito de discriminaci\u00f3n<\/mark>. (Art. 357 C\u00f3digo Penal de Puebla)<\/p>\n\n\n\n<p>.<\/p>\n\n\n\n<p>Ante lo anterior la <strong><mark style=\"background-color:rgba(0, 0, 0, 0);color:#24057c\" class=\"has-inline-color\">Suprema Corte de Justicia<\/mark> <\/strong>a trav\u00e9s de su Tribunal Colegiado, <strong><mark style=\"background-color:rgba(0, 0, 0, 0);color:#7a0505\" class=\"has-inline-color\">DETERMIN\u00d3<\/mark> <\/strong>que para que se <strong><mark style=\"background-color:#f6afc0\" class=\"has-inline-color\">configure el delito de discriminaci\u00f3n<\/mark><\/strong> <strong>DEBE<\/strong> <strong><mark style=\"background-color:#fbe641\" class=\"has-inline-color\">EXISTIR la INTECI\u00d3N de la persona acusada de nulificar o da\u00f1ar los derechos y libertades de la v\u00edctima.<\/mark><\/strong><\/p>\n\n\n\n<p>Esto es que, <em>no basta que se realice una acci\u00f3n discriminatoria<\/em>; sino que <strong>es determinante que dicha acci\u00f3n<\/strong> se lleve a cabo con la <strong><mark style=\"background-color:#cf2e2e\" class=\"has-inline-color has-white-color\">INTENCI\u00d3N espec\u00edfica de PERJUDICAR a la persona afectada<\/mark>.<\/strong><\/p>\n\n\n\n<p>.<\/p>\n\n\n\n<p>La justificaci\u00f3n de la <strong><mark style=\"background-color:rgba(0, 0, 0, 0);color:#1e0d9b\" class=\"has-inline-color\">SCJN<\/mark> <\/strong>es que el <strong><mark style=\"background-color:rgba(0, 0, 0, 0);color:#b24b02\" class=\"has-inline-color\">delito de discriminaci\u00f3n<\/mark><\/strong> previsto en el art. 357 del C\u00f3digo Penal en este caso de Puebla se <em><strong>prev\u00e9 un elemento relativo espec\u00edfico<\/strong><\/em>, <mark style=\"background-color:rgba(0, 0, 0, 0);color:#b50505\" class=\"has-inline-color\"><strong>distinto<\/strong> <strong>al dolo<\/strong>,<\/mark> <strong>necesario para que se actualice<\/strong>, el cual<mark style=\"background-color:#8df7b2\" class=\"has-inline-color\"> <strong>consiste en que los actos u omisiones dirigidos a obstaculizar, restringir, impedir, menoscabar o anular el reconocimiento, goce o ejercicio de los derechos humanos y libertades de la v\u00edctima<\/strong><\/mark>, se ejecuten con la intenci\u00f3n de causarle esa lesi\u00f3n o disminuci\u00f3n en sus derechos o libertades, al ubicarse en alguna categor\u00eda sospechosa prevista en el tipo penal, como lo son: su origen \u00e9tnico o nacional, raza, g\u00e9nero, edad, discapacidad, condici\u00f3n social o econ\u00f3mica, condiciones de salud, preferencias sexuales o profesi\u00f3n, u opiniones expresas.<\/p>\n\n\n\n<p>Por tanto, <strong><mark style=\"background-color:rgba(0, 0, 0, 0);color:#9d0505\" class=\"has-inline-color\">NO cualquier insulto<\/mark>,<\/strong> falta de respeto u ofensa <strong><mark style=\"background-color:rgba(0, 0, 0, 0);color:#9f0505\" class=\"has-inline-color\">podr\u00e1 configura el delito de discriminaci\u00f3n<\/mark><\/strong>, pues el solo hecho de verbalizar una expresi\u00f3n ofensiva basada en una categor\u00eda sospechosa no vulnera la esfera de derechos de la persona afectada.<\/p>\n\n\n\n<p>.<\/p>\n\n\n\n<p>Esta <strong><mark style=\"background-color:#a8f8ea\" class=\"has-inline-color\">RESOLUCI\u00d3N<\/mark> <\/strong>esta <strong><mark style=\"background-color:rgba(0, 0, 0, 0);color:#bc560d\" class=\"has-inline-color\">DISPONIBLE<\/mark> <\/strong>para quien la <strong><mark style=\"background-color:rgba(0, 0, 0, 0);color:#a20707\" class=\"has-inline-color\">haga Valer<\/mark><\/strong>.<\/p>\n\n\n\n<p><strong><mark style=\"background-color:rgba(0, 0, 0, 0);color:#330161\" class=\"has-inline-color\">Tesis PENAL<\/mark><\/strong><\/p>\n\n\n\n<p>.<\/p>\n\n\n\n<p class=\"wp-embed-aspect-16-9 wp-has-aspect-ratio\">Si estas en el <strong><mark style=\"background-color:rgba(0, 0, 0, 0)\" class=\"has-inline-color has-vivid-red-color\">Extranjero <\/mark><\/strong>nosotros somos tu <strong><mark style=\"background-color:rgba(0, 0, 0, 0)\" class=\"has-inline-color has-vivid-green-cyan-color\">mejor<\/mark><\/strong> alternativa para <strong><mark style=\"background-color:rgba(0, 0, 0, 0)\" class=\"has-inline-color has-luminous-vivid-orange-color\">velar<\/mark><\/strong> por tus <strong><mark style=\"background-color:rgba(0, 0, 0, 0)\" class=\"has-inline-color has-vivid-cyan-blue-color\">intereses<\/mark><\/strong>, escr\u00edbenos o ll\u00e1manos al Tel <strong>55581-11311<\/strong>.<\/p>\n\n\n\n<p>.<\/p>\n\n\n\n<p>Cuando<strong> necesites<\/strong> ayuda, <strong>asistencia<\/strong> o <strong>planeaci\u00f3n<\/strong> legal, <strong>solicita<\/strong> <strong>Cita Privada<\/strong> <a rel=\"noreferrer noopener\" href=\"mailto:bi@sm99.mx\" target=\"_blank\"><strong>Aqu\u00ed<\/strong><\/a><\/p>\n\n\n\n<p>La informaci\u00f3n que AQU\u00cd te presentamos <strong>deriva<\/strong> de los <strong>Peri\u00f3dicos Oficiales <\/strong>de la<strong> CdMx<\/strong>, <strong>Estado<\/strong> de Mex., Diario <strong>Oficial<\/strong> de la Federaci\u00f3n, Suprema Corte de<strong> Justicia<\/strong> de la Naci\u00f3n, por lo tanto es de <strong>aplicaci\u00f3n OBLIGATORIA<\/strong>.<\/p>\n\n\n\n<p>La informaci\u00f3n de hoy procede la Suprema Corte de Justicia<\/p>\n\n\n\n<p><strong><mark style=\"background-color:rgba(0, 0, 0, 0)\" class=\"has-inline-color has-luminous-vivid-orange-color\">AY\u00daDANOS<\/mark><\/strong> para que m\u00e1s personas conozcan esta informaci\u00f3n, <strong>Comp\u00e1rtelo<\/strong> en tus redes sociales.<\/p>\n","protected":false},"excerpt":{"rendered":"<p>Views: 3 . . Este ANTECEDENTE: Surge luego de que, en la audiencia de impugnaci\u00f3n del no ejercicio de la acci\u00f3n penal con respecto de una carpeta de investigaci\u00f3n seguida por el delito de discriminaci\u00f3n, el JUEZ confirm\u00f3 esa determinaci\u00f3n, luego de considerar que si bien los inculpados expresaron agresiones verbales hacia la v\u00edctima e [&hellip;]<\/p>\n","protected":false},"author":3,"featured_media":29035,"comment_status":"closed","ping_status":"open","sticky":false,"template":"","format":"standard","meta":{"_jetpack_memberships_contains_paid_content":false,"footnotes":""},"categories":[4],"tags":[],"jetpack_sharing_enabled":true,"jetpack_featured_media_url":"http:\/\/www.salgadonoticias.com\/wp-content\/uploads\/2024\/08\/discriminacion.jpg","_links":{"self":[{"href":"http:\/\/www.salgadonoticias.com\/index.php?rest_route=\/wp\/v2\/posts\/29033"}],"collection":[{"href":"http:\/\/www.salgadonoticias.com\/index.php?rest_route=\/wp\/v2\/posts"}],"about":[{"href":"http:\/\/www.salgadonoticias.com\/index.php?rest_route=\/wp\/v2\/types\/post"}],"author":[{"embeddable":true,"href":"http:\/\/www.salgadonoticias.com\/index.php?rest_route=\/wp\/v2\/users\/3"}],"replies":[{"embeddable":true,"href":"http:\/\/www.salgadonoticias.com\/index.php?rest_route=%2Fwp%2Fv2%2Fcomments&post=29033"}],"version-history":[{"count":8,"href":"http:\/\/www.salgadonoticias.com\/index.php?rest_route=\/wp\/v2\/posts\/29033\/revisions"}],"predecessor-version":[{"id":29060,"href":"http:\/\/www.salgadonoticias.com\/index.php?rest_route=\/wp\/v2\/posts\/29033\/revisions\/29060"}],"wp:featuredmedia":[{"embeddable":true,"href":"http:\/\/www.salgadonoticias.com\/index.php?rest_route=\/wp\/v2\/media\/29035"}],"wp:attachment":[{"href":"http:\/\/www.salgadonoticias.com\/index.php?rest_route=%2Fwp%2Fv2%2Fmedia&parent=29033"}],"wp:term":[{"taxonomy":"category","embeddable":true,"href":"http:\/\/www.salgadonoticias.com\/index.php?rest_route=%2Fwp%2Fv2%2Fcategories&post=29033"},{"taxonomy":"post_tag","embeddable":true,"href":"http:\/\/www.salgadonoticias.com\/index.php?rest_route=%2Fwp%2Fv2%2Ftags&post=29033"}],"curies":[{"name":"wp","href":"https:\/\/api.w.org\/{rel}","templated":true}]}}